{"id":51540,"date":"2026-04-28T13:22:16","date_gmt":"2026-04-28T13:22:16","guid":{"rendered":"https:\/\/tu11.fi\/taekwondo\/?p=51540"},"modified":"2026-04-28T13:23:57","modified_gmt":"2026-04-28T13:23:57","slug":"kevatpaiva-22-23-5","status":"publish","type":"post","link":"http:\/\/tu11.fi\/taekwondo\/de\/2026\/04\/kevatpaiva-22-23-5\/","title":{"rendered":"Kev\u00e4tp\u00e4iv\u00e4 22.-23.5."},"content":{"rendered":"<p>Ilmoittaudu sivun alareunasta. Harjoituksiin ei tarvitse ilmoittautua, vy\u00f6kokeisiin kutsutaan.<br><br>Viimeinen ilmoittautumisp\u00e4iv\u00e4 perjantain 22.5. klo 12.00.<\/p>\n\n\n\n<h4>Perjantai 22.5.<\/h4>\n<p>17.00-18.30 sinisten koe \/ sinisi\u00e4 v\u00f6it\u00e4 suorittavat<br \/>18.30- punaisten koe \/ punaisia v\u00f6it\u00e4 suorittavat<br \/>17.00-18.30 treenit alle 13-vuotiaat \/ alle 13-vuotiaat<br \/>18.30-20.00 treenit yli 13-vuotiaat \/ yli 13-vuotiaat<br \/>19.00-21.00 y\u00f6nylileirin ohjelmaa \/ alle 15-vuotiaat<br \/>21.00- iltapala ja pesut, y\u00f6nylileiri \/ alle 15-vuotiaat<br \/>22.00 Valot pois ja nukkumaan \/ alle 15-vuotiaat<\/p>\n<h4>Lauantai 23.5.<\/h4>\n<p><br \/>8.00 her\u00e4tys, aamupesut ja salin siivuous y\u00f6nylileiril\u00e4isille \/ alle 15-vuotiaat<br \/>8.30 aamupala y\u00f6nylileiril\u00e4isille \/ alle 15-vuotiaat<br \/>9.00-15.30 kamppailuseminaari \/ siniset, punaiset ja mustat vy\u00f6t , erillinen maksu 40\u20ac<br \/>10.00 lasten ja aikuisten treeni alle 13-vuotiaat \/ is\u00e4t, \u00e4idit, mummot, vaarit tai muut perheenj\u00e4senet ja alle 13-vuotiaat<br \/>12.00 nuorten ja aikuisten treeni yli 13-vuotiaat \/ is\u00e4t, \u00e4idit, mummot, vaarit tai muut perheenj\u00e4senet ja yli 13-vuotiaat<br \/>14.00-15.30 keltaisten ja vihreiden v\u00f6iden kokeet \/ keltaisia v\u00f6it\u00e4 suorittavat<br \/>15.30-17.00 ruokailu ja kahvit \/ kaikki<br \/>16.30-17.30 kahvien lomassa palkitsemiset ja ja vuosi-info \/ kaikki<br \/>17.30-18.30 yleiskokous, huom. kertomuksen, tuloksen, toimintasuunnitelman ja budjetin esittely p\u00e4\u00e4piirteitt\u00e4in jo vuosi-infossa. Kopioita dokumenteista luettavana koko p\u00e4iv\u00e4n. \/ Seuran j\u00e4senmaksun maksaneet tai heid\u00e4n huoltajansa<br \/>18.30-19.00 Uusi hallitus j\u00e4rjest\u00e4ytyy, kes\u00e4n ja syksyn kokoukset \/ uusi hallitus<br \/>19.00- Iltaohjelmaa aikuisille \/ yli 18-vuotiaat<\/p>\n\n\n\n<p>Ohjaajia, hallituksen j\u00e4seni\u00e4 ja toiminnanjohtaja tavattavissa koko p\u00e4iv\u00e4n.<\/p>\n\n\n\n<div class=\"wp-block-contact-form-7-contact-form-selector\">\n<div class=\"wpcf7 no-js\" id=\"wpcf7-f51541-o1\" lang=\"fi\" dir=\"ltr\" data-wpcf7-id=\"51541\">\n<div class=\"screen-reader-response\"><p role=\"status\" aria-live=\"polite\" aria-atomic=\"true\"><\/p> <ul><\/ul><\/div>\n<form action=\"\/taekwondo\/de\/wp-json\/wp\/v2\/posts\/51540#wpcf7-f51541-o1\" method=\"post\" class=\"wpcf7-form init\" aria-label=\"Kontakt Formular\" novalidate=\"novalidate\" data-status=\"init\" data-trp-original-action=\"\/taekwondo\/de\/wp-json\/wp\/v2\/posts\/51540#wpcf7-f51541-o1\">\n<fieldset class=\"hidden-fields-container\"><input type=\"hidden\" name=\"_wpcf7\" value=\"51541\" \/><input type=\"hidden\" name=\"_wpcf7_version\" value=\"6.1.5\" \/><input type=\"hidden\" name=\"_wpcf7_locale\" value=\"fi\" \/><input type=\"hidden\" name=\"_wpcf7_unit_tag\" value=\"wpcf7-f51541-o1\" \/><input type=\"hidden\" name=\"_wpcf7_container_post\" value=\"0\" \/><input type=\"hidden\" name=\"_wpcf7_posted_data_hash\" value=\"\" \/><input type=\"hidden\" name=\"_wpcf7_recaptcha_response\" value=\"\" \/>\n<\/fieldset>\n<p><label> Ihr Name<br \/>\n<span class=\"wpcf7-form-control-wrap\" data-name=\"your-name\"><input size=\"40\" maxlength=\"400\" class=\"wpcf7-form-control wpcf7-text wpcf7-validates-as-required\" autocomplete=\"name\" required aria-invalid=\"false\" value=\"\" type=\"text\" name=\"your-name\" \/><\/span> <\/label>\n<\/p>\n<p><label> Ihre E-Mail Adresse<br \/>\n<span class=\"wpcf7-form-control-wrap\" data-name=\"your-email\"><input size=\"40\" maxlength=\"400\" class=\"wpcf7-form-control wpcf7-email wpcf7-validates-as-required wpcf7-text wpcf7-validates-as-email\" autocomplete=\"email\" required aria-invalid=\"false\" value=\"\" type=\"email\" name=\"your-email\" \/><\/span> <\/label>\n<\/p>\n<p>Taloudestamme osallistuu\n<\/p>\n<p>Y\u00f6nylileirin ohjelmaan<br \/>\n<span class=\"wpcf7-form-control-wrap\" data-name=\"number-37\"><input class=\"wpcf7-form-control wpcf7-number wpcf7-validates-as-number\" min=\"0\" max=\"20\" aria-invalid=\"false\" value=\"\" type=\"number\" name=\"number-37\" \/><\/span>\n<\/p>\n<p>Kamppailuseminaariin (siniset, punaiset ja mustat vy\u00f6t, erillinen maksu 40\u20ac)<br \/>\n<span class=\"wpcf7-form-control-wrap\" data-name=\"number-455\"><input class=\"wpcf7-form-control wpcf7-number wpcf7-validates-as-number\" min=\"1\" max=\"20\" aria-invalid=\"false\" value=\"\" type=\"number\" name=\"number-455\" \/><\/span>\n<\/p>\n<p>Ruokailu ja kahvit<br \/>\n<span class=\"wpcf7-form-control-wrap\" data-name=\"number-136\"><input class=\"wpcf7-form-control wpcf7-number wpcf7-validates-as-number\" min=\"1\" max=\"20\" aria-invalid=\"false\" value=\"\" type=\"number\" name=\"number-136\" \/><\/span>\n<\/p>\n<p>Yleiskokous, nimet<br \/>\n<span class=\"wpcf7-form-control-wrap\" data-name=\"textarea-220\"><textarea cols=\"40\" rows=\"10\" maxlength=\"2000\" class=\"wpcf7-form-control wpcf7-textarea\" aria-invalid=\"false\" name=\"textarea-220\"><\/textarea><\/span>\n<\/p>\n<p>Iltaohjelma<br \/>\n<span class=\"wpcf7-form-control-wrap\" data-name=\"number-79\"><input class=\"wpcf7-form-control wpcf7-number wpcf7-validates-as-number\" min=\"1\" max=\"20\" aria-invalid=\"false\" value=\"\" type=\"number\" name=\"number-79\" \/><\/span>\n<\/p>\n<p><input class=\"wpcf7-form-control wpcf7-submit has-spinner\" type=\"submit\" value=\"schicken\" \/>\n<\/p><div class=\"wpcf7-response-output\" aria-hidden=\"true\"><\/div>\n<input type=\"hidden\" name=\"trp-form-language\" value=\"de\"\/><\/form>\n<\/div>\n<\/div>","protected":false},"excerpt":{"rendered":"<p>Ilmoittaudu sivun alareunasta. Harjoituksiin ei tarvitse ilmoittautua, vy\u00f6kokeisiin kutsutaan. Viimeinen ilmoittautumisp\u00e4iv\u00e4 perjantain 22.5. klo 12.00. Perjantai 22.5. 17.00-18.30 sinisten koe \/ sinisi\u00e4 v\u00f6it\u00e4 suorittavat18.30- punaisten koe \/ punaisia v\u00f6it\u00e4 suorittavat17.00-18.30 treenit alle 13-vuotiaat \/ alle 13-vuotiaat18.30-20.00 treenit yli 13-vuotiaat \/ yli 13-vuotiaat19.00-21.00 y\u00f6nylileirin ohjelmaa \/ alle 15-vuotiaat21.00- iltapala ja pesut, y\u00f6nylileiri \/ alle 15-vuotiaat22.00 Valot&hellip;<\/p>","protected":false},"author":2,"featured_media":49439,"comment_status":"closed","ping_status":"open","sticky":false,"template":"templates\/template-cover.php","format":"standard","meta":{"footnotes":""},"categories":[1],"tags":[],"class_list":["post-51540","post","type-post","status-publish","format-standard","has-post-thumbnail","hentry","category-yleinen"],"yoast_head":"<!-- This site is optimized with the Yoast SEO plugin v27.4 - https:\/\/yoast.com\/product\/yoast-seo-wordpress\/ -->\n<title>Kev\u00e4tp\u00e4iv\u00e4 22.-23.5. - Taekwondourheilijat 2011 | Taekwondoa parhaassa seurassa | Helsinki | Espoo | Vantaa<\/title>\n<meta name=\"description\" content=\"TU11 tarjoaa innostavan ymp\u00e4rist\u00f6n harjoitella taekwondoa kaikenik\u00e4isille ja -tasoisille, aloittelijoista huippu-urheilijoihin. Valmennus on systemaattista ja valmentajat maamme parhaimmistoa. Aloita taekwondo nyt!\" \/>\n<meta name=\"robots\" content=\"index, follow, max-snippet:-1, max-image-preview:large, max-video-preview:-1\" \/>\n<link rel=\"canonical\" href=\"https:\/\/tu11.fi\/taekwondo\/de\/2026\/04\/kevatpaiva-22-23-5\/\" \/>\n<script type=\"application\/ld+json\" class=\"yoast-schema-graph\">{\"@context\":\"https:\\\/\\\/schema.org\",\"@graph\":[]}<\/script>\n<!-- \/ Yoast SEO plugin. -->","yoast_head_json":{"title":"Kev\u00e4tp\u00e4iv\u00e4 22.-23.5. - Taekwondourheilijat 2011 | Taekwondoa parhaassa seurassa | Helsinki | Espoo | Vantaa","description":"TU11 bietet eine inspirierende Umgebung zum \u00dcben von Taekwondo f\u00fcr alle Altersgruppen und Leistungsniveaus, vom Anf\u00e4nger bis zum Spitzensportler. Das Training ist systematisch und die Trainer sind die besten unseres Landes. Beginnen Sie jetzt mit Taekwondo!","robots":{"index":"index","follow":"follow","max-snippet":"max-snippet:-1","max-image-preview":"max-image-preview:large","max-video-preview":"max-video-preview:-1"},"canonical":"https:\/\/tu11.fi\/taekwondo\/de\/2026\/04\/kevatpaiva-22-23-5\/","schema":{"@context":"https:\/\/schema.org","@graph":[]}},"amp_enabled":true,"head":{"html":["<meta name=\"wpsso-begin\" content=\"wpsso structured data begin\"\/>\n","<!-- generator:1 --><meta name=\"generator\" content=\"WPSSO Core 21.13.2\/L*\"\/>\n","<!-- generator:2 --><meta name=\"generator\" content=\"WPSSO RAR 3.3.0\/S\"\/>\n","<!-- generator:3 --><meta name=\"generator\" content=\"WPSSO REST 3.3.0\/S\"\/>\n","<!-- generator:4 --><meta name=\"generator\" content=\"WPSSO BC 5.5.0\/S\"\/>\n","<!-- generator:5 --><meta name=\"generator\" content=\"WPSSO FAQ 7.1.0\/S\"\/>\n","<!-- generator:6 --><meta name=\"generator\" content=\"WPSSO OPM 5.1.0\/S\"\/>\n","<!-- generator:7 --><meta name=\"generator\" content=\"WPSSO SSM 3.4.0\/S\"\/>\n","<!-- generator:8 --><meta name=\"generator\" content=\"WPSSO TIE 4.1.0\/S\"\/>\n","<!-- generator:9 --><meta name=\"generator\" content=\"WPSSO UM 7.3.0\/S\"\/>\n","<!-- generator:10 --><meta name=\"generator\" content=\"WPSSO UL 4.3.0\/S\"\/>\n","<link rel=\"shortlink\" href=\"http:\/\/tu11.fi\/taekwondo\/de\/?p=51540\"\/>\n","<meta property=\"fb:app_id\" content=\"966242223397117\"\/>\n","<meta property=\"og:type\" content=\"website\"\/>\n","<meta property=\"og:url\" content=\"http:\/\/tu11.fi\/taekwondo\/de\/2026\/04\/kevatpaiva-22-23-5\/\"\/>\n","<meta property=\"og:locale\" content=\"de_DE\"\/>\n","<meta property=\"og:site_name\" content=\"Taekwondourheilijat 2011 | Taekwondoa parhaassa seurassa | Helsinki | Espoo | Vantaa\"\/>\n","<meta property=\"og:title\" content=\"Kev&auml;tp&auml;iv&auml; 22.-23.5.  &ndash; Taekwondourheilijat 2011 | Taekwondoa...\"\/>\n","<meta property=\"og:description\" content=\"TU11 tarjoaa innostavan ymp&auml;rist&ouml;n harjoitella taekwondoa kaikenik&auml;isille ja -tasoisille, aloittelijoista huippu-urheilijoihin. Valmennus on systemaattista ja valmentajat maamme parhaimmistoa. Aloita taekwondo nyt!\"\/>\n","<meta property=\"og:updated_time\" content=\"2026-04-28T13:23:57+00:00\"\/>\n","<!-- og:image:1 --><meta property=\"og:image\" content=\"http:\/\/tu11.fi\/taekwondo\/wp-content\/uploads\/2024\/12\/IMG_4676-1200x630-cropped.jpg\"\/>\n","<!-- og:image:1 --><meta property=\"og:image:width\" content=\"1200\"\/>\n","<!-- og:image:1 --><meta property=\"og:image:height\" content=\"630\"\/>\n","<meta name=\"twitter:domain\" content=\"tu11.fi\"\/>\n","<meta name=\"twitter:site\" content=\"@taekwondourh\"\/>\n","<meta name=\"twitter:title\" content=\"Kev&auml;tp&auml;iv&auml; 22.-23.5.  &ndash; Taekwondourheilijat 2011 | Taekwondoa...\"\/>\n","<meta name=\"twitter:description\" content=\"TU11 tarjoaa innostavan ymp&auml;rist&ouml;n harjoitella taekwondoa kaikenik&auml;isille ja -tasoisille, aloittelijoista huippu-urheilijoihin. Valmennus on systemaattista ja valmentajat maamme parhaimmistoa...\"\/>\n","<meta name=\"twitter:card\" content=\"summary_large_image\"\/>\n","<meta name=\"twitter:image\" content=\"http:\/\/tu11.fi\/taekwondo\/wp-content\/uploads\/2024\/12\/IMG_4676-1200x630-cropped.jpg?p=51540\"\/>\n","<meta name=\"thumbnail\" content=\"http:\/\/tu11.fi\/taekwondo\/wp-content\/uploads\/2024\/12\/IMG_4676-1200x630-cropped.jpg\"\/>\n","<script type=\"application\/ld+json\" id=\"wpsso-schema-graph\">{\n    \"@context\": \"https:\/\/schema.org\",\n    \"@graph\": [\n        {\n            \"@id\": \"#sso\/knowledge-graph\/sports-team\/51540\",\n            \"@context\": \"https:\/\/schema.org\",\n            \"@type\": \"SportsTeam\",\n            \"mainEntityOfPage\": \"http:\/\/tu11.fi\/taekwondo\/de\/2026\/04\/kevatpaiva-22-23-5\/\",\n            \"url\": \"http:\/\/tu11.fi\/taekwondo\/de\/2026\/04\/kevatpaiva-22-23-5\/\",\n            \"sameAs\": [\n                \"http:\/\/tu11.fi\/taekwondo\/de\/?p=51540\"\n            ],\n            \"name\": \"Kev&auml;tp&auml;iv&auml; 22.-23.5.  &ndash; Taekwondourheilijat 2011 | Taekwondoa...\",\n            \"alternateName\": \"Kev&auml;tp&auml;iv&auml; 22.-23.5.  &ndash; Taekwondourheilijat 2011 | Taekwondoa parhaassa seurassa | Helsinki | Espoo | Vantaa\",\n            \"description\": \"TU11 tarjoaa innostavan ymp&auml;rist&ouml;n harjoitella taekwondoa kaikenik&auml;isille ja -tasoisille, aloittelijoista huippu-urheilijoihin. Valmennus on systemaattista ja valmentajat maamme parhaimmistoa. Aloita taekwondo nyt!\",\n            \"image\": [\n                {\n                    \"@id\": \"http:\/\/tu11.fi\/taekwondo\/wp-content\/uploads\/2024\/12\/IMG_4676-1200x1200-cropped.jpg#sso\/image-object\"\n                },\n                {\n                    \"@id\": \"http:\/\/tu11.fi\/taekwondo\/wp-content\/uploads\/2024\/12\/IMG_4676-1200x900-cropped.jpg#sso\/image-object\"\n                },\n                {\n                    \"@id\": \"http:\/\/tu11.fi\/taekwondo\/wp-content\/uploads\/2024\/12\/IMG_4676-1200x675-cropped.jpg#sso\/image-object\"\n                },\n                {\n                    \"@id\": \"http:\/\/tu11.fi\/taekwondo\/wp-content\/uploads\/2024\/12\/IMG_4676-1200x630-cropped.jpg#sso\/image-object\"\n                }\n            ]\n        },\n        {\n            \"@id\": \"http:\/\/tu11.fi\/taekwondo\/wp-content\/uploads\/2024\/12\/IMG_4676-1200x1200-cropped.jpg#sso\/image-object\",\n            \"@context\": \"https:\/\/schema.org\",\n            \"@type\": \"ImageObject\",\n            \"url\": \"http:\/\/tu11.fi\/taekwondo\/wp-content\/uploads\/2024\/12\/IMG_4676-1200x1200-cropped.jpg\",\n            \"identifier\": \"49439-wpsso-schema-1x1\",\n            \"name\": \"IMG_4676  &ndash; Taekwondourheilijat 2011 | Taekwondoa parhaassa...\",\n            \"alternateName\": \"IMG_4676  &ndash; Taekwondourheilijat 2011 | Taekwondoa parhaassa seurassa | Helsinki | Espoo | Vantaa\",\n            \"description\": \"No Description.\",\n            \"encodingFormat\": \"image\/jpeg\",\n            \"uploadDate\": \"2024-12-15T08:47:54+00:00\",\n            \"width\": [\n                {\n                    \"@id\": \"#sso\/qv-width-px-1200\"\n                }\n            ],\n            \"height\": [\n                {\n                    \"@id\": \"#sso\/qv-height-px-1200\"\n                }\n            ]\n        },\n        {\n            \"@id\": \"#sso\/qv-width-px-1200\",\n            \"@context\": \"https:\/\/schema.org\",\n            \"@type\": \"QuantitativeValue\",\n            \"name\": \"Width\",\n            \"unitText\": \"px\",\n            \"unitCode\": \"E37\",\n            \"value\": \"1200\"\n        },\n        {\n            \"@id\": \"#sso\/qv-height-px-1200\",\n            \"@context\": \"https:\/\/schema.org\",\n            \"@type\": \"QuantitativeValue\",\n            \"name\": \"Height\",\n            \"unitText\": \"px\",\n            \"unitCode\": \"E37\",\n            \"value\": \"1200\"\n        },\n        {\n            \"@id\": \"http:\/\/tu11.fi\/taekwondo\/wp-content\/uploads\/2024\/12\/IMG_4676-1200x900-cropped.jpg#sso\/image-object\",\n            \"@context\": \"https:\/\/schema.org\",\n            \"@type\": \"ImageObject\",\n            \"url\": \"http:\/\/tu11.fi\/taekwondo\/wp-content\/uploads\/2024\/12\/IMG_4676-1200x900-cropped.jpg\",\n            \"identifier\": \"49439-wpsso-schema-4x3\",\n            \"name\": \"IMG_4676  &ndash; Taekwondourheilijat 2011 | Taekwondoa parhaassa...\",\n            \"alternateName\": \"IMG_4676  &ndash; Taekwondourheilijat 2011 | Taekwondoa parhaassa seurassa | Helsinki | Espoo | Vantaa\",\n            \"description\": \"No Description.\",\n            \"encodingFormat\": \"image\/jpeg\",\n            \"uploadDate\": \"2024-12-15T08:47:54+00:00\",\n            \"width\": [\n                {\n                    \"@id\": \"#sso\/qv-width-px-1200\"\n                }\n            ],\n            \"height\": [\n                {\n                    \"@id\": \"#sso\/qv-height-px-900\"\n                }\n            ]\n        },\n        {\n            \"@id\": \"#sso\/qv-height-px-900\",\n            \"@context\": \"https:\/\/schema.org\",\n            \"@type\": \"QuantitativeValue\",\n            \"name\": \"Height\",\n            \"unitText\": \"px\",\n            \"unitCode\": \"E37\",\n            \"value\": \"900\"\n        },\n        {\n            \"@id\": \"http:\/\/tu11.fi\/taekwondo\/wp-content\/uploads\/2024\/12\/IMG_4676-1200x675-cropped.jpg#sso\/image-object\",\n            \"@context\": \"https:\/\/schema.org\",\n            \"@type\": \"ImageObject\",\n            \"url\": \"http:\/\/tu11.fi\/taekwondo\/wp-content\/uploads\/2024\/12\/IMG_4676-1200x675-cropped.jpg\",\n            \"identifier\": \"49439-wpsso-schema-16x9\",\n            \"name\": \"IMG_4676  &ndash; Taekwondourheilijat 2011 | Taekwondoa parhaassa...\",\n            \"alternateName\": \"IMG_4676  &ndash; Taekwondourheilijat 2011 | Taekwondoa parhaassa seurassa | Helsinki | Espoo | Vantaa\",\n            \"description\": \"No Description.\",\n            \"encodingFormat\": \"image\/jpeg\",\n            \"uploadDate\": \"2024-12-15T08:47:54+00:00\",\n            \"width\": [\n                {\n                    \"@id\": \"#sso\/qv-width-px-1200\"\n                }\n            ],\n            \"height\": [\n                {\n                    \"@id\": \"#sso\/qv-height-px-675\"\n                }\n            ]\n        },\n        {\n            \"@id\": \"#sso\/qv-height-px-675\",\n            \"@context\": \"https:\/\/schema.org\",\n            \"@type\": \"QuantitativeValue\",\n            \"name\": \"Height\",\n            \"unitText\": \"px\",\n            \"unitCode\": \"E37\",\n            \"value\": \"675\"\n        },\n        {\n            \"@id\": \"http:\/\/tu11.fi\/taekwondo\/wp-content\/uploads\/2024\/12\/IMG_4676-1200x630-cropped.jpg#sso\/image-object\",\n            \"@context\": \"https:\/\/schema.org\",\n            \"@type\": \"ImageObject\",\n            \"url\": \"http:\/\/tu11.fi\/taekwondo\/wp-content\/uploads\/2024\/12\/IMG_4676-1200x630-cropped.jpg\",\n            \"identifier\": \"49439-wpsso-thumbnail\",\n            \"name\": \"IMG_4676  &ndash; Taekwondourheilijat 2011 | Taekwondoa parhaassa...\",\n            \"alternateName\": \"IMG_4676  &ndash; Taekwondourheilijat 2011 | Taekwondoa parhaassa seurassa | Helsinki | Espoo | Vantaa\",\n            \"description\": \"No Description.\",\n            \"encodingFormat\": \"image\/jpeg\",\n            \"uploadDate\": \"2024-12-15T08:47:54+00:00\",\n            \"width\": [\n                {\n                    \"@id\": \"#sso\/qv-width-px-1200\"\n                }\n            ],\n            \"height\": [\n                {\n                    \"@id\": \"#sso\/qv-height-px-630\"\n                }\n            ]\n        },\n        {\n            \"@id\": \"#sso\/qv-height-px-630\",\n            \"@context\": \"https:\/\/schema.org\",\n            \"@type\": \"QuantitativeValue\",\n            \"name\": \"Height\",\n            \"unitText\": \"px\",\n            \"unitCode\": \"E37\",\n            \"value\": \"630\"\n        },\n        {\n            \"@id\": \"\/2026\/04\/kevatpaiva-22-23-5\/#sso\/breadcrumb.list\/yleinen\",\n            \"@context\": \"https:\/\/schema.org\",\n            \"@type\": \"BreadcrumbList\",\n            \"url\": \"http:\/\/tu11.fi\/taekwondo\/de\/2026\/04\/kevatpaiva-22-23-5\/\",\n            \"itemListElement\": [\n                {\n                    \"@context\": \"https:\/\/schema.org\",\n                    \"@type\": \"ListItem\",\n                    \"position\": 1,\n                    \"name\": \"Home\",\n                    \"item\": \"http:\/\/tu11.fi\/taekwondo\/de\/\"\n                },\n                {\n                    \"@context\": \"https:\/\/schema.org\",\n                    \"@type\": \"ListItem\",\n                    \"position\": 2,\n                    \"name\": \"Blog\",\n                    \"item\": \"http:\/\/tu11.fi\/taekwondo\/\"\n                },\n                {\n                    \"@context\": \"https:\/\/schema.org\",\n                    \"@type\": \"ListItem\",\n                    \"position\": 3,\n                    \"name\": \"Yleinen Archives   Taekwondourheilijat 2011 | Taekwondoa parhaassa...\",\n                    \"item\": \"http:\/\/tu11.fi\/taekwondo\/de\/category\/yleinen\/\"\n                },\n                {\n                    \"@context\": \"https:\/\/schema.org\",\n                    \"@type\": \"ListItem\",\n                    \"position\": 4,\n                    \"name\": \"Kev&auml;tp&auml;iv&auml; 22.-23.5.   Taekwondourheilijat 2011 | Taekwondoa...\",\n                    \"item\": \"http:\/\/tu11.fi\/taekwondo\/de\/2026\/04\/kevatpaiva-22-23-5\/\"\n                }\n            ]\n        }\n    ]\n}<\/script>\n","<meta name=\"wpsso-end\" content=\"wpsso structured data end\"\/>\n","<meta name=\"wpsso-cached\" content=\"no cache for tu11.fi\/taekwondo\"\/>\n"],"json":[{"@context":"https:\/\/schema.org","@graph":[{"@id":"#sso\/knowledge-graph\/sports-team\/51540","@context":"https:\/\/schema.org","@type":"SportsTeam","mainEntityOfPage":"http:\/\/tu11.fi\/taekwondo\/de\/2026\/04\/kevatpaiva-22-23-5\/","url":"http:\/\/tu11.fi\/taekwondo\/de\/2026\/04\/kevatpaiva-22-23-5\/","sameAs":["http:\/\/tu11.fi\/taekwondo\/de\/?p=51540"],"name":"Kev&auml;tp&auml;iv&auml; 22.-23.5.  &ndash; Taekwondourheilijat 2011 | Taekwondoa...","alternateName":"Kev&auml;tp&auml;iv&auml; 22.-23.5.  &ndash; Taekwondourheilijat 2011 | Taekwondoa parhaassa seurassa | Helsinki | Espoo | Vantaa","description":"TU11 tarjoaa innostavan ymp&auml;rist&ouml;n harjoitella taekwondoa kaikenik&auml;isille ja -tasoisille, aloittelijoista huippu-urheilijoihin. Valmennus on systemaattista ja valmentajat maamme parhaimmistoa. Aloita taekwondo nyt!","image":[{"@id":"http:\/\/tu11.fi\/taekwondo\/wp-content\/uploads\/2024\/12\/IMG_4676-1200x1200-cropped.jpg#sso\/image-object"},{"@id":"http:\/\/tu11.fi\/taekwondo\/wp-content\/uploads\/2024\/12\/IMG_4676-1200x900-cropped.jpg#sso\/image-object"},{"@id":"http:\/\/tu11.fi\/taekwondo\/wp-content\/uploads\/2024\/12\/IMG_4676-1200x675-cropped.jpg#sso\/image-object"},{"@id":"http:\/\/tu11.fi\/taekwondo\/wp-content\/uploads\/2024\/12\/IMG_4676-1200x630-cropped.jpg#sso\/image-object"}]},{"@id":"http:\/\/tu11.fi\/taekwondo\/wp-content\/uploads\/2024\/12\/IMG_4676-1200x1200-cropped.jpg#sso\/image-object","@context":"https:\/\/schema.org","@type":"ImageObject","url":"http:\/\/tu11.fi\/taekwondo\/wp-content\/uploads\/2024\/12\/IMG_4676-1200x1200-cropped.jpg","identifier":"49439-wpsso-schema-1x1","name":"IMG_4676  &ndash; Taekwondourheilijat 2011 | Taekwondoa parhaassa...","alternateName":"IMG_4676  &ndash; Taekwondourheilijat 2011 | Taekwondoa parhaassa seurassa | Helsinki | Espoo | Vantaa","description":"No Description.","encodingFormat":"image\/jpeg","uploadDate":"2024-12-15T08:47:54+00:00","width":[{"@id":"#sso\/qv-width-px-1200"}],"height":[{"@id":"#sso\/qv-height-px-1200"}]},{"@id":"#sso\/qv-width-px-1200","@context":"https:\/\/schema.org","@type":"QuantitativeValue","name":"Width","unitText":"px","unitCode":"E37","value":"1200"},{"@id":"#sso\/qv-height-px-1200","@context":"https:\/\/schema.org","@type":"QuantitativeValue","name":"Height","unitText":"px","unitCode":"E37","value":"1200"},{"@id":"http:\/\/tu11.fi\/taekwondo\/wp-content\/uploads\/2024\/12\/IMG_4676-1200x900-cropped.jpg#sso\/image-object","@context":"https:\/\/schema.org","@type":"ImageObject","url":"http:\/\/tu11.fi\/taekwondo\/wp-content\/uploads\/2024\/12\/IMG_4676-1200x900-cropped.jpg","identifier":"49439-wpsso-schema-4x3","name":"IMG_4676  &ndash; Taekwondourheilijat 2011 | Taekwondoa parhaassa...","alternateName":"IMG_4676  &ndash; Taekwondourheilijat 2011 | Taekwondoa parhaassa seurassa | Helsinki | Espoo | Vantaa","description":"No Description.","encodingFormat":"image\/jpeg","uploadDate":"2024-12-15T08:47:54+00:00","width":[{"@id":"#sso\/qv-width-px-1200"}],"height":[{"@id":"#sso\/qv-height-px-900"}]},{"@id":"#sso\/qv-height-px-900","@context":"https:\/\/schema.org","@type":"QuantitativeValue","name":"Height","unitText":"px","unitCode":"E37","value":"900"},{"@id":"http:\/\/tu11.fi\/taekwondo\/wp-content\/uploads\/2024\/12\/IMG_4676-1200x675-cropped.jpg#sso\/image-object","@context":"https:\/\/schema.org","@type":"ImageObject","url":"http:\/\/tu11.fi\/taekwondo\/wp-content\/uploads\/2024\/12\/IMG_4676-1200x675-cropped.jpg","identifier":"49439-wpsso-schema-16x9","name":"IMG_4676  &ndash; Taekwondourheilijat 2011 | Taekwondoa parhaassa...","alternateName":"IMG_4676  &ndash; Taekwondourheilijat 2011 | Taekwondoa parhaassa seurassa | Helsinki | Espoo | Vantaa","description":"No Description.","encodingFormat":"image\/jpeg","uploadDate":"2024-12-15T08:47:54+00:00","width":[{"@id":"#sso\/qv-width-px-1200"}],"height":[{"@id":"#sso\/qv-height-px-675"}]},{"@id":"#sso\/qv-height-px-675","@context":"https:\/\/schema.org","@type":"QuantitativeValue","name":"Height","unitText":"px","unitCode":"E37","value":"675"},{"@id":"http:\/\/tu11.fi\/taekwondo\/wp-content\/uploads\/2024\/12\/IMG_4676-1200x630-cropped.jpg#sso\/image-object","@context":"https:\/\/schema.org","@type":"ImageObject","url":"http:\/\/tu11.fi\/taekwondo\/wp-content\/uploads\/2024\/12\/IMG_4676-1200x630-cropped.jpg","identifier":"49439-wpsso-thumbnail","name":"IMG_4676  &ndash; Taekwondourheilijat 2011 | Taekwondoa parhaassa...","alternateName":"IMG_4676  &ndash; Taekwondourheilijat 2011 | Taekwondoa parhaassa seurassa | Helsinki | Espoo | Vantaa","description":"No Description.","encodingFormat":"image\/jpeg","uploadDate":"2024-12-15T08:47:54+00:00","width":[{"@id":"#sso\/qv-width-px-1200"}],"height":[{"@id":"#sso\/qv-height-px-630"}]},{"@id":"#sso\/qv-height-px-630","@context":"https:\/\/schema.org","@type":"QuantitativeValue","name":"Height","unitText":"px","unitCode":"E37","value":"630"},{"@id":"\/2026\/04\/kevatpaiva-22-23-5\/#sso\/breadcrumb.list\/yleinen","@context":"https:\/\/schema.org","@type":"BreadcrumbList","url":"http:\/\/tu11.fi\/taekwondo\/de\/2026\/04\/kevatpaiva-22-23-5\/","itemListElement":[{"@context":"https:\/\/schema.org","@type":"ListItem","position":1,"name":"Home","item":"http:\/\/tu11.fi\/taekwondo\/de\/"},{"@context":"https:\/\/schema.org","@type":"ListItem","position":2,"name":"Blog","item":"http:\/\/tu11.fi\/taekwondo\/"},{"@context":"https:\/\/schema.org","@type":"ListItem","position":3,"name":"Yleinen Archives   Taekwondourheilijat 2011 | Taekwondoa parhaassa...","item":"http:\/\/tu11.fi\/taekwondo\/de\/category\/yleinen\/"},{"@context":"https:\/\/schema.org","@type":"ListItem","position":4,"name":"Kev&auml;tp&auml;iv&auml; 22.-23.5.   Taekwondourheilijat 2011 | Taekwondoa...","item":"http:\/\/tu11.fi\/taekwondo\/de\/2026\/04\/kevatpaiva-22-23-5\/"}]}]}],"parts":[["meta","name","generator","content","WPSSO Core 21.13.2\/L*","generator:1"],["meta","name","generator","content","WPSSO RAR 3.3.0\/S","generator:2"],["meta","name","generator","content","WPSSO REST 3.3.0\/S","generator:3"],["meta","name","generator","content","WPSSO BC 5.5.0\/S","generator:4"],["meta","name","generator","content","WPSSO FAQ 7.1.0\/S","generator:5"],["meta","name","generator","content","WPSSO OPM 5.1.0\/S","generator:6"],["meta","name","generator","content","WPSSO SSM 3.4.0\/S","generator:7"],["meta","name","generator","content","WPSSO TIE 4.1.0\/S","generator:8"],["meta","name","generator","content","WPSSO UM 7.3.0\/S","generator:9"],["meta","name","generator","content","WPSSO UL 4.3.0\/S","generator:10"],["link","rel","shortlink","href","http:\/\/tu11.fi\/taekwondo\/de\/?p=51540",""],["meta","property","fb:app_id","content","966242223397117",""],["meta","property","og:time","content","2026-04-28T16:36:27+00:00",""],["meta","property","og:type","content","website",""],["meta","property","og:url","content","http:\/\/tu11.fi\/taekwondo\/de\/2026\/04\/kevatpaiva-22-23-5\/",""],["meta","property","og:locale","content","de_DE",""],["meta","property","og:site_name","content","Taekwondourheilijat 2011 | Taekwondoa parhaassa seurassa | Helsinki | Espoo | Vantaa",""],["meta","property","og:title","content","Kev&auml;tp&auml;iv&auml; 22.-23.5.  &ndash; Taekwondourheilijat 2011 | Taekwondoa...",""],["meta","property","og:description","content","TU11 tarjoaa innostavan ymp&auml;rist&ouml;n harjoitella taekwondoa kaikenik&auml;isille ja -tasoisille, aloittelijoista huippu-urheilijoihin. Valmennus on systemaattista ja valmentajat maamme parhaimmistoa. Aloita taekwondo nyt!",""],["meta","property","og:updated_time","content","2026-04-28T13:23:57+00:00",""],["meta","property","og:image:url","content","http:\/\/tu11.fi\/taekwondo\/wp-content\/uploads\/2024\/12\/IMG_4676-1200x630-cropped.jpg","og:image:1"],["meta","property","og:image","content","http:\/\/tu11.fi\/taekwondo\/wp-content\/uploads\/2024\/12\/IMG_4676-1200x630-cropped.jpg","og:image:1"],["meta","property","og:image:width","content","1200","og:image:1"],["meta","property","og:image:height","content","630","og:image:1"],["meta","property","og:image:cropped","content","true","og:image:1"],["meta","property","og:image:id","content","49439","og:image:1"],["meta","property","og:image:size_name","content","wpsso-opengraph","og:image:1"],["meta","name","schema:language","content","de_DE",""],["meta","name","schema:type:id","content","sports.team",""],["meta","name","schema:type:url","content","https:\/\/schema.org\/SportsTeam",""],["meta","name","schema:type:context","content","https:\/\/schema.org",""],["meta","name","schema:type:name","content","SportsTeam",""],["meta","name","schema:type:path","content","schema.org\/SportsTeam",""],["meta","property","article:author:name","content","Sampo Pajulampi",""],["meta","property","article:reading_mins","content","1",""],["meta","name","twitter:domain","content","tu11.fi",""],["meta","name","twitter:site","content","@taekwondourh",""],["meta","name","twitter:title","content","Kev&auml;tp&auml;iv&auml; 22.-23.5.  &ndash; Taekwondourheilijat 2011 | Taekwondoa...",""],["meta","name","twitter:description","content","TU11 tarjoaa innostavan ymp&auml;rist&ouml;n harjoitella taekwondoa kaikenik&auml;isille ja -tasoisille, aloittelijoista huippu-urheilijoihin. Valmennus on systemaattista ja valmentajat maamme parhaimmistoa...",""],["meta","name","twitter:card","content","summary_large_image",""],["meta","name","twitter:image","content","http:\/\/tu11.fi\/taekwondo\/wp-content\/uploads\/2024\/12\/IMG_4676-1200x630-cropped.jpg?p=51540",""],["meta","name","thumbnail","content","http:\/\/tu11.fi\/taekwondo\/wp-content\/uploads\/2024\/12\/IMG_4676-1200x630-cropped.jpg",""]]},"_links":{"self":[{"href":"http:\/\/tu11.fi\/taekwondo\/de\/wp-json\/wp\/v2\/posts\/51540","targetHints":{"allow":["GET"]}}],"collection":[{"href":"http:\/\/tu11.fi\/taekwondo\/de\/wp-json\/wp\/v2\/posts"}],"about":[{"href":"http:\/\/tu11.fi\/taekwondo\/de\/wp-json\/wp\/v2\/types\/post"}],"author":[{"embeddable":true,"href":"http:\/\/tu11.fi\/taekwondo\/de\/wp-json\/wp\/v2\/users\/2"}],"replies":[{"embeddable":true,"href":"http:\/\/tu11.fi\/taekwondo\/de\/wp-json\/wp\/v2\/comments?post=51540"}],"version-history":[{"count":3,"href":"http:\/\/tu11.fi\/taekwondo\/de\/wp-json\/wp\/v2\/posts\/51540\/revisions"}],"predecessor-version":[{"id":51544,"href":"http:\/\/tu11.fi\/taekwondo\/de\/wp-json\/wp\/v2\/posts\/51540\/revisions\/51544"}],"wp:featuredmedia":[{"embeddable":true,"href":"http:\/\/tu11.fi\/taekwondo\/de\/wp-json\/wp\/v2\/media\/49439"}],"wp:attachment":[{"href":"http:\/\/tu11.fi\/taekwondo\/de\/wp-json\/wp\/v2\/media?parent=51540"}],"wp:term":[{"taxonomy":"category","embeddable":true,"href":"http:\/\/tu11.fi\/taekwondo\/de\/wp-json\/wp\/v2\/categories?post=51540"},{"taxonomy":"post_tag","embeddable":true,"href":"http:\/\/tu11.fi\/taekwondo\/de\/wp-json\/wp\/v2\/tags?post=51540"}],"curies":[{"name":"wp","href":"https:\/\/api.w.org\/{rel}","templated":true}]}}