{"id":5394,"date":"2015-08-04T11:15:35","date_gmt":"2015-08-04T11:15:35","guid":{"rendered":"http:\/\/tu11.fi.srv.hoste.fi\/taekwondo\/?p=5394"},"modified":"2015-11-15T18:44:15","modified_gmt":"2015-11-15T18:44:15","slug":"essille_3_dan","status":"publish","type":"post","link":"http:\/\/tu11.fi\/taekwondo\/en\/2015\/08\/essille_3_dan\/","title":{"rendered":"Essille 3 dan black belt"},"content":{"rendered":"<figure id=\"attachment_5395\" aria-describedby=\"caption-attachment-5395\" style=\"width: 300px\" class=\"wp-caption alignright\"><a href=\"http:\/\/tu11.fi.srv.hoste.fi\/taekwondo\/wp-content\/uploads\/2015\/08\/DAN_koe_31072015.jpg\"><img decoding=\"async\" class=\"size-medium wp-image-5395\" src=\"http:\/\/tu11.fi.srv.hoste.fi\/taekwondo\/wp-content\/uploads\/2015\/08\/DAN_koe_31072015-300x153.jpg\" alt=\"Let&#039;s put on advanced black belts and examiners\" width=\"300\" height=\"153\" srcset=\"http:\/\/tu11.fi\/taekwondo\/wp-content\/uploads\/2015\/08\/DAN_koe_31072015-300x153.jpg 300w, http:\/\/tu11.fi\/taekwondo\/wp-content\/uploads\/2015\/08\/DAN_koe_31072015-1024x524.jpg 1024w, http:\/\/tu11.fi\/taekwondo\/wp-content\/uploads\/2015\/08\/DAN_koe_31072015-uai-150x77.jpg 150w, http:\/\/tu11.fi\/taekwondo\/wp-content\/uploads\/2015\/08\/DAN_koe_31072015-uai-375x192.jpg 375w, http:\/\/tu11.fi\/taekwondo\/wp-content\/uploads\/2015\/08\/DAN_koe_31072015-1200x615.jpg 1200w, http:\/\/tu11.fi\/taekwondo\/wp-content\/uploads\/2015\/08\/DAN_koe_31072015-uai-828x424.jpg 828w, http:\/\/tu11.fi\/taekwondo\/wp-content\/uploads\/2015\/08\/DAN_koe_31072015-uai-750x384.jpg 750w\" sizes=\"(max-width: 300px) 100vw, 300px\" \/><\/a><figcaption id=\"caption-attachment-5395\" class=\"wp-caption-text\">Let&#039;s put on advanced black belts and examiners<\/figcaption><\/figure>\n<p>On the last day of July 2015, the black belt test was held in the TU11 hall, where Taekwondo athletes increased their belt rank <em>Essi Labart<\/em>. Essi performed well in her test, and naturally excelled especially in the movement sequence part. After the exam, Essi&#039;s belt value is 3 dan.<\/p>\n<p>A group of three people from Tampere from the Doboksport club, which is part of Teemu&#039;s teaching line, also participated in the test. A long-time national team player completed his third dan from Doboksport <em>Saina Savage<\/em> and actively working as a match referee <em>Anna-Kaisa Lindfors<\/em>. 2. Dan&#039;s belt completed <em>Veikko Skurnik<\/em>.<\/p>\n<p>The belt test was held by the instructors of the Taekwondo athletes <em>Teemu Heino<\/em> (5 dan) and <em>Juho Ranta<\/em> (3 Dan).<\/p>","protected":false},"excerpt":{"rendered":"<p>On the last day of July 2015, the black belt test was held in the TU11 hall, where Essi Labart increased his belt rank among Taekwondo athletes. Essi performed well in her test, and naturally excelled especially in the movement sequence part. After the exam, Essi&#039;s belt value is 3 dan. A group of three people from Tampere from the Doboksport club, which is part of Teemu&#039;s teaching line, also participated in the test. From Doboksport, long-time national team player Saina Savage and Anna-Kaisa Lindfors, who is actively working as a match referee, completed their third dan.\u2026<\/p>","protected":false},"author":1,"featured_media":5395,"comment_status":"closed","ping_status":"closed","sticky":false,"template":"templates\/template-cover.php","format":"standard","meta":{"footnotes":""},"categories":[1],"tags":[],"class_list":["post-5394","post","type-post","status-publish","format-standard","has-post-thumbnail","hentry","category-yleinen"],"yoast_head":"<!-- This site is optimized with the Yoast SEO plugin v27.4 - https:\/\/yoast.com\/product\/yoast-seo-wordpress\/ -->\n<title>Essille 3 dan musta vy\u00f6 - Taekwondourheilijat 2011 | Taekwondoa parhaassa seurassa | Helsinki | Espoo | Vantaa<\/title>\n<meta name=\"description\" content=\"Vy\u00f6kokeet 31.7.2015 TU11:n salilla. Essi Labart 3 dan, Saina Savage 3 dan, Anna-Kaisa Lindfors 3 dan, Veikko Skurnik 2 dan.\" \/>\n<meta name=\"robots\" content=\"index, follow, max-snippet:-1, max-image-preview:large, max-video-preview:-1\" \/>\n<link rel=\"canonical\" href=\"https:\/\/tu11.fi\/taekwondo\/en\/2015\/08\/essille_3_dan\/\" \/>\n<script type=\"application\/ld+json\" class=\"yoast-schema-graph\">{\"@context\":\"https:\\\/\\\/schema.org\",\"@graph\":[]}<\/script>\n<!-- \/ Yoast SEO plugin. -->","yoast_head_json":{"title":"Essille 3 dan musta vy\u00f6 - Taekwondourheilijat 2011 | Taekwondoa parhaassa seurassa | Helsinki | Espoo | Vantaa","description":"Belt exams on 31 July 2015 in the TU11 hall. Essi Labart 3 dan, Saina Savage 3 dan, Anna-Kaisa Lindfors 3 dan, Veikko Skurnik 2 dan.","robots":{"index":"index","follow":"follow","max-snippet":"max-snippet:-1","max-image-preview":"max-image-preview:large","max-video-preview":"max-video-preview:-1"},"canonical":"https:\/\/tu11.fi\/taekwondo\/en\/2015\/08\/essille_3_dan\/","schema":{"@context":"https:\/\/schema.org","@graph":[]}},"amp_enabled":true,"head":{"html":["<meta name=\"wpsso-begin\" content=\"wpsso structured data begin\"\/>\n","<!-- generator:1 --><meta name=\"generator\" content=\"WPSSO Core 21.13.2\/L*\"\/>\n","<!-- generator:2 --><meta name=\"generator\" content=\"WPSSO RAR 3.3.0\/S\"\/>\n","<!-- generator:3 --><meta name=\"generator\" content=\"WPSSO REST 3.3.0\/S\"\/>\n","<!-- generator:4 --><meta name=\"generator\" content=\"WPSSO BC 5.5.0\/S\"\/>\n","<!-- generator:5 --><meta name=\"generator\" content=\"WPSSO FAQ 7.1.0\/S\"\/>\n","<!-- generator:6 --><meta name=\"generator\" content=\"WPSSO OPM 5.1.0\/S\"\/>\n","<!-- generator:7 --><meta name=\"generator\" content=\"WPSSO SSM 3.4.0\/S\"\/>\n","<!-- generator:8 --><meta name=\"generator\" content=\"WPSSO TIE 4.1.0\/S\"\/>\n","<!-- generator:9 --><meta name=\"generator\" content=\"WPSSO UM 7.3.0\/S\"\/>\n","<!-- generator:10 --><meta name=\"generator\" content=\"WPSSO UL 4.3.0\/S\"\/>\n","<link rel=\"shortlink\" href=\"http:\/\/tu11.fi\/taekwondo\/en\/?p=5394\"\/>\n","<meta property=\"fb:app_id\" content=\"966242223397117\"\/>\n","<meta property=\"og:type\" content=\"article\"\/>\n","<meta property=\"og:url\" content=\"http:\/\/tu11.fi\/taekwondo\/en\/2015\/08\/essille_3_dan\/\"\/>\n","<meta property=\"og:locale\" content=\"en_US\"\/>\n","<meta property=\"og:site_name\" content=\"Taekwondourheilijat 2011 | Taekwondoa parhaassa seurassa | Helsinki | Espoo | Vantaa\"\/>\n","<meta property=\"og:title\" content=\"Essille 3 dan musta vy&ouml;  &ndash; Taekwondourheilijat 2011 | Taekwondoa...\"\/>\n","<meta property=\"og:description\" content=\"Vy&ouml;kokeet 31.7.2015 TU11:n salilla. Essi Labart 3 dan, Saina Savage 3 dan, Anna-Kaisa Lindfors 3 dan, Veikko Skurnik 2 dan.\"\/>\n","<meta property=\"og:updated_time\" content=\"2015-11-15T18:44:15+00:00\"\/>\n","<!-- og:image:1 --><meta property=\"og:image\" content=\"http:\/\/tu11.fi\/taekwondo\/wp-content\/uploads\/2015\/08\/DAN_koe_31072015-1200x630-cropped.jpg\"\/>\n","<!-- og:image:1 --><meta property=\"og:image:width\" content=\"1200\"\/>\n","<!-- og:image:1 --><meta property=\"og:image:height\" content=\"630\"\/>\n","<!-- og:image:1 --><meta property=\"og:image:alt\" content=\"V&ouml;it&auml;&auml;n korottaneita mustia v&ouml;it&auml; ja kokeen vet&auml;j&auml;t\"\/>\n","<meta property=\"article:section\" content=\"Sport\"\/>\n","<meta property=\"article:publisher\" content=\"https:\/\/www.facebook.com\/TU11\"\/>\n","<meta property=\"article:published_time\" content=\"2015-08-04T11:15:35+00:00\"\/>\n","<meta property=\"article:modified_time\" content=\"2015-11-15T18:44:15+00:00\"\/>\n","<meta name=\"twitter:domain\" content=\"tu11.fi\"\/>\n","<meta name=\"twitter:site\" content=\"@taekwondourh\"\/>\n","<meta name=\"twitter:title\" content=\"Essille 3 dan musta vy&ouml;  &ndash; Taekwondourheilijat 2011 | Taekwondoa...\"\/>\n","<meta name=\"twitter:description\" content=\"Vy&ouml;kokeet 31.7.2015 TU11:n salilla. Essi Labart 3 dan, Saina Savage 3 dan, Anna-Kaisa Lindfors 3 dan, Veikko Skurnik 2 dan.\"\/>\n","<meta name=\"twitter:card\" content=\"summary_large_image\"\/>\n","<meta name=\"twitter:image\" content=\"http:\/\/tu11.fi\/taekwondo\/wp-content\/uploads\/2015\/08\/DAN_koe_31072015-1200x630-cropped.jpg?p=5394\"\/>\n","<meta name=\"twitter:image:alt\" content=\"V&ouml;it&auml;&auml;n korottaneita mustia v&ouml;it&auml; ja kokeen vet&auml;j&auml;t\"\/>\n","<meta name=\"twitter:label1\" content=\"Written by\"\/>\n","<meta name=\"twitter:data1\" content=\"Teemu Heino\"\/>\n","<meta name=\"twitter:label2\" content=\"Est. reading time\"\/>\n","<meta name=\"twitter:data2\" content=\"1 minute\"\/>\n","<meta name=\"author\" content=\"Teemu Heino\"\/>\n","<meta name=\"thumbnail\" content=\"http:\/\/tu11.fi\/taekwondo\/wp-content\/uploads\/2015\/08\/DAN_koe_31072015-1200x630-cropped.jpg\"\/>\n","<script type=\"application\/ld+json\" id=\"wpsso-schema-graph\">{\n    \"@context\": \"https:\/\/schema.org\",\n    \"@graph\": [\n        {\n            \"@id\": \"#sso\/knowledge-graph\/sports-team\/5394\",\n            \"@context\": \"https:\/\/schema.org\",\n            \"@type\": \"SportsTeam\",\n            \"mainEntityOfPage\": \"http:\/\/tu11.fi\/taekwondo\/en\/2015\/08\/essille_3_dan\/\",\n            \"url\": \"http:\/\/tu11.fi\/taekwondo\/en\/2015\/08\/essille_3_dan\/\",\n            \"sameAs\": [\n                \"http:\/\/tu11.fi\/taekwondo\/en\/?p=5394\"\n            ],\n            \"name\": \"Essille 3 dan musta vy&ouml;  &ndash; Taekwondourheilijat 2011 | Taekwondoa...\",\n            \"alternateName\": \"Essille 3 dan musta vy&ouml;  &ndash; Taekwondourheilijat 2011 | Taekwondoa parhaassa seurassa | Helsinki | Espoo |...\",\n            \"description\": \"Vy&ouml;kokeet 31.7.2015 TU11:n salilla. Essi Labart 3 dan, Saina Savage 3 dan, Anna-Kaisa Lindfors 3 dan, Veikko Skurnik 2 dan.\",\n            \"image\": [\n                {\n                    \"@id\": \"http:\/\/tu11.fi\/taekwondo\/wp-content\/uploads\/2015\/08\/DAN_koe_31072015-1200x1200-cropped.jpg#sso\/image-object\"\n                },\n                {\n                    \"@id\": \"http:\/\/tu11.fi\/taekwondo\/wp-content\/uploads\/2015\/08\/DAN_koe_31072015-1200x900-cropped.jpg#sso\/image-object\"\n                },\n                {\n                    \"@id\": \"http:\/\/tu11.fi\/taekwondo\/wp-content\/uploads\/2015\/08\/DAN_koe_31072015-1200x675-cropped.jpg#sso\/image-object\"\n                },\n                {\n                    \"@id\": \"http:\/\/tu11.fi\/taekwondo\/wp-content\/uploads\/2015\/08\/DAN_koe_31072015-1200x630-cropped.jpg#sso\/image-object\"\n                }\n            ]\n        },\n        {\n            \"@id\": \"http:\/\/tu11.fi\/taekwondo\/wp-content\/uploads\/2015\/08\/DAN_koe_31072015-1200x1200-cropped.jpg#sso\/image-object\",\n            \"@context\": \"https:\/\/schema.org\",\n            \"@type\": \"ImageObject\",\n            \"url\": \"http:\/\/tu11.fi\/taekwondo\/wp-content\/uploads\/2015\/08\/DAN_koe_31072015-1200x1200-cropped.jpg\",\n            \"identifier\": \"5395-wpsso-schema-1x1\",\n            \"name\": \"Mustia v&ouml;it&auml;  &ndash; Taekwondourheilijat 2011 | Taekwondoa parhaassa...\",\n            \"alternateName\": \"Mustia v&ouml;it&auml;  &ndash; Taekwondourheilijat 2011 | Taekwondoa parhaassa seurassa | Helsinki | Espoo | Vantaa\",\n            \"alternativeHeadline\": \"V\\u00f6it\\u00e4\\u00e4n korottaneita mustia v\\u00f6it\\u00e4 ja kokeen vet\\u00e4j\\u00e4t\",\n            \"caption\": \"V\\u00f6it\\u00e4\\u00e4n korottaneita mustia v\\u00f6it\\u00e4 ja kokeen vet\\u00e4j\\u00e4t\",\n            \"description\": \"V&ouml;it&auml;&auml;n korottaneita mustia v&ouml;it&auml; ja kokeen vet&auml;j&auml;t\",\n            \"encodingFormat\": \"image\/jpeg\",\n            \"uploadDate\": \"2015-08-04T10:59:52+00:00\",\n            \"width\": [\n                {\n                    \"@id\": \"#sso\/qv-width-px-1200\"\n                }\n            ],\n            \"height\": [\n                {\n                    \"@id\": \"#sso\/qv-height-px-1200\"\n                }\n            ]\n        },\n        {\n            \"@id\": \"#sso\/qv-width-px-1200\",\n            \"@context\": \"https:\/\/schema.org\",\n            \"@type\": \"QuantitativeValue\",\n            \"name\": \"Width\",\n            \"unitText\": \"px\",\n            \"unitCode\": \"E37\",\n            \"value\": \"1200\"\n        },\n        {\n            \"@id\": \"#sso\/qv-height-px-1200\",\n            \"@context\": \"https:\/\/schema.org\",\n            \"@type\": \"QuantitativeValue\",\n            \"name\": \"Height\",\n            \"unitText\": \"px\",\n            \"unitCode\": \"E37\",\n            \"value\": \"1200\"\n        },\n        {\n            \"@id\": \"http:\/\/tu11.fi\/taekwondo\/wp-content\/uploads\/2015\/08\/DAN_koe_31072015-1200x900-cropped.jpg#sso\/image-object\",\n            \"@context\": \"https:\/\/schema.org\",\n            \"@type\": \"ImageObject\",\n            \"url\": \"http:\/\/tu11.fi\/taekwondo\/wp-content\/uploads\/2015\/08\/DAN_koe_31072015-1200x900-cropped.jpg\",\n            \"identifier\": \"5395-wpsso-schema-4x3\",\n            \"name\": \"Mustia v&ouml;it&auml;  &ndash; Taekwondourheilijat 2011 | Taekwondoa parhaassa...\",\n            \"alternateName\": \"Mustia v&ouml;it&auml;  &ndash; Taekwondourheilijat 2011 | Taekwondoa parhaassa seurassa | Helsinki | Espoo | Vantaa\",\n            \"alternativeHeadline\": \"V\\u00f6it\\u00e4\\u00e4n korottaneita mustia v\\u00f6it\\u00e4 ja kokeen vet\\u00e4j\\u00e4t\",\n            \"caption\": \"V\\u00f6it\\u00e4\\u00e4n korottaneita mustia v\\u00f6it\\u00e4 ja kokeen vet\\u00e4j\\u00e4t\",\n            \"description\": \"V&ouml;it&auml;&auml;n korottaneita mustia v&ouml;it&auml; ja kokeen vet&auml;j&auml;t\",\n            \"encodingFormat\": \"image\/jpeg\",\n            \"uploadDate\": \"2015-08-04T10:59:52+00:00\",\n            \"width\": [\n                {\n                    \"@id\": \"#sso\/qv-width-px-1200\"\n                }\n            ],\n            \"height\": [\n                {\n                    \"@id\": \"#sso\/qv-height-px-900\"\n                }\n            ]\n        },\n        {\n            \"@id\": \"#sso\/qv-height-px-900\",\n            \"@context\": \"https:\/\/schema.org\",\n            \"@type\": \"QuantitativeValue\",\n            \"name\": \"Height\",\n            \"unitText\": \"px\",\n            \"unitCode\": \"E37\",\n            \"value\": \"900\"\n        },\n        {\n            \"@id\": \"http:\/\/tu11.fi\/taekwondo\/wp-content\/uploads\/2015\/08\/DAN_koe_31072015-1200x675-cropped.jpg#sso\/image-object\",\n            \"@context\": \"https:\/\/schema.org\",\n            \"@type\": \"ImageObject\",\n            \"url\": \"http:\/\/tu11.fi\/taekwondo\/wp-content\/uploads\/2015\/08\/DAN_koe_31072015-1200x675-cropped.jpg\",\n            \"identifier\": \"5395-wpsso-schema-16x9\",\n            \"name\": \"Mustia v&ouml;it&auml;  &ndash; Taekwondourheilijat 2011 | Taekwondoa parhaassa...\",\n            \"alternateName\": \"Mustia v&ouml;it&auml;  &ndash; Taekwondourheilijat 2011 | Taekwondoa parhaassa seurassa | Helsinki | Espoo | Vantaa\",\n            \"alternativeHeadline\": \"V\\u00f6it\\u00e4\\u00e4n korottaneita mustia v\\u00f6it\\u00e4 ja kokeen vet\\u00e4j\\u00e4t\",\n            \"caption\": \"V\\u00f6it\\u00e4\\u00e4n korottaneita mustia v\\u00f6it\\u00e4 ja kokeen vet\\u00e4j\\u00e4t\",\n            \"description\": \"V&ouml;it&auml;&auml;n korottaneita mustia v&ouml;it&auml; ja kokeen vet&auml;j&auml;t\",\n            \"encodingFormat\": \"image\/jpeg\",\n            \"uploadDate\": \"2015-08-04T10:59:52+00:00\",\n            \"width\": [\n                {\n                    \"@id\": \"#sso\/qv-width-px-1200\"\n                }\n            ],\n            \"height\": [\n                {\n                    \"@id\": \"#sso\/qv-height-px-675\"\n                }\n            ]\n        },\n        {\n            \"@id\": \"#sso\/qv-height-px-675\",\n            \"@context\": \"https:\/\/schema.org\",\n            \"@type\": \"QuantitativeValue\",\n            \"name\": \"Height\",\n            \"unitText\": \"px\",\n            \"unitCode\": \"E37\",\n            \"value\": \"675\"\n        },\n        {\n            \"@id\": \"http:\/\/tu11.fi\/taekwondo\/wp-content\/uploads\/2015\/08\/DAN_koe_31072015-1200x630-cropped.jpg#sso\/image-object\",\n            \"@context\": \"https:\/\/schema.org\",\n            \"@type\": \"ImageObject\",\n            \"url\": \"http:\/\/tu11.fi\/taekwondo\/wp-content\/uploads\/2015\/08\/DAN_koe_31072015-1200x630-cropped.jpg\",\n            \"identifier\": \"5395-wpsso-thumbnail\",\n            \"name\": \"Mustia v&ouml;it&auml;  &ndash; Taekwondourheilijat 2011 | Taekwondoa parhaassa...\",\n            \"alternateName\": \"Mustia v&ouml;it&auml;  &ndash; Taekwondourheilijat 2011 | Taekwondoa parhaassa seurassa | Helsinki | Espoo | Vantaa\",\n            \"alternativeHeadline\": \"V\\u00f6it\\u00e4\\u00e4n korottaneita mustia v\\u00f6it\\u00e4 ja kokeen vet\\u00e4j\\u00e4t\",\n            \"caption\": \"V\\u00f6it\\u00e4\\u00e4n korottaneita mustia v\\u00f6it\\u00e4 ja kokeen vet\\u00e4j\\u00e4t\",\n            \"description\": \"V&ouml;it&auml;&auml;n korottaneita mustia v&ouml;it&auml; ja kokeen vet&auml;j&auml;t\",\n            \"encodingFormat\": \"image\/jpeg\",\n            \"uploadDate\": \"2015-08-04T10:59:52+00:00\",\n            \"width\": [\n                {\n                    \"@id\": \"#sso\/qv-width-px-1200\"\n                }\n            ],\n            \"height\": [\n                {\n                    \"@id\": \"#sso\/qv-height-px-630\"\n                }\n            ]\n        },\n        {\n            \"@id\": \"#sso\/qv-height-px-630\",\n            \"@context\": \"https:\/\/schema.org\",\n            \"@type\": \"QuantitativeValue\",\n            \"name\": \"Height\",\n            \"unitText\": \"px\",\n            \"unitCode\": \"E37\",\n            \"value\": \"630\"\n        },\n        {\n            \"@id\": \"\/2015\/08\/essille_3_dan\/#sso\/breadcrumb.list\/yleinen\",\n            \"@context\": \"https:\/\/schema.org\",\n            \"@type\": \"BreadcrumbList\",\n            \"url\": \"http:\/\/tu11.fi\/taekwondo\/en\/2015\/08\/essille_3_dan\/\",\n            \"itemListElement\": [\n                {\n                    \"@context\": \"https:\/\/schema.org\",\n                    \"@type\": \"ListItem\",\n                    \"position\": 1,\n                    \"name\": \"Home\",\n                    \"item\": \"http:\/\/tu11.fi\/taekwondo\/en\/\"\n                },\n                {\n                    \"@context\": \"https:\/\/schema.org\",\n                    \"@type\": \"ListItem\",\n                    \"position\": 2,\n                    \"name\": \"Blog\",\n                    \"item\": \"http:\/\/tu11.fi\/taekwondo\/\"\n                },\n                {\n                    \"@context\": \"https:\/\/schema.org\",\n                    \"@type\": \"ListItem\",\n                    \"position\": 3,\n                    \"name\": \"Yleinen Archives   Taekwondourheilijat 2011 | Taekwondoa parhaassa...\",\n                    \"item\": \"http:\/\/tu11.fi\/taekwondo\/en\/category\/yleinen\/\"\n                },\n                {\n                    \"@context\": \"https:\/\/schema.org\",\n                    \"@type\": \"ListItem\",\n                    \"position\": 4,\n                    \"name\": \"Essille 3 dan musta vy&ouml;   Taekwondourheilijat 2011 | Taekwondoa...\",\n                    \"item\": \"http:\/\/tu11.fi\/taekwondo\/en\/2015\/08\/essille_3_dan\/\"\n                }\n            ]\n        }\n    ]\n}<\/script>\n","<meta name=\"wpsso-end\" content=\"wpsso structured data end\"\/>\n","<meta name=\"wpsso-cached\" content=\"no cache for tu11.fi\/taekwondo\"\/>\n"],"json":[{"@context":"https:\/\/schema.org","@graph":[{"@id":"#sso\/knowledge-graph\/sports-team\/5394","@context":"https:\/\/schema.org","@type":"SportsTeam","mainEntityOfPage":"http:\/\/tu11.fi\/taekwondo\/en\/2015\/08\/essille_3_dan\/","url":"http:\/\/tu11.fi\/taekwondo\/en\/2015\/08\/essille_3_dan\/","sameAs":["http:\/\/tu11.fi\/taekwondo\/en\/?p=5394"],"name":"Essille 3 dan musta vy&ouml;  &ndash; Taekwondourheilijat 2011 | Taekwondoa...","alternateName":"Essille 3 dan musta vy&ouml;  &ndash; Taekwondourheilijat 2011 | Taekwondoa parhaassa seurassa | Helsinki | Espoo |...","description":"Vy&ouml;kokeet 31.7.2015 TU11:n salilla. Essi Labart 3 dan, Saina Savage 3 dan, Anna-Kaisa Lindfors 3 dan, Veikko Skurnik 2 dan.","image":[{"@id":"http:\/\/tu11.fi\/taekwondo\/wp-content\/uploads\/2015\/08\/DAN_koe_31072015-1200x1200-cropped.jpg#sso\/image-object"},{"@id":"http:\/\/tu11.fi\/taekwondo\/wp-content\/uploads\/2015\/08\/DAN_koe_31072015-1200x900-cropped.jpg#sso\/image-object"},{"@id":"http:\/\/tu11.fi\/taekwondo\/wp-content\/uploads\/2015\/08\/DAN_koe_31072015-1200x675-cropped.jpg#sso\/image-object"},{"@id":"http:\/\/tu11.fi\/taekwondo\/wp-content\/uploads\/2015\/08\/DAN_koe_31072015-1200x630-cropped.jpg#sso\/image-object"}]},{"@id":"http:\/\/tu11.fi\/taekwondo\/wp-content\/uploads\/2015\/08\/DAN_koe_31072015-1200x1200-cropped.jpg#sso\/image-object","@context":"https:\/\/schema.org","@type":"ImageObject","url":"http:\/\/tu11.fi\/taekwondo\/wp-content\/uploads\/2015\/08\/DAN_koe_31072015-1200x1200-cropped.jpg","identifier":"5395-wpsso-schema-1x1","name":"Mustia v&ouml;it&auml;  &ndash; Taekwondourheilijat 2011 | Taekwondoa parhaassa...","alternateName":"Mustia v&ouml;it&auml;  &ndash; Taekwondourheilijat 2011 | Taekwondoa parhaassa seurassa | Helsinki | Espoo | Vantaa","alternativeHeadline":"V\u00f6it\u00e4\u00e4n korottaneita mustia v\u00f6it\u00e4 ja kokeen vet\u00e4j\u00e4t","caption":"V\u00f6it\u00e4\u00e4n korottaneita mustia v\u00f6it\u00e4 ja kokeen vet\u00e4j\u00e4t","description":"V&ouml;it&auml;&auml;n korottaneita mustia v&ouml;it&auml; ja kokeen vet&auml;j&auml;t","encodingFormat":"image\/jpeg","uploadDate":"2015-08-04T10:59:52+00:00","width":[{"@id":"#sso\/qv-width-px-1200"}],"height":[{"@id":"#sso\/qv-height-px-1200"}]},{"@id":"#sso\/qv-width-px-1200","@context":"https:\/\/schema.org","@type":"QuantitativeValue","name":"Width","unitText":"px","unitCode":"E37","value":"1200"},{"@id":"#sso\/qv-height-px-1200","@context":"https:\/\/schema.org","@type":"QuantitativeValue","name":"Height","unitText":"px","unitCode":"E37","value":"1200"},{"@id":"http:\/\/tu11.fi\/taekwondo\/wp-content\/uploads\/2015\/08\/DAN_koe_31072015-1200x900-cropped.jpg#sso\/image-object","@context":"https:\/\/schema.org","@type":"ImageObject","url":"http:\/\/tu11.fi\/taekwondo\/wp-content\/uploads\/2015\/08\/DAN_koe_31072015-1200x900-cropped.jpg","identifier":"5395-wpsso-schema-4x3","name":"Mustia v&ouml;it&auml;  &ndash; Taekwondourheilijat 2011 | Taekwondoa parhaassa...","alternateName":"Mustia v&ouml;it&auml;  &ndash; Taekwondourheilijat 2011 | Taekwondoa parhaassa seurassa | Helsinki | Espoo | Vantaa","alternativeHeadline":"V\u00f6it\u00e4\u00e4n korottaneita mustia v\u00f6it\u00e4 ja kokeen vet\u00e4j\u00e4t","caption":"V\u00f6it\u00e4\u00e4n korottaneita mustia v\u00f6it\u00e4 ja kokeen vet\u00e4j\u00e4t","description":"V&ouml;it&auml;&auml;n korottaneita mustia v&ouml;it&auml; ja kokeen vet&auml;j&auml;t","encodingFormat":"image\/jpeg","uploadDate":"2015-08-04T10:59:52+00:00","width":[{"@id":"#sso\/qv-width-px-1200"}],"height":[{"@id":"#sso\/qv-height-px-900"}]},{"@id":"#sso\/qv-height-px-900","@context":"https:\/\/schema.org","@type":"QuantitativeValue","name":"Height","unitText":"px","unitCode":"E37","value":"900"},{"@id":"http:\/\/tu11.fi\/taekwondo\/wp-content\/uploads\/2015\/08\/DAN_koe_31072015-1200x675-cropped.jpg#sso\/image-object","@context":"https:\/\/schema.org","@type":"ImageObject","url":"http:\/\/tu11.fi\/taekwondo\/wp-content\/uploads\/2015\/08\/DAN_koe_31072015-1200x675-cropped.jpg","identifier":"5395-wpsso-schema-16x9","name":"Mustia v&ouml;it&auml;  &ndash; Taekwondourheilijat 2011 | Taekwondoa parhaassa...","alternateName":"Mustia v&ouml;it&auml;  &ndash; Taekwondourheilijat 2011 | Taekwondoa parhaassa seurassa | Helsinki | Espoo | Vantaa","alternativeHeadline":"V\u00f6it\u00e4\u00e4n korottaneita mustia v\u00f6it\u00e4 ja kokeen vet\u00e4j\u00e4t","caption":"V\u00f6it\u00e4\u00e4n korottaneita mustia v\u00f6it\u00e4 ja kokeen vet\u00e4j\u00e4t","description":"V&ouml;it&auml;&auml;n korottaneita mustia v&ouml;it&auml; ja kokeen vet&auml;j&auml;t","encodingFormat":"image\/jpeg","uploadDate":"2015-08-04T10:59:52+00:00","width":[{"@id":"#sso\/qv-width-px-1200"}],"height":[{"@id":"#sso\/qv-height-px-675"}]},{"@id":"#sso\/qv-height-px-675","@context":"https:\/\/schema.org","@type":"QuantitativeValue","name":"Height","unitText":"px","unitCode":"E37","value":"675"},{"@id":"http:\/\/tu11.fi\/taekwondo\/wp-content\/uploads\/2015\/08\/DAN_koe_31072015-1200x630-cropped.jpg#sso\/image-object","@context":"https:\/\/schema.org","@type":"ImageObject","url":"http:\/\/tu11.fi\/taekwondo\/wp-content\/uploads\/2015\/08\/DAN_koe_31072015-1200x630-cropped.jpg","identifier":"5395-wpsso-thumbnail","name":"Mustia v&ouml;it&auml;  &ndash; Taekwondourheilijat 2011 | Taekwondoa parhaassa...","alternateName":"Mustia v&ouml;it&auml;  &ndash; Taekwondourheilijat 2011 | Taekwondoa parhaassa seurassa | Helsinki | Espoo | Vantaa","alternativeHeadline":"V\u00f6it\u00e4\u00e4n korottaneita mustia v\u00f6it\u00e4 ja kokeen vet\u00e4j\u00e4t","caption":"V\u00f6it\u00e4\u00e4n korottaneita mustia v\u00f6it\u00e4 ja kokeen vet\u00e4j\u00e4t","description":"V&ouml;it&auml;&auml;n korottaneita mustia v&ouml;it&auml; ja kokeen vet&auml;j&auml;t","encodingFormat":"image\/jpeg","uploadDate":"2015-08-04T10:59:52+00:00","width":[{"@id":"#sso\/qv-width-px-1200"}],"height":[{"@id":"#sso\/qv-height-px-630"}]},{"@id":"#sso\/qv-height-px-630","@context":"https:\/\/schema.org","@type":"QuantitativeValue","name":"Height","unitText":"px","unitCode":"E37","value":"630"},{"@id":"\/2015\/08\/essille_3_dan\/#sso\/breadcrumb.list\/yleinen","@context":"https:\/\/schema.org","@type":"BreadcrumbList","url":"http:\/\/tu11.fi\/taekwondo\/en\/2015\/08\/essille_3_dan\/","itemListElement":[{"@context":"https:\/\/schema.org","@type":"ListItem","position":1,"name":"Home","item":"http:\/\/tu11.fi\/taekwondo\/en\/"},{"@context":"https:\/\/schema.org","@type":"ListItem","position":2,"name":"Blog","item":"http:\/\/tu11.fi\/taekwondo\/"},{"@context":"https:\/\/schema.org","@type":"ListItem","position":3,"name":"Yleinen Archives   Taekwondourheilijat 2011 | Taekwondoa parhaassa...","item":"http:\/\/tu11.fi\/taekwondo\/en\/category\/yleinen\/"},{"@context":"https:\/\/schema.org","@type":"ListItem","position":4,"name":"Essille 3 dan musta vy&ouml;   Taekwondourheilijat 2011 | Taekwondoa...","item":"http:\/\/tu11.fi\/taekwondo\/en\/2015\/08\/essille_3_dan\/"}]}]}],"parts":[["meta","name","generator","content","WPSSO Core 21.13.2\/L*","generator:1"],["meta","name","generator","content","WPSSO RAR 3.3.0\/S","generator:2"],["meta","name","generator","content","WPSSO REST 3.3.0\/S","generator:3"],["meta","name","generator","content","WPSSO BC 5.5.0\/S","generator:4"],["meta","name","generator","content","WPSSO FAQ 7.1.0\/S","generator:5"],["meta","name","generator","content","WPSSO OPM 5.1.0\/S","generator:6"],["meta","name","generator","content","WPSSO SSM 3.4.0\/S","generator:7"],["meta","name","generator","content","WPSSO TIE 4.1.0\/S","generator:8"],["meta","name","generator","content","WPSSO UM 7.3.0\/S","generator:9"],["meta","name","generator","content","WPSSO UL 4.3.0\/S","generator:10"],["link","rel","shortlink","href","http:\/\/tu11.fi\/taekwondo\/en\/?p=5394",""],["meta","property","fb:app_id","content","966242223397117",""],["meta","property","og:time","content","2026-04-29T22:42:58+00:00",""],["meta","property","og:type","content","article",""],["meta","property","og:url","content","http:\/\/tu11.fi\/taekwondo\/en\/2015\/08\/essille_3_dan\/",""],["meta","property","og:locale","content","en_US",""],["meta","property","og:site_name","content","Taekwondourheilijat 2011 | Taekwondoa parhaassa seurassa | Helsinki | Espoo | Vantaa",""],["meta","property","og:title","content","Essille 3 dan musta vy&ouml;  &ndash; Taekwondourheilijat 2011 | Taekwondoa...",""],["meta","property","og:description","content","Vy&ouml;kokeet 31.7.2015 TU11:n salilla. Essi Labart 3 dan, Saina Savage 3 dan, Anna-Kaisa Lindfors 3 dan, Veikko Skurnik 2 dan.",""],["meta","property","og:updated_time","content","2015-11-15T18:44:15+00:00",""],["meta","property","og:image:url","content","http:\/\/tu11.fi\/taekwondo\/wp-content\/uploads\/2015\/08\/DAN_koe_31072015-1200x630-cropped.jpg","og:image:1"],["meta","property","og:image","content","http:\/\/tu11.fi\/taekwondo\/wp-content\/uploads\/2015\/08\/DAN_koe_31072015-1200x630-cropped.jpg","og:image:1"],["meta","property","og:image:width","content","1200","og:image:1"],["meta","property","og:image:height","content","630","og:image:1"],["meta","property","og:image:cropped","content","true","og:image:1"],["meta","property","og:image:id","content","5395","og:image:1"],["meta","property","og:image:alt","content","V&ouml;it&auml;&auml;n korottaneita mustia v&ouml;it&auml; ja kokeen vet&auml;j&auml;t","og:image:1"],["meta","property","og:image:size_name","content","wpsso-opengraph","og:image:1"],["meta","name","schema:language","content","en_US",""],["meta","name","schema:type:id","content","sports.team",""],["meta","name","schema:type:url","content","https:\/\/schema.org\/SportsTeam",""],["meta","name","schema:type:context","content","https:\/\/schema.org",""],["meta","name","schema:type:name","content","SportsTeam",""],["meta","name","schema:type:path","content","schema.org\/SportsTeam",""],["meta","property","article:section","content","Sport",""],["meta","property","article:author:name","content","Teemu Heino",""],["meta","property","article:publisher","content","https:\/\/www.facebook.com\/TU11",""],["meta","property","article:published_time","content","2015-08-04T11:15:35+00:00",""],["meta","property","article:modified_time","content","2015-11-15T18:44:15+00:00",""],["meta","property","article:reading_mins","content","1",""],["meta","name","twitter:domain","content","tu11.fi",""],["meta","name","twitter:site","content","@taekwondourh",""],["meta","name","twitter:title","content","Essille 3 dan musta vy&ouml;  &ndash; Taekwondourheilijat 2011 | Taekwondoa...",""],["meta","name","twitter:description","content","Vy&ouml;kokeet 31.7.2015 TU11:n salilla. Essi Labart 3 dan, Saina Savage 3 dan, Anna-Kaisa Lindfors 3 dan, Veikko Skurnik 2 dan.",""],["meta","name","twitter:card","content","summary_large_image",""],["meta","name","twitter:image","content","http:\/\/tu11.fi\/taekwondo\/wp-content\/uploads\/2015\/08\/DAN_koe_31072015-1200x630-cropped.jpg?p=5394",""],["meta","name","twitter:image:alt","content","V&ouml;it&auml;&auml;n korottaneita mustia v&ouml;it&auml; ja kokeen vet&auml;j&auml;t",""],["meta","name","twitter:label1","content","Written by",""],["meta","name","twitter:data1","content","Teemu Heino",""],["meta","name","twitter:label2","content","Est. reading time",""],["meta","name","twitter:data2","content","1 minute",""],["meta","name","author","content","Teemu Heino",""],["meta","name","thumbnail","content","http:\/\/tu11.fi\/taekwondo\/wp-content\/uploads\/2015\/08\/DAN_koe_31072015-1200x630-cropped.jpg",""]]},"_links":{"self":[{"href":"http:\/\/tu11.fi\/taekwondo\/en\/wp-json\/wp\/v2\/posts\/5394","targetHints":{"allow":["GET"]}}],"collection":[{"href":"http:\/\/tu11.fi\/taekwondo\/en\/wp-json\/wp\/v2\/posts"}],"about":[{"href":"http:\/\/tu11.fi\/taekwondo\/en\/wp-json\/wp\/v2\/types\/post"}],"author":[{"embeddable":true,"href":"http:\/\/tu11.fi\/taekwondo\/en\/wp-json\/wp\/v2\/users\/1"}],"replies":[{"embeddable":true,"href":"http:\/\/tu11.fi\/taekwondo\/en\/wp-json\/wp\/v2\/comments?post=5394"}],"version-history":[{"count":0,"href":"http:\/\/tu11.fi\/taekwondo\/en\/wp-json\/wp\/v2\/posts\/5394\/revisions"}],"wp:featuredmedia":[{"embeddable":true,"href":"http:\/\/tu11.fi\/taekwondo\/en\/wp-json\/wp\/v2\/media\/5395"}],"wp:attachment":[{"href":"http:\/\/tu11.fi\/taekwondo\/en\/wp-json\/wp\/v2\/media?parent=5394"}],"wp:term":[{"taxonomy":"category","embeddable":true,"href":"http:\/\/tu11.fi\/taekwondo\/en\/wp-json\/wp\/v2\/categories?post=5394"},{"taxonomy":"post_tag","embeddable":true,"href":"http:\/\/tu11.fi\/taekwondo\/en\/wp-json\/wp\/v2\/tags?post=5394"}],"curies":[{"name":"wp","href":"https:\/\/api.w.org\/{rel}","templated":true}]}}