{"id":1463,"date":"2012-08-19T04:32:22","date_gmt":"2012-08-19T04:32:22","guid":{"rendered":"http:\/\/tu11.fi.srv.hoste.fi\/taekwondo\/?p=1463"},"modified":"2012-10-16T21:16:51","modified_gmt":"2012-10-16T21:16:51","slug":"atletas-de-taekwondo-fuertemente-involucrados-en-el-festival-de-taekwondo","status":"publish","type":"post","link":"http:\/\/tu11.fi\/taekwondo\/es\/2012\/08\/taekwondourheilijat-vahvasti-mukana-taekwondo-festivaaleilla\/","title":{"rendered":"TU11 se implica fuertemente en el Festival de Taekwondo"},"content":{"rendered":"<figure id=\"attachment_1464\" aria-describedby=\"caption-attachment-1464\" style=\"width: 300px\" class=\"wp-caption alignleft\"><a href=\"http:\/\/tu11.fi.srv.hoste.fi\/taekwondo\/wp-content\/uploads\/2012\/08\/WP_000226.jpg\"><img decoding=\"async\" class=\"size-medium wp-image-1464\" title=\"WP_000226\" src=\"http:\/\/tu11.fi.srv.hoste.fi\/taekwondo\/wp-content\/uploads\/2012\/08\/WP_000226-300x225.jpg\" alt=\"\" width=\"300\" height=\"225\" srcset=\"http:\/\/tu11.fi\/taekwondo\/wp-content\/uploads\/2012\/08\/WP_000226-300x225.jpg 300w, http:\/\/tu11.fi\/taekwondo\/wp-content\/uploads\/2012\/08\/WP_000226-1024x768.jpg 1024w, http:\/\/tu11.fi\/taekwondo\/wp-content\/uploads\/2012\/08\/WP_000226-uai-150x113.jpg 150w, http:\/\/tu11.fi\/taekwondo\/wp-content\/uploads\/2012\/08\/WP_000226-1200x900-cropped.jpg 1200w, http:\/\/tu11.fi\/taekwondo\/wp-content\/uploads\/2012\/08\/WP_000226-uai-750x563.jpg 750w, http:\/\/tu11.fi\/taekwondo\/wp-content\/uploads\/2012\/08\/WP_000226-uai-1440x1080.jpg 1440w, http:\/\/tu11.fi\/taekwondo\/wp-content\/uploads\/2012\/08\/WP_000226-uai-516x387.jpg 516w, http:\/\/tu11.fi\/taekwondo\/wp-content\/uploads\/2012\/08\/WP_000226.jpg 1632w\" sizes=\"(max-width: 300px) 100vw, 300px\" \/><\/a><figcaption id=\"caption-attachment-1464\" class=\"wp-caption-text\">Un equipo ganador.<\/figcaption><\/figure>\n<p>La contribuci\u00f3n de los atletas de taekwondo en el Festival de Taekwondo celebrado en Turku durante el fin de semana fue fuerte. Petteri Kauppinen form\u00f3 parte de un distinguido grupo de directores, cuyo nombre m\u00e1s famoso fue el del gran maestro coreano Kang. Los otros instructores fueron el maestro Mun, Jes\u00fas Ramal y Suvi Mikkonen.<\/p>\n<p>La gala organizada el domingo tambi\u00e9n incluy\u00f3 una competici\u00f3n por equipos, que TU11 gan\u00f3 con el equipo de Hilla Palvianen, Jenna Partanen (Tapiola Taekwondo Hwang), Mika Koistinen, Elom Damalie y Juho Ranta.<\/p>\n<p>&nbsp;<\/p>\n<p>&nbsp;<\/p>","protected":false},"excerpt":{"rendered":"<p>La contribuci\u00f3n de los atletas de taekwondo en el Festival de Taekwondo celebrado en Turku durante el fin de semana fue fuerte. Petteri Kauppinen form\u00f3 parte de un distinguido grupo de directores, cuyo nombre m\u00e1s famoso fue el del gran maestro coreano Kang. Los otros instructores fueron el maestro Mun, Jes\u00fas Ramal y Suvi Mikkonen. La gala organizada el domingo tambi\u00e9n cont\u00f3 con una competici\u00f3n por equipos, que TU11 gan\u00f3 con el equipo de Hilla Palvianen, Jenna Partanen (Tapiola Taekwondo Hwang), Mika Koistinen, Elom Damalie y Juho...<\/p>","protected":false},"author":2,"featured_media":1464,"comment_status":"closed","ping_status":"open","sticky":false,"template":"templates\/template-cover.php","format":"standard","meta":{"footnotes":""},"categories":[1],"tags":[],"class_list":["post-1463","post","type-post","status-publish","format-standard","has-post-thumbnail","hentry","category-yleinen"],"yoast_head":"<!-- This site is optimized with the Yoast SEO plugin v27.2 - https:\/\/yoast.com\/product\/yoast-seo-wordpress\/ -->\n<title>TU11 vahvasti mukana Taekwondo Festivaaleilla Taekwondourheilijat<\/title>\n<meta name=\"description\" content=\"Taekwondo Helsinki Espoo Vantaa alkeiskurssi TU11 taekwondourheilijat 2011 parhaassa seurassa ottelu kilpailu olympialaiset olympia wtf urheilu tae kwon do\" \/>\n<meta name=\"robots\" content=\"index, follow, max-snippet:-1, max-image-preview:large, max-video-preview:-1\" \/>\n<link rel=\"canonical\" href=\"http:\/\/tu11.fi\/taekwondo\/es\/2012\/08\/atletas-de-taekwondo-fuertemente-involucrados-en-el-festival-de-taekwondo\/\" \/>\n<script type=\"application\/ld+json\" class=\"yoast-schema-graph\">{\"@context\":\"https:\/\/schema.org\",\"@graph\":[]}<\/script>\n<!-- \/ Yoast SEO plugin. -->","yoast_head_json":{"title":"TU11 fuertemente involucrado en el Festival de Taekwondo Atletas de Taekwondo","description":"Taekwondo Helsinki Espoo Vantaa curso para principiantes TU11 atletas de taekwondo 2011 en el mejor partido de clubes competencia Juegos Ol\u00edmpicos Juegos Ol\u00edmpicos wtf deporte tae kwon do","robots":{"index":"index","follow":"follow","max-snippet":"max-snippet:-1","max-image-preview":"max-image-preview:large","max-video-preview":"max-video-preview:-1"},"canonical":"http:\/\/tu11.fi\/taekwondo\/es\/2012\/08\/atletas-de-taekwondo-fuertemente-involucrados-en-el-festival-de-taekwondo\/","schema":{"@context":"https:\/\/schema.org","@graph":[]}},"amp_enabled":true,"head":{"html":["<meta name=\"wpsso-begin\" content=\"wpsso structured data begin\"\/>\n","<!-- generator:1 --><meta name=\"generator\" content=\"WPSSO Core 21.12.0\/L*\"\/>\n","<!-- generator:2 --><meta name=\"generator\" content=\"WPSSO RAR 3.3.0\/S\"\/>\n","<!-- generator:3 --><meta name=\"generator\" content=\"WPSSO REST 3.3.0\/S\"\/>\n","<!-- generator:4 --><meta name=\"generator\" content=\"WPSSO BC 5.5.0\/S\"\/>\n","<!-- generator:5 --><meta name=\"generator\" content=\"WPSSO FAQ 7.1.0\/S\"\/>\n","<!-- generator:6 --><meta name=\"generator\" content=\"WPSSO OPM 5.1.0\/S\"\/>\n","<!-- generator:7 --><meta name=\"generator\" content=\"WPSSO SSM 3.4.0\/S\"\/>\n","<!-- generator:8 --><meta name=\"generator\" content=\"WPSSO TIE 4.1.0\/S\"\/>\n","<!-- generator:9 --><meta name=\"generator\" content=\"WPSSO UM 7.3.0\/S\"\/>\n","<!-- generator:10 --><meta name=\"generator\" content=\"WPSSO UL 4.3.0\/S\"\/>\n","<link rel=\"shortlink\" href=\"http:\/\/tu11.fi\/taekwondo\/es\/?p=1463\"\/>\n","<meta property=\"fb:app_id\" content=\"966242223397117\"\/>\n","<meta property=\"og:type\" content=\"article\"\/>\n","<meta property=\"og:url\" content=\"http:\/\/tu11.fi\/taekwondo\/es\/2012\/08\/taekwondourheilijat-vahvasti-mukana-taekwondo-festivaaleilla\/\"\/>\n","<meta property=\"og:locale\" content=\"es_ES\"\/>\n","<meta property=\"og:site_name\" content=\"Taekwondourheilijat 2011 | Taekwondoa parhaassa seurassa | Helsinki | Espoo | Vantaa\"\/>\n","<meta property=\"og:title\" content=\"TU11 vahvasti mukana Taekwondo Festivaaleilla Taekwondourheilijat\"\/>\n","<meta property=\"og:description\" content=\"Taekwondo Helsinki Espoo Vantaa alkeiskurssi TU11 taekwondourheilijat 2011 parhaassa seurassa ottelu kilpailu olympialaiset olympia wtf urheilu tae kwon do\"\/>\n","<meta property=\"og:updated_time\" content=\"2012-10-16T21:16:51+00:00\"\/>\n","<!-- og:image:1 --><meta property=\"og:image\" content=\"http:\/\/tu11.fi\/taekwondo\/wp-content\/uploads\/2012\/08\/WP_000226-1200x630-cropped.jpg\"\/>\n","<!-- og:image:1 --><meta property=\"og:image:width\" content=\"1200\"\/>\n","<!-- og:image:1 --><meta property=\"og:image:height\" content=\"630\"\/>\n","<meta property=\"article:section\" content=\"Sport\"\/>\n","<meta property=\"article:publisher\" content=\"https:\/\/www.facebook.com\/TU11\"\/>\n","<meta property=\"article:published_time\" content=\"2012-08-19T04:32:22+00:00\"\/>\n","<meta property=\"article:modified_time\" content=\"2012-10-16T21:16:51+00:00\"\/>\n","<meta name=\"twitter:domain\" content=\"tu11.fi\"\/>\n","<meta name=\"twitter:site\" content=\"@taekwondourh\"\/>\n","<meta name=\"twitter:title\" content=\"TU11 vahvasti mukana Taekwondo Festivaaleilla Taekwondourheilijat\"\/>\n","<meta name=\"twitter:description\" content=\"Taekwondo Helsinki Espoo Vantaa alkeiskurssi TU11 taekwondourheilijat 2011 parhaassa seurassa ottelu kilpailu olympialaiset olympia wtf urheilu tae kwon do\"\/>\n","<meta name=\"twitter:card\" content=\"summary_large_image\"\/>\n","<meta name=\"twitter:image\" content=\"http:\/\/tu11.fi\/taekwondo\/wp-content\/uploads\/2012\/08\/WP_000226-1200x630-cropped.jpg?p=1463\"\/>\n","<meta name=\"twitter:label1\" content=\"Written by\"\/>\n","<meta name=\"twitter:data1\" content=\"Sampo Pajulampi\"\/>\n","<meta name=\"author\" content=\"Sampo Pajulampi\"\/>\n","<meta name=\"thumbnail\" content=\"http:\/\/tu11.fi\/taekwondo\/wp-content\/uploads\/2012\/08\/WP_000226-1200x630-cropped.jpg\"\/>\n","<script type=\"application\/ld+json\" id=\"wpsso-schema-graph\">{\n    \"@context\": \"https:\/\/schema.org\",\n    \"@graph\": [\n        {\n            \"@id\": \"#sso\/knowledge-graph\/sports-team\/1463\",\n            \"@context\": \"https:\/\/schema.org\",\n            \"@type\": \"SportsTeam\",\n            \"mainEntityOfPage\": \"http:\/\/tu11.fi\/taekwondo\/es\/2012\/08\/taekwondourheilijat-vahvasti-mukana-taekwondo-festivaaleilla\/\",\n            \"url\": \"http:\/\/tu11.fi\/taekwondo\/es\/2012\/08\/taekwondourheilijat-vahvasti-mukana-taekwondo-festivaaleilla\/\",\n            \"sameAs\": [\n                \"http:\/\/tu11.fi\/taekwondo\/es\/?p=1463\"\n            ],\n            \"name\": \"TU11 vahvasti mukana Taekwondo Festivaaleilla Taekwondourheilijat\",\n            \"description\": \"Taekwondo Helsinki Espoo Vantaa alkeiskurssi TU11 taekwondourheilijat 2011 parhaassa seurassa ottelu kilpailu olympialaiset olympia wtf urheilu tae kwon do\",\n            \"image\": [\n                {\n                    \"@id\": \"http:\/\/tu11.fi\/taekwondo\/wp-content\/uploads\/2012\/08\/WP_000226-1200x1200-cropped.jpg#sso\/image-object\"\n                },\n                {\n                    \"@id\": \"http:\/\/tu11.fi\/taekwondo\/wp-content\/uploads\/2012\/08\/WP_000226-1200x900-cropped.jpg#sso\/image-object\"\n                },\n                {\n                    \"@id\": \"http:\/\/tu11.fi\/taekwondo\/wp-content\/uploads\/2012\/08\/WP_000226-1200x675-cropped.jpg#sso\/image-object\"\n                }\n            ]\n        },\n        {\n            \"@id\": \"http:\/\/tu11.fi\/taekwondo\/wp-content\/uploads\/2012\/08\/WP_000226-1200x1200-cropped.jpg#sso\/image-object\",\n            \"@context\": \"https:\/\/schema.org\",\n            \"@type\": \"ImageObject\",\n            \"url\": \"http:\/\/tu11.fi\/taekwondo\/wp-content\/uploads\/2012\/08\/WP_000226-1200x1200-cropped.jpg\",\n            \"identifier\": \"1464-wpsso-schema-1x1\",\n            \"name\": \"WP_000226  &ndash; Taekwondourheilijat 2011 | Taekwondoa parhaassa...\",\n            \"alternateName\": \"WP_000226  &ndash; Taekwondourheilijat 2011 | Taekwondoa parhaassa seurassa | Helsinki | Espoo | Vantaa\",\n            \"caption\": \"Voittoisa joukkue.\",\n            \"description\": \"Voittoisa joukkue.\",\n            \"encodingFormat\": \"image\/jpeg\",\n            \"uploadDate\": \"2012-08-20T06:29:12+00:00\",\n            \"width\": [\n                {\n                    \"@id\": \"#sso\/qv-width-px-1200\"\n                }\n            ],\n            \"height\": [\n                {\n                    \"@id\": \"#sso\/qv-height-px-1200\"\n                }\n            ]\n        },\n        {\n            \"@id\": \"#sso\/qv-width-px-1200\",\n            \"@context\": \"https:\/\/schema.org\",\n            \"@type\": \"QuantitativeValue\",\n            \"name\": \"Width\",\n            \"unitText\": \"px\",\n            \"unitCode\": \"E37\",\n            \"value\": \"1200\"\n        },\n        {\n            \"@id\": \"#sso\/qv-height-px-1200\",\n            \"@context\": \"https:\/\/schema.org\",\n            \"@type\": \"QuantitativeValue\",\n            \"name\": \"Height\",\n            \"unitText\": \"px\",\n            \"unitCode\": \"E37\",\n            \"value\": \"1200\"\n        },\n        {\n            \"@id\": \"http:\/\/tu11.fi\/taekwondo\/wp-content\/uploads\/2012\/08\/WP_000226-1200x900-cropped.jpg#sso\/image-object\",\n            \"@context\": \"https:\/\/schema.org\",\n            \"@type\": \"ImageObject\",\n            \"url\": \"http:\/\/tu11.fi\/taekwondo\/wp-content\/uploads\/2012\/08\/WP_000226-1200x900-cropped.jpg\",\n            \"identifier\": \"1464-wpsso-schema-4x3\",\n            \"name\": \"WP_000226  &ndash; Taekwondourheilijat 2011 | Taekwondoa parhaassa...\",\n            \"alternateName\": \"WP_000226  &ndash; Taekwondourheilijat 2011 | Taekwondoa parhaassa seurassa | Helsinki | Espoo | Vantaa\",\n            \"caption\": \"Voittoisa joukkue.\",\n            \"description\": \"Voittoisa joukkue.\",\n            \"encodingFormat\": \"image\/jpeg\",\n            \"uploadDate\": \"2012-08-20T06:29:12+00:00\",\n            \"width\": [\n                {\n                    \"@id\": \"#sso\/qv-width-px-1200\"\n                }\n            ],\n            \"height\": [\n                {\n                    \"@id\": \"#sso\/qv-height-px-900\"\n                }\n            ]\n        },\n        {\n            \"@id\": \"#sso\/qv-height-px-900\",\n            \"@context\": \"https:\/\/schema.org\",\n            \"@type\": \"QuantitativeValue\",\n            \"name\": \"Height\",\n            \"unitText\": \"px\",\n            \"unitCode\": \"E37\",\n            \"value\": \"900\"\n        },\n        {\n            \"@id\": \"http:\/\/tu11.fi\/taekwondo\/wp-content\/uploads\/2012\/08\/WP_000226-1200x675-cropped.jpg#sso\/image-object\",\n            \"@context\": \"https:\/\/schema.org\",\n            \"@type\": \"ImageObject\",\n            \"url\": \"http:\/\/tu11.fi\/taekwondo\/wp-content\/uploads\/2012\/08\/WP_000226-1200x675-cropped.jpg\",\n            \"identifier\": \"1464-wpsso-schema-16x9\",\n            \"name\": \"WP_000226  &ndash; Taekwondourheilijat 2011 | Taekwondoa parhaassa...\",\n            \"alternateName\": \"WP_000226  &ndash; Taekwondourheilijat 2011 | Taekwondoa parhaassa seurassa | Helsinki | Espoo | Vantaa\",\n            \"caption\": \"Voittoisa joukkue.\",\n            \"description\": \"Voittoisa joukkue.\",\n            \"encodingFormat\": \"image\/jpeg\",\n            \"uploadDate\": \"2012-08-20T06:29:12+00:00\",\n            \"width\": [\n                {\n                    \"@id\": \"#sso\/qv-width-px-1200\"\n                }\n            ],\n            \"height\": [\n                {\n                    \"@id\": \"#sso\/qv-height-px-675\"\n                }\n            ]\n        },\n        {\n            \"@id\": \"#sso\/qv-height-px-675\",\n            \"@context\": \"https:\/\/schema.org\",\n            \"@type\": \"QuantitativeValue\",\n            \"name\": \"Height\",\n            \"unitText\": \"px\",\n            \"unitCode\": \"E37\",\n            \"value\": \"675\"\n        },\n        {\n            \"@id\": \"\/2012\/08\/taekwondourheilijat-vahvasti-mukana-taekwondo-festivaaleilla\/#sso\/breadcrumb.list\/yleinen\",\n            \"@context\": \"https:\/\/schema.org\",\n            \"@type\": \"BreadcrumbList\",\n            \"url\": \"http:\/\/tu11.fi\/taekwondo\/es\/2012\/08\/taekwondourheilijat-vahvasti-mukana-taekwondo-festivaaleilla\/\",\n            \"itemListElement\": [\n                {\n                    \"@context\": \"https:\/\/schema.org\",\n                    \"@type\": \"ListItem\",\n                    \"position\": 1,\n                    \"name\": \"Home\",\n                    \"item\": \"http:\/\/tu11.fi\/taekwondo\/es\/\"\n                },\n                {\n                    \"@context\": \"https:\/\/schema.org\",\n                    \"@type\": \"ListItem\",\n                    \"position\": 2,\n                    \"name\": \"Blog\",\n                    \"item\": \"http:\/\/tu11.fi\/taekwondo\/\"\n                },\n                {\n                    \"@context\": \"https:\/\/schema.org\",\n                    \"@type\": \"ListItem\",\n                    \"position\": 3,\n                    \"name\": \"Yleinen Archives   Taekwondourheilijat 2011 | Taekwondoa parhaassa...\",\n                    \"item\": \"http:\/\/tu11.fi\/taekwondo\/es\/category\/yleinen\/\"\n                },\n                {\n                    \"@context\": \"https:\/\/schema.org\",\n                    \"@type\": \"ListItem\",\n                    \"position\": 4,\n                    \"name\": \"TU11 vahvasti mukana Taekwondo Festivaaleilla Taekwondourheilijat\",\n                    \"item\": \"http:\/\/tu11.fi\/taekwondo\/es\/2012\/08\/taekwondourheilijat-vahvasti-mukana-taekwondo-festivaaleilla\/\"\n                }\n            ]\n        }\n    ]\n}<\/script>\n","<meta name=\"wpsso-end\" content=\"wpsso structured data end\"\/>\n","<meta name=\"wpsso-cached\" content=\"no cache for tu11.fi\/taekwondo\"\/>\n"],"json":[{"@context":"https:\/\/schema.org","@graph":[{"@id":"#sso\/knowledge-graph\/sports-team\/1463","@context":"https:\/\/schema.org","@type":"SportsTeam","mainEntityOfPage":"http:\/\/tu11.fi\/taekwondo\/es\/2012\/08\/taekwondourheilijat-vahvasti-mukana-taekwondo-festivaaleilla\/","url":"http:\/\/tu11.fi\/taekwondo\/es\/2012\/08\/taekwondourheilijat-vahvasti-mukana-taekwondo-festivaaleilla\/","sameAs":["http:\/\/tu11.fi\/taekwondo\/es\/?p=1463"],"name":"TU11 vahvasti mukana Taekwondo Festivaaleilla Taekwondourheilijat","description":"Taekwondo Helsinki Espoo Vantaa alkeiskurssi TU11 taekwondourheilijat 2011 parhaassa seurassa ottelu kilpailu olympialaiset olympia wtf urheilu tae kwon do","image":[{"@id":"http:\/\/tu11.fi\/taekwondo\/wp-content\/uploads\/2012\/08\/WP_000226-1200x1200-cropped.jpg#sso\/image-object"},{"@id":"http:\/\/tu11.fi\/taekwondo\/wp-content\/uploads\/2012\/08\/WP_000226-1200x900-cropped.jpg#sso\/image-object"},{"@id":"http:\/\/tu11.fi\/taekwondo\/wp-content\/uploads\/2012\/08\/WP_000226-1200x675-cropped.jpg#sso\/image-object"}]},{"@id":"http:\/\/tu11.fi\/taekwondo\/wp-content\/uploads\/2012\/08\/WP_000226-1200x1200-cropped.jpg#sso\/image-object","@context":"https:\/\/schema.org","@type":"ImageObject","url":"http:\/\/tu11.fi\/taekwondo\/wp-content\/uploads\/2012\/08\/WP_000226-1200x1200-cropped.jpg","identifier":"1464-wpsso-schema-1x1","name":"WP_000226  &ndash; Taekwondourheilijat 2011 | Taekwondoa parhaassa...","alternateName":"WP_000226  &ndash; Taekwondourheilijat 2011 | Taekwondoa parhaassa seurassa | Helsinki | Espoo | Vantaa","caption":"Voittoisa joukkue.","description":"Voittoisa joukkue.","encodingFormat":"image\/jpeg","uploadDate":"2012-08-20T06:29:12+00:00","width":[{"@id":"#sso\/qv-width-px-1200"}],"height":[{"@id":"#sso\/qv-height-px-1200"}]},{"@id":"#sso\/qv-width-px-1200","@context":"https:\/\/schema.org","@type":"QuantitativeValue","name":"Width","unitText":"px","unitCode":"E37","value":"1200"},{"@id":"#sso\/qv-height-px-1200","@context":"https:\/\/schema.org","@type":"QuantitativeValue","name":"Height","unitText":"px","unitCode":"E37","value":"1200"},{"@id":"http:\/\/tu11.fi\/taekwondo\/wp-content\/uploads\/2012\/08\/WP_000226-1200x900-cropped.jpg#sso\/image-object","@context":"https:\/\/schema.org","@type":"ImageObject","url":"http:\/\/tu11.fi\/taekwondo\/wp-content\/uploads\/2012\/08\/WP_000226-1200x900-cropped.jpg","identifier":"1464-wpsso-schema-4x3","name":"WP_000226  &ndash; Taekwondourheilijat 2011 | Taekwondoa parhaassa...","alternateName":"WP_000226  &ndash; Taekwondourheilijat 2011 | Taekwondoa parhaassa seurassa | Helsinki | Espoo | Vantaa","caption":"Voittoisa joukkue.","description":"Voittoisa joukkue.","encodingFormat":"image\/jpeg","uploadDate":"2012-08-20T06:29:12+00:00","width":[{"@id":"#sso\/qv-width-px-1200"}],"height":[{"@id":"#sso\/qv-height-px-900"}]},{"@id":"#sso\/qv-height-px-900","@context":"https:\/\/schema.org","@type":"QuantitativeValue","name":"Height","unitText":"px","unitCode":"E37","value":"900"},{"@id":"http:\/\/tu11.fi\/taekwondo\/wp-content\/uploads\/2012\/08\/WP_000226-1200x675-cropped.jpg#sso\/image-object","@context":"https:\/\/schema.org","@type":"ImageObject","url":"http:\/\/tu11.fi\/taekwondo\/wp-content\/uploads\/2012\/08\/WP_000226-1200x675-cropped.jpg","identifier":"1464-wpsso-schema-16x9","name":"WP_000226  &ndash; Taekwondourheilijat 2011 | Taekwondoa parhaassa...","alternateName":"WP_000226  &ndash; Taekwondourheilijat 2011 | Taekwondoa parhaassa seurassa | Helsinki | Espoo | Vantaa","caption":"Voittoisa joukkue.","description":"Voittoisa joukkue.","encodingFormat":"image\/jpeg","uploadDate":"2012-08-20T06:29:12+00:00","width":[{"@id":"#sso\/qv-width-px-1200"}],"height":[{"@id":"#sso\/qv-height-px-675"}]},{"@id":"#sso\/qv-height-px-675","@context":"https:\/\/schema.org","@type":"QuantitativeValue","name":"Height","unitText":"px","unitCode":"E37","value":"675"},{"@id":"\/2012\/08\/taekwondourheilijat-vahvasti-mukana-taekwondo-festivaaleilla\/#sso\/breadcrumb.list\/yleinen","@context":"https:\/\/schema.org","@type":"BreadcrumbList","url":"http:\/\/tu11.fi\/taekwondo\/es\/2012\/08\/taekwondourheilijat-vahvasti-mukana-taekwondo-festivaaleilla\/","itemListElement":[{"@context":"https:\/\/schema.org","@type":"ListItem","position":1,"name":"Home","item":"http:\/\/tu11.fi\/taekwondo\/es\/"},{"@context":"https:\/\/schema.org","@type":"ListItem","position":2,"name":"Blog","item":"http:\/\/tu11.fi\/taekwondo\/"},{"@context":"https:\/\/schema.org","@type":"ListItem","position":3,"name":"Yleinen Archives   Taekwondourheilijat 2011 | Taekwondoa parhaassa...","item":"http:\/\/tu11.fi\/taekwondo\/es\/category\/yleinen\/"},{"@context":"https:\/\/schema.org","@type":"ListItem","position":4,"name":"TU11 vahvasti mukana Taekwondo Festivaaleilla Taekwondourheilijat","item":"http:\/\/tu11.fi\/taekwondo\/es\/2012\/08\/taekwondourheilijat-vahvasti-mukana-taekwondo-festivaaleilla\/"}]}]}],"parts":[["meta","name","generator","content","WPSSO Core 21.12.0\/L*","generator:1"],["meta","name","generator","content","WPSSO RAR 3.3.0\/S","generator:2"],["meta","name","generator","content","WPSSO REST 3.3.0\/S","generator:3"],["meta","name","generator","content","WPSSO BC 5.5.0\/S","generator:4"],["meta","name","generator","content","WPSSO FAQ 7.1.0\/S","generator:5"],["meta","name","generator","content","WPSSO OPM 5.1.0\/S","generator:6"],["meta","name","generator","content","WPSSO SSM 3.4.0\/S","generator:7"],["meta","name","generator","content","WPSSO TIE 4.1.0\/S","generator:8"],["meta","name","generator","content","WPSSO UM 7.3.0\/S","generator:9"],["meta","name","generator","content","WPSSO UL 4.3.0\/S","generator:10"],["link","rel","shortlink","href","http:\/\/tu11.fi\/taekwondo\/es\/?p=1463",""],["meta","property","fb:app_id","content","966242223397117",""],["meta","property","og:time","content","2026-04-25T09:17:07+00:00",""],["meta","property","og:type","content","article",""],["meta","property","og:url","content","http:\/\/tu11.fi\/taekwondo\/es\/2012\/08\/taekwondourheilijat-vahvasti-mukana-taekwondo-festivaaleilla\/",""],["meta","property","og:locale","content","es_ES",""],["meta","property","og:site_name","content","Taekwondourheilijat 2011 | Taekwondoa parhaassa seurassa | Helsinki | Espoo | Vantaa",""],["meta","property","og:title","content","TU11 vahvasti mukana Taekwondo Festivaaleilla Taekwondourheilijat",""],["meta","property","og:description","content","Taekwondo Helsinki Espoo Vantaa alkeiskurssi TU11 taekwondourheilijat 2011 parhaassa seurassa ottelu kilpailu olympialaiset olympia wtf urheilu tae kwon do",""],["meta","property","og:updated_time","content","2012-10-16T21:16:51+00:00",""],["meta","property","og:image:url","content","http:\/\/tu11.fi\/taekwondo\/wp-content\/uploads\/2012\/08\/WP_000226-1200x630-cropped.jpg","og:image:1"],["meta","property","og:image","content","http:\/\/tu11.fi\/taekwondo\/wp-content\/uploads\/2012\/08\/WP_000226-1200x630-cropped.jpg","og:image:1"],["meta","property","og:image:width","content","1200","og:image:1"],["meta","property","og:image:height","content","630","og:image:1"],["meta","property","og:image:cropped","content","true","og:image:1"],["meta","property","og:image:id","content","1464","og:image:1"],["meta","property","og:image:size_name","content","wpsso-opengraph","og:image:1"],["meta","name","schema:language","content","es_ES",""],["meta","name","schema:type:id","content","sports.team",""],["meta","name","schema:type:url","content","https:\/\/schema.org\/SportsTeam",""],["meta","name","schema:type:context","content","https:\/\/schema.org",""],["meta","name","schema:type:name","content","SportsTeam",""],["meta","name","schema:type:path","content","schema.org\/SportsTeam",""],["meta","property","article:section","content","Sport",""],["meta","property","article:author:name","content","Sampo Pajulampi",""],["meta","property","article:publisher","content","https:\/\/www.facebook.com\/TU11",""],["meta","property","article:published_time","content","2012-08-19T04:32:22+00:00",""],["meta","property","article:modified_time","content","2012-10-16T21:16:51+00:00",""],["meta","property","article:reading_mins","content","0",""],["meta","name","twitter:domain","content","tu11.fi",""],["meta","name","twitter:site","content","@taekwondourh",""],["meta","name","twitter:title","content","TU11 vahvasti mukana Taekwondo Festivaaleilla Taekwondourheilijat",""],["meta","name","twitter:description","content","Taekwondo Helsinki Espoo Vantaa alkeiskurssi TU11 taekwondourheilijat 2011 parhaassa seurassa ottelu kilpailu olympialaiset olympia wtf urheilu tae kwon do",""],["meta","name","twitter:card","content","summary_large_image",""],["meta","name","twitter:image","content","http:\/\/tu11.fi\/taekwondo\/wp-content\/uploads\/2012\/08\/WP_000226-1200x630-cropped.jpg?p=1463",""],["meta","name","twitter:label1","content","Written by",""],["meta","name","twitter:data1","content","Sampo Pajulampi",""],["meta","name","author","content","Sampo Pajulampi",""],["meta","name","thumbnail","content","http:\/\/tu11.fi\/taekwondo\/wp-content\/uploads\/2012\/08\/WP_000226-1200x630-cropped.jpg",""]]},"_links":{"self":[{"href":"http:\/\/tu11.fi\/taekwondo\/es\/wp-json\/wp\/v2\/posts\/1463","targetHints":{"allow":["GET"]}}],"collection":[{"href":"http:\/\/tu11.fi\/taekwondo\/es\/wp-json\/wp\/v2\/posts"}],"about":[{"href":"http:\/\/tu11.fi\/taekwondo\/es\/wp-json\/wp\/v2\/types\/post"}],"author":[{"embeddable":true,"href":"http:\/\/tu11.fi\/taekwondo\/es\/wp-json\/wp\/v2\/users\/2"}],"replies":[{"embeddable":true,"href":"http:\/\/tu11.fi\/taekwondo\/es\/wp-json\/wp\/v2\/comments?post=1463"}],"version-history":[{"count":0,"href":"http:\/\/tu11.fi\/taekwondo\/es\/wp-json\/wp\/v2\/posts\/1463\/revisions"}],"wp:featuredmedia":[{"embeddable":true,"href":"http:\/\/tu11.fi\/taekwondo\/es\/wp-json\/wp\/v2\/media\/1464"}],"wp:attachment":[{"href":"http:\/\/tu11.fi\/taekwondo\/es\/wp-json\/wp\/v2\/media?parent=1463"}],"wp:term":[{"taxonomy":"category","embeddable":true,"href":"http:\/\/tu11.fi\/taekwondo\/es\/wp-json\/wp\/v2\/categories?post=1463"},{"taxonomy":"post_tag","embeddable":true,"href":"http:\/\/tu11.fi\/taekwondo\/es\/wp-json\/wp\/v2\/tags?post=1463"}],"curies":[{"name":"wp","href":"https:\/\/api.w.org\/{rel}","templated":true}]}}