{"id":13955,"date":"2021-05-02T09:48:14","date_gmt":"2021-05-02T09:48:14","guid":{"rendered":"https:\/\/tu11.fi\/taekwondo\/?p=13955"},"modified":"2021-05-02T09:48:55","modified_gmt":"2021-05-02T09:48:55","slug":"%ec%98%ac%eb%a6%bc%ed%94%bd-%eb%b0%8f-%ed%8c%a8%eb%9f%b4%eb%a6%bc%ed%94%bd-%ec%98%88%ec%84%a0%ec%97%90-%ec%b0%b8%ea%b0%80%ed%95%9c-jenna%ec%99%80-matti","status":"publish","type":"post","link":"http:\/\/tu11.fi\/taekwondo\/ko\/2021\/05\/jenna-ja-matti-olympia-ja-paralympiakarsintoihin\/","title":{"rendered":"\uc62c\ub9bc\ud53d \ubc0f \ud328\ub7f4\ub9bc\ud53d \uc608\uc120\uc5d0 \ucc38\uac00\ud55c Jenna\uc640 Matti"},"content":{"rendered":"<p>\uc62c\ub9bc\ud53d \uc608\uc120\uc740 \ubd88\uac00\ub9ac\uc544 \uc18c\ud53c\uc544\uc5d0\uc11c \uc5f4\ub9b0\ub2e4. \uc608\uc120\uc740 \ud55c \ucc28\ub840 \uc62e\uaca8\uc84c\uc9c0\ub9cc, \uac19\uc740 \uc7a5\uc18c\uc5d0\uc11c \uc5f4\ub9b0 \uc720\ub7fd\uc120\uc218\uad8c\ub300\ud68c\ub97c \uc131\uacf5\uc801\uc73c\ub85c \ub9c8\uce5c \ub4a4 \ub3c4\ucfc4\uc5d0\uc11c\ub294 \uc7a5\uc18c\uac00 \ub098\ub220\uc9c8 \uc218 \uc788\ub2e4. \ud1a0\ub108\uba3c\ud2b8 \uc911\uc5d0\ub294 \uac74\uac15 \ubc0f \uc548\uc804 \uc870\uce58\uac00 \uc5c4\uaca9\ud569\ub2c8\ub2e4. \uc804\uccb4 \ub300\ud68c\ub294 \ud638\ud154 \ub0b4\ubd80\uc5d0 \uc124\uce58\ub41c \ubc84\ube14\uc5d0\uc11c \uc9c4\ud589\ub429\ub2c8\ub2e4. \uac8c\ub2e4\uac00 \uacbd\uae30 \uc774\ubca4\ud2b8 \uc790\uccb4\ub3c4 \uc5ec\uc804\ud788 \ubc84\ube14 \uc548\uc758 \ubc84\ube14\uc785\ub2c8\ub2e4. \uc62c\ub9bc\ud53d \uc608\uc120\uc5d0\uc11c\ub294 \uc2dc\ub9ac\uc988\uc758 \uc0c1\uc704 2\uba85\uc774 \uacbd\uc8fc \ud2f0\ucf13\uc744 \ubc1b\uace0, \ud328\ub7f4\ub9bc\ud53d \uc608\uc120\uc5d0\uc11c\ub294 \uc2dc\ub9ac\uc988 \uc804\uccb4\uc758 \uc6b0\uc2b9\uc790\uac00 \ub429\ub2c8\ub2e4. \ub450 \ub300\ud68c \ud615\uc2dd \ubaa8\ub450 \ubb34\uc790\ube44\ud55c \ub2e4\uc774\ub809\ud2b8 \ucef5 \ub2e4\uc774\uc5b4\uadf8\ub7a8\uc73c\ub85c \uc608\uc120\uc774 \uc9c4\ud589\ub429\ub2c8\ub2e4.<\/p>\n<p>TU11 \ub300\ud45c\ud300 \uc678\uc5d0\ub3c4 \ub0a8\uc790 58kg \uc774\ud558 \ubd80\ubb38\uc758 \ud22c\ub974\ucfe0\uc758 \ub2c8\ucf54 \uc0ac\ub9ac\ub128(Niko Saarinen)\uacfc \uc5ec\uc790 57kg \uc774\ud558 \ubd80\ubb38\uc758 \ub9c8\ub4dc\ub9ac\ub4dc \ucd9c\uc2e0 \uc218\ube44 \ubbf8\ucf54\ub128(Suvi Mikkonen)\uc774 \ud540\ub780\ub4dc \uc608\uc120\uc5d0 \ucc38\uac00\ud569\ub2c8\ub2e4.<\/p>\n<h3>\uc81c\ub098 \ud30c\ub974\ud0c0\ub128, \ud0dc\uad8c\ub3c4, 67kg \uc774\ud558 \uc5ec\uc131, \uacbd\uae30\uc77c \uae08\uc694\uc77c 7.5.<\/h3>\n<p>Jenna\uc758 \uc138\ud2b8\ub294 \ub9e4\uc6b0 \uacf1\uc2ac\uacf1\uc2ac\ud569\ub2c8\ub2e4. \ud604\uc2e4\uc801\uc73c\ub85c \uacbd\uc8fc \ud2f0\ucf13\uc744 \uccad\uad6c\ud560 \uc218 \uc788\ub294 \uc0ac\ub78c\uc740 20\uba85\uc785\ub2c8\ub2e4. \ucd08\uae30\uc5d0 \uac00\uc7a5 \ub208\uc5d0 \ub744\ub294 \uc720\uc77c\ud55c \uc778\ubb3c\uc740 \uc720\ub7fd \uc2dc\ub9ac\uc988 1\uc704\uc778 \ud504\ub791\uc2a4\uc758 Magda Wiet-Hen\uc785\ub2c8\ub2e4. Jenna\ub294 2019 \uc720\ub2c8\ubc84\uc2dc\uc544\ub4dc\uc5d0\uc11c Wiet-Henin\uc744 \uc0c1\ub300\ub85c \uc88b\uc740 \uc131\uc801\uc744 \uac70\ub450\uc5c8\uc2b5\ub2c8\ub2e4.<\/p>\n<p>\ud558\uc9c0\ub9cc \uc81c\ub098\uc758 \ub9c8\ubb34\ub9ac\ub294 \uc798 \ub410\uace0, \uc81c\ub098\ub294 \ub3c4\uc804\uc790 \uc5ed\ud560\uc774\uc9c0\ub9cc \uc790\uc2e0\uac10\uc744 \uac16\uace0 \ub300\ud68c\uc5d0 \ub098\uc120\ub2e4.<\/p>\n<h3>\ub9c8\ud2f0 \uc0ac\uc774\ub77c\ub128 \uc7a5\uc560\uc778 \ud0dc\uad8c\ub3c4, 61kg \uc774\ud558 \ub0a8\uc790, \ubcf5\ud569 \uc7a5\uc560 \uce74\ud14c\uace0\ub9ac K44-K43, \uacbd\uae30\uc77c \uc77c\uc694\uc77c 9.5.<\/h3>\n<p>Matti\ub294 \uc790\uc2e0\uc758 \uc7a5\uc560 \uce74\ud14c\uace0\ub9ac K44\uc5d0\uc11c \uc2dc\ub9ac\uc988 1\uc704\ub97c \ucc28\uc9c0\ud588\uc2b5\ub2c8\ub2e4. K43 \ud1b5\ud569\uc2dc\ub9ac\uc988\uc5d0\uc11c \uc624\ub294 \uc120\uc218\ub4e4\uc758 \ubd80\uc0c1 \uc815\ub3c4\uac00 \ud6e8\uc52c \uc2ec\uac01\ud574 \uc120\ubc1c \uc0c1\ud669\uc740 \uc88b\ub2e4. \uadf8\ub7ec\ub098 \ub300\ud68c \ud615\uc2dd\uc740 \ubd88\uc6b4\uc774\ub098 \uc2e4\uc218\ub97c \ud5c8\uc6a9\ud558\uc9c0 \uc54a\uc2b5\ub2c8\ub2e4. \ud3ec\ud578\ub4dc\uc5d0\uc11c \uac00\uc7a5 \uac15\ub825\ud55c \uc800\ud56d\uc740 \uc544\uc81c\ub974\ubc14\uc774\uc794\uc758 Imamaddin Khalilov\uc785\ub2c8\ub2e4.<\/p>\n<hr \/>\n<h4>\uc81c\ub098 \ud30c\ub974\ud0c0\ub128<\/h4>\n<p><img decoding=\"async\" src=\"https:\/\/tu11.fi\/taekwondo\/wp-content\/uploads\/2021\/05\/Jenna_Partanen_TU11.jpeg\" alt=\"\uc81c\ub098 \ud30c\ub974\ud0c0\ub128\" width=\"750\" height=\"1000\" \/><\/p>\n<p><em>Jenna Partanen(b. 1996)\uc740 \ud5ec\uc2f1\ud0a4\uc5d0 \uac70\uc8fc\ud558\uba70 2011\ub144 \ud5ec\uc2f1\ud0a4 \ud0dc\uad8c\ub3c4 \ud0dc\uad8c\ub3c4 \ud074\ub7fd\uc744 \ub300\ud45c\ud558\uace0 \ud5ec\uc2f1\ud0a4 \ub300\ud559\uad50\uc5d0\uc11c \uc758\ud559\uc744 \uacf5\ubd80\ud558\uace0 \uc788\uc2b5\ub2c8\ub2e4. \uadf8\ub294 10\uc138\uc5d0 \ud0dc\uad8c\ub3c4\ub97c \uc2dc\uc791\ud588\uace0, \uadf8\uc758 \ucd5c\uace0 \uc131\uc801\uc740 21\uc138 \uc774\ud558 \uc720\ub7fd\uc120\uc218\uad8c \ub3d9\uba54\ub2ec, \uc62c\ub9bc\ud53d \uccb4\uae09 \uc720\ub7fd\uc120\uc218\uad8c 5\uc704, \uc720\ub2c8\ubc84\uc2dc\uc544\ub4dc 5\uc704\uc774\ub2e4. \uc81c\ub098\ub294 \uc5ec\uc790 67kg \ubbf8\ub9cc \uccb4\uae09 \uacbd\uae30\uc5d0 \ucd9c\uc804\ud569\ub2c8\ub2e4. \uadf8\ub294 Sampo Pajulampi\uc640 Pauli Raivio\uc758 \ub3c4\uc6c0\uc744 \ubc1b\uc544 Teemu Heino\uc758 \ucf54\uce58\ub97c \ubc1b\uace0 \uc788\uc2b5\ub2c8\ub2e4.<\/em><\/p>\n<hr \/>\n<h4>\ub9c8\ud2f0 \uc0ac\uc774\ub77c\ub128<\/h4>\n<p><img decoding=\"async\" src=\"https:\/\/tu11.fi\/taekwondo\/wp-content\/uploads\/2021\/05\/matti_sairanen_TU11.jpg\" alt=\"\ub9c8\ud2f0 \uc0ac\uc774\ub77c\ub128\" width=\"800\" height=\"1000\" \/><br \/><em>Matti Sairanen(1985\ub144\uc0dd)\uc740 Espoo\uc5d0 \uac70\uc8fc\ud558\uba70 \ud0dc\uad8c\ub3c4 \ud5ec\uc2f1\ud0a4 \ud0dc\uad8c\ub3c4 \uc120\uc218 2011 \ud074\ub7fd\uc744 \ub300\ud45c\ud569\ub2c8\ub2e4. \uadf8\ub294 \ud3c9\ucc3d \ud328\ub7f4\ub9bc\ud53d \uc2a4\ub178\ubcf4\ub4dc \ubc45\ud06c\ub4dc \ud68c\uc804(20\uc704)\uacfc \uc2a4\ub178\ubcf4\ub4dc \ud06c\ub85c\uc2a4(17\uc704)\uc5d0 \ud540\ub780\ub4dc\ub97c \ub300\ud45c\ud588\uace0, \ud0dc\uad8c\ub3c4 \uc7a5\uc560\uc778 \uc138\uacc4 \uc120\uc218\uad8c \ub300\ud68c\uc5d0\uc11c\ub294 \uc740\uba54\ub2ec 2\uac1c\uc640 \ub3d9\uba54\ub2ec 1\uac1c\ub97c \ud68d\ub4dd\ud588\uc2b5\ub2c8\ub2e4. \ud0dc\uad8c\ub3c4\uc5d0\uc11c \ub9e4\ud2b8\uc758 \uc7a5\uc560\ub4f1\uae09\uc740 K44, \uccb4\uae09\uc740 61kg \ubbf8\ub9cc\uc774\ub2e4. \ubcf5\ud569 \uc7a5\uc560 \ubd80\ubb38 K44+K43\uc740 \ub3c4\ucfc4\uc5d0\uc11c \uac1c\ucd5c\ub429\ub2c8\ub2e4. \uadf8\ub294 \uad50\ud1b5\uc0ac\uace0\ub85c \ubd80\uc0c1\uc744 \uc785\uc5c8\uc2b5\ub2c8\ub2e4. \uadf8\ub294 \ud30c\ub77c\ud0dc\uad8c\ub3c4 \uad6d\uac00\ub300\ud45c\ud300\uc758 \uc0ac\ub839\ud0d1\uc774\uae30\ub3c4 \ud55c \uc0bc\ud3ec \ud30c\uc8fc\ub78c\ud53c\uc758 \uc9c0\ub3c4\ub97c \ubc1b\uace0 \uc788\ub2e4.<\/em><\/p>","protected":false},"excerpt":{"rendered":"<p>Jenna Partanen\uacfc Matti Sairanen\uc740 \ub2e4\uc74c\uc73c\ub85c \ubd88\uac00\ub9ac\uc544\uc5d0\uc11c \uc5f4\ub9ac\ub294 \uc608\uc120 \ud1a0\ub108\uba3c\ud2b8\uc5d0 \ucd9c\uc804\ud569\ub2c8\ub2e4. Teemu Heino\ub294 Jenna\uc640 Sampo Pajulampi Matt\ub97c \ucf54\uce58\ud569\ub2c8\ub2e4. \ub610\ud55c \ud30c\uc6b8\ub9ac \ub77c\uc774\ube44\uc624(Pauli Raivio)\uac00 \uc2a4\ud30c\ub9c1 \ud30c\ud2b8\ub108 \ubc0f \ubcf4\uc870 \ucf54\uce58\ub85c \ud569\ub958\ud560 \uc608\uc815\uc785\ub2c8\ub2e4.<\/p>","protected":false},"author":2,"featured_media":12826,"comment_status":"closed","ping_status":"closed","sticky":false,"template":"templates\/template-cover.php","format":"standard","meta":{"footnotes":""},"categories":[1],"tags":[],"class_list":["post-13955","post","type-post","status-publish","format-standard","has-post-thumbnail","hentry","category-yleinen"],"yoast_head":"<!-- This site is optimized with the Yoast SEO plugin v27.2 - https:\/\/yoast.com\/product\/yoast-seo-wordpress\/ -->\n<title>Jenna ja Matti olympia- ja paralympiakarsintoihin - Taekwondourheilijat 2011 | Taekwondoa parhaassa seurassa | Helsinki | Espoo | Vantaa<\/title>\n<meta name=\"description\" content=\"TU11 tarjoaa innostavan ymp\u00e4rist\u00f6n harjoitella taekwondoa kaikenik\u00e4isille ja -tasoisille, aloittelijoista huippu-urheilijoihin. Valmennus on systemaattista ja valmentajat maamme parhaimmistoa. Aloita taekwondo nyt!\" \/>\n<meta name=\"robots\" content=\"index, follow, max-snippet:-1, max-image-preview:large, max-video-preview:-1\" \/>\n<link rel=\"canonical\" href=\"http:\/\/tu11.fi\/taekwondo\/ko\/2021\/05\/\uc62c\ub9bc\ud53d-\ubc0f-\ud328\ub7f4\ub9bc\ud53d-\uc608\uc120\uc5d0-\ucc38\uac00\ud55c-jenna\uc640-matti\/\" \/>\n<script type=\"application\/ld+json\" class=\"yoast-schema-graph\">{\"@context\":\"https:\/\/schema.org\",\"@graph\":[]}<\/script>\n<!-- \/ Yoast SEO plugin. -->","yoast_head_json":{"title":"Jenna ja Matti olympia- ja paralympiakarsintoihin - Taekwondourheilijat 2011 | Taekwondoa parhaassa seurassa | Helsinki | Espoo | Vantaa","description":"TU11\uc740 \ucd08\ubcf4\uc790\ubd80\ud130 \uc5d8\ub9ac\ud2b8 \uc120\uc218\uae4c\uc9c0 \ubaa8\ub4e0 \uc5f0\ub839\uacfc \uc218\uc900\uc758 \ud0dc\uad8c\ub3c4\ub97c \uc5f0\uc2b5\ud560 \uc218 \uc788\ub294 \uc601\uac10\uc744 \uc8fc\ub294 \ud658\uacbd\uc744 \uc81c\uacf5\ud569\ub2c8\ub2e4. \ud6c8\ub828\uc740 \uccb4\uacc4\uc801\uc774\uba70 \ucf54\uce58\uc9c4\uc740 \uc6b0\ub9ac\ub098\ub77c \ucd5c\uace0 \uc218\uc900\uc774\ub2e4. \uc9c0\uae08\ubd80\ud130 \ud0dc\uad8c\ub3c4\ub97c \uc2dc\uc791\ud574 \ubcf4\uc138\uc694!","robots":{"index":"index","follow":"follow","max-snippet":"max-snippet:-1","max-image-preview":"max-image-preview:large","max-video-preview":"max-video-preview:-1"},"canonical":"http:\/\/tu11.fi\/taekwondo\/ko\/2021\/05\/\uc62c\ub9bc\ud53d-\ubc0f-\ud328\ub7f4\ub9bc\ud53d-\uc608\uc120\uc5d0-\ucc38\uac00\ud55c-jenna\uc640-matti\/","schema":{"@context":"https:\/\/schema.org","@graph":[]}},"amp_enabled":true,"head":{"html":["<meta name=\"wpsso-begin\" content=\"wpsso structured data begin\"\/>\n","<!-- generator:1 --><meta name=\"generator\" content=\"WPSSO Core 21.12.0\/L*\"\/>\n","<!-- generator:2 --><meta name=\"generator\" content=\"WPSSO RAR 3.3.0\/S\"\/>\n","<!-- generator:3 --><meta name=\"generator\" content=\"WPSSO REST 3.3.0\/S\"\/>\n","<!-- generator:4 --><meta name=\"generator\" content=\"WPSSO BC 5.5.0\/S\"\/>\n","<!-- generator:5 --><meta name=\"generator\" content=\"WPSSO FAQ 7.1.0\/S\"\/>\n","<!-- generator:6 --><meta name=\"generator\" content=\"WPSSO OPM 5.1.0\/S\"\/>\n","<!-- generator:7 --><meta name=\"generator\" content=\"WPSSO SSM 3.4.0\/S\"\/>\n","<!-- generator:8 --><meta name=\"generator\" content=\"WPSSO TIE 4.1.0\/S\"\/>\n","<!-- generator:9 --><meta name=\"generator\" content=\"WPSSO UM 7.3.0\/S\"\/>\n","<!-- generator:10 --><meta name=\"generator\" content=\"WPSSO UL 4.3.0\/S\"\/>\n","<link rel=\"shortlink\" href=\"http:\/\/tu11.fi\/taekwondo\/ko\/?p=13955\"\/>\n","<meta property=\"fb:app_id\" content=\"966242223397117\"\/>\n","<meta property=\"og:type\" content=\"website\"\/>\n","<meta property=\"og:url\" content=\"http:\/\/tu11.fi\/taekwondo\/ko\/2021\/05\/jenna-ja-matti-olympia-ja-paralympiakarsintoihin\/\"\/>\n","<meta property=\"og:locale\" content=\"ko_KR\"\/>\n","<meta property=\"og:site_name\" content=\"Taekwondourheilijat 2011 | Taekwondoa parhaassa seurassa | Helsinki | Espoo | Vantaa\"\/>\n","<meta property=\"og:title\" content=\"Jenna ja Matti olympia- ja paralympiakarsintoihin  &ndash;...\"\/>\n","<meta property=\"og:description\" content=\"TU11 tarjoaa innostavan ymp&auml;rist&ouml;n harjoitella taekwondoa kaikenik&auml;isille ja -tasoisille, aloittelijoista huippu-urheilijoihin. Valmennus on systemaattista ja valmentajat maamme parhaimmistoa. Aloita taekwondo nyt!\"\/>\n","<meta property=\"og:updated_time\" content=\"2021-05-02T09:48:55+00:00\"\/>\n","<!-- og:image:1 --><meta property=\"og:image\" content=\"http:\/\/tu11.fi\/taekwondo\/wp-content\/uploads\/2020\/08\/punttisali_com_0484_kuvaaja_petri_aho_crop-scaled-1200x630-cropped.jpg\"\/>\n","<!-- og:image:1 --><meta property=\"og:image:width\" content=\"1200\"\/>\n","<!-- og:image:1 --><meta property=\"og:image:height\" content=\"630\"\/>\n","<meta name=\"twitter:domain\" content=\"tu11.fi\"\/>\n","<meta name=\"twitter:site\" content=\"@taekwondourh\"\/>\n","<meta name=\"twitter:title\" content=\"Jenna ja Matti olympia- ja paralympiakarsintoihin  &ndash;...\"\/>\n","<meta name=\"twitter:description\" content=\"TU11 tarjoaa innostavan ymp&auml;rist&ouml;n harjoitella taekwondoa kaikenik&auml;isille ja -tasoisille, aloittelijoista huippu-urheilijoihin. Valmennus on systemaattista ja valmentajat maamme parhaimmistoa...\"\/>\n","<meta name=\"twitter:card\" content=\"summary_large_image\"\/>\n","<meta name=\"twitter:image\" content=\"http:\/\/tu11.fi\/taekwondo\/wp-content\/uploads\/2020\/08\/punttisali_com_0484_kuvaaja_petri_aho_crop-scaled-1200x630-cropped.jpg?p=13955\"\/>\n","<meta name=\"thumbnail\" content=\"http:\/\/tu11.fi\/taekwondo\/wp-content\/uploads\/2020\/08\/punttisali_com_0484_kuvaaja_petri_aho_crop-scaled-1200x630-cropped.jpg\"\/>\n","<script type=\"application\/ld+json\" id=\"wpsso-schema-graph\">{\n    \"@context\": \"https:\/\/schema.org\",\n    \"@graph\": [\n        {\n            \"@id\": \"#sso\/knowledge-graph\/sports-team\/13955\",\n            \"@context\": \"https:\/\/schema.org\",\n            \"@type\": \"SportsTeam\",\n            \"mainEntityOfPage\": \"http:\/\/tu11.fi\/taekwondo\/ko\/2021\/05\/jenna-ja-matti-olympia-ja-paralympiakarsintoihin\/\",\n            \"url\": \"http:\/\/tu11.fi\/taekwondo\/ko\/2021\/05\/jenna-ja-matti-olympia-ja-paralympiakarsintoihin\/\",\n            \"sameAs\": [\n                \"http:\/\/tu11.fi\/taekwondo\/ko\/?p=13955\"\n            ],\n            \"name\": \"Jenna ja Matti olympia- ja paralympiakarsintoihin  &ndash;...\",\n            \"alternateName\": \"Jenna ja Matti olympia- ja paralympiakarsintoihin  &ndash; Taekwondourheilijat 2011 | Taekwondoa parhaassa...\",\n            \"description\": \"TU11 tarjoaa innostavan ymp&auml;rist&ouml;n harjoitella taekwondoa kaikenik&auml;isille ja -tasoisille, aloittelijoista huippu-urheilijoihin. Valmennus on systemaattista ja valmentajat maamme parhaimmistoa. Aloita taekwondo nyt!\",\n            \"image\": [\n                {\n                    \"@id\": \"http:\/\/tu11.fi\/taekwondo\/wp-content\/uploads\/2020\/08\/punttisali_com_0484_kuvaaja_petri_aho_crop-scaled-1200x1200-cropped.jpg#sso\/image-object\"\n                },\n                {\n                    \"@id\": \"http:\/\/tu11.fi\/taekwondo\/wp-content\/uploads\/2020\/08\/punttisali_com_0484_kuvaaja_petri_aho_crop-scaled-1200x900-cropped.jpg#sso\/image-object\"\n                },\n                {\n                    \"@id\": \"http:\/\/tu11.fi\/taekwondo\/wp-content\/uploads\/2020\/08\/punttisali_com_0484_kuvaaja_petri_aho_crop-scaled-1200x675-cropped.jpg#sso\/image-object\"\n                }\n            ]\n        },\n        {\n            \"@id\": \"http:\/\/tu11.fi\/taekwondo\/wp-content\/uploads\/2020\/08\/punttisali_com_0484_kuvaaja_petri_aho_crop-scaled-1200x1200-cropped.jpg#sso\/image-object\",\n            \"@context\": \"https:\/\/schema.org\",\n            \"@type\": \"ImageObject\",\n            \"url\": \"http:\/\/tu11.fi\/taekwondo\/wp-content\/uploads\/2020\/08\/punttisali_com_0484_kuvaaja_petri_aho_crop-scaled-1200x1200-cropped.jpg\",\n            \"identifier\": \"12826-wpsso-schema-1x1\",\n            \"name\": \"punttisali_com_0484_kuvaaja_petri_aho_crop  &ndash; Taekwondourheilijat...\",\n            \"alternateName\": \"punttisali_com_0484_kuvaaja_petri_aho_crop  &ndash; Taekwondourheilijat 2011 | Taekwondoa parhaassa seurassa |...\",\n            \"description\": \"No Description.\",\n            \"encodingFormat\": \"image\/jpeg\",\n            \"uploadDate\": \"2020-08-06T14:28:09+00:00\",\n            \"width\": [\n                {\n                    \"@id\": \"#sso\/qv-width-px-1200\"\n                }\n            ],\n            \"height\": [\n                {\n                    \"@id\": \"#sso\/qv-height-px-1200\"\n                }\n            ]\n        },\n        {\n            \"@id\": \"#sso\/qv-width-px-1200\",\n            \"@context\": \"https:\/\/schema.org\",\n            \"@type\": \"QuantitativeValue\",\n            \"name\": \"Width\",\n            \"unitText\": \"px\",\n            \"unitCode\": \"E37\",\n            \"value\": \"1200\"\n        },\n        {\n            \"@id\": \"#sso\/qv-height-px-1200\",\n            \"@context\": \"https:\/\/schema.org\",\n            \"@type\": \"QuantitativeValue\",\n            \"name\": \"Height\",\n            \"unitText\": \"px\",\n            \"unitCode\": \"E37\",\n            \"value\": \"1200\"\n        },\n        {\n            \"@id\": \"http:\/\/tu11.fi\/taekwondo\/wp-content\/uploads\/2020\/08\/punttisali_com_0484_kuvaaja_petri_aho_crop-scaled-1200x900-cropped.jpg#sso\/image-object\",\n            \"@context\": \"https:\/\/schema.org\",\n            \"@type\": \"ImageObject\",\n            \"url\": \"http:\/\/tu11.fi\/taekwondo\/wp-content\/uploads\/2020\/08\/punttisali_com_0484_kuvaaja_petri_aho_crop-scaled-1200x900-cropped.jpg\",\n            \"identifier\": \"12826-wpsso-schema-4x3\",\n            \"name\": \"punttisali_com_0484_kuvaaja_petri_aho_crop  &ndash; Taekwondourheilijat...\",\n            \"alternateName\": \"punttisali_com_0484_kuvaaja_petri_aho_crop  &ndash; Taekwondourheilijat 2011 | Taekwondoa parhaassa seurassa |...\",\n            \"description\": \"No Description.\",\n            \"encodingFormat\": \"image\/jpeg\",\n            \"uploadDate\": \"2020-08-06T14:28:09+00:00\",\n            \"width\": [\n                {\n                    \"@id\": \"#sso\/qv-width-px-1200\"\n                }\n            ],\n            \"height\": [\n                {\n                    \"@id\": \"#sso\/qv-height-px-900\"\n                }\n            ]\n        },\n        {\n            \"@id\": \"#sso\/qv-height-px-900\",\n            \"@context\": \"https:\/\/schema.org\",\n            \"@type\": \"QuantitativeValue\",\n            \"name\": \"Height\",\n            \"unitText\": \"px\",\n            \"unitCode\": \"E37\",\n            \"value\": \"900\"\n        },\n        {\n            \"@id\": \"http:\/\/tu11.fi\/taekwondo\/wp-content\/uploads\/2020\/08\/punttisali_com_0484_kuvaaja_petri_aho_crop-scaled-1200x675-cropped.jpg#sso\/image-object\",\n            \"@context\": \"https:\/\/schema.org\",\n            \"@type\": \"ImageObject\",\n            \"url\": \"http:\/\/tu11.fi\/taekwondo\/wp-content\/uploads\/2020\/08\/punttisali_com_0484_kuvaaja_petri_aho_crop-scaled-1200x675-cropped.jpg\",\n            \"identifier\": \"12826-wpsso-schema-16x9\",\n            \"name\": \"punttisali_com_0484_kuvaaja_petri_aho_crop  &ndash; Taekwondourheilijat...\",\n            \"alternateName\": \"punttisali_com_0484_kuvaaja_petri_aho_crop  &ndash; Taekwondourheilijat 2011 | Taekwondoa parhaassa seurassa |...\",\n            \"description\": \"No Description.\",\n            \"encodingFormat\": \"image\/jpeg\",\n            \"uploadDate\": \"2020-08-06T14:28:09+00:00\",\n            \"width\": [\n                {\n                    \"@id\": \"#sso\/qv-width-px-1200\"\n                }\n            ],\n            \"height\": [\n                {\n                    \"@id\": \"#sso\/qv-height-px-675\"\n                }\n            ]\n        },\n        {\n            \"@id\": \"#sso\/qv-height-px-675\",\n            \"@context\": \"https:\/\/schema.org\",\n            \"@type\": \"QuantitativeValue\",\n            \"name\": \"Height\",\n            \"unitText\": \"px\",\n            \"unitCode\": \"E37\",\n            \"value\": \"675\"\n        },\n        {\n            \"@id\": \"\/2021\/05\/jenna-ja-matti-olympia-ja-paralympiakarsintoihin\/#sso\/breadcrumb.list\/yleinen\",\n            \"@context\": \"https:\/\/schema.org\",\n            \"@type\": \"BreadcrumbList\",\n            \"url\": \"http:\/\/tu11.fi\/taekwondo\/ko\/2021\/05\/jenna-ja-matti-olympia-ja-paralympiakarsintoihin\/\",\n            \"itemListElement\": [\n                {\n                    \"@context\": \"https:\/\/schema.org\",\n                    \"@type\": \"ListItem\",\n                    \"position\": 1,\n                    \"name\": \"Home\",\n                    \"item\": \"http:\/\/tu11.fi\/taekwondo\/ko\/\"\n                },\n                {\n                    \"@context\": \"https:\/\/schema.org\",\n                    \"@type\": \"ListItem\",\n                    \"position\": 2,\n                    \"name\": \"Blog\",\n                    \"item\": \"http:\/\/tu11.fi\/taekwondo\/\"\n                },\n                {\n                    \"@context\": \"https:\/\/schema.org\",\n                    \"@type\": \"ListItem\",\n                    \"position\": 3,\n                    \"name\": \"Yleinen Archives   Taekwondourheilijat 2011 | Taekwondoa parhaassa...\",\n                    \"item\": \"http:\/\/tu11.fi\/taekwondo\/ko\/category\/yleinen\/\"\n                },\n                {\n                    \"@context\": \"https:\/\/schema.org\",\n                    \"@type\": \"ListItem\",\n                    \"position\": 4,\n                    \"name\": \"Jenna ja Matti olympia- ja paralympiakarsintoihin...\",\n                    \"item\": \"http:\/\/tu11.fi\/taekwondo\/ko\/2021\/05\/jenna-ja-matti-olympia-ja-paralympiakarsintoihin\/\"\n                }\n            ]\n        }\n    ]\n}<\/script>\n","<meta name=\"wpsso-end\" content=\"wpsso structured data end\"\/>\n","<meta name=\"wpsso-cached\" content=\"no cache for tu11.fi\/taekwondo\"\/>\n"],"json":[{"@context":"https:\/\/schema.org","@graph":[{"@id":"#sso\/knowledge-graph\/sports-team\/13955","@context":"https:\/\/schema.org","@type":"SportsTeam","mainEntityOfPage":"http:\/\/tu11.fi\/taekwondo\/ko\/2021\/05\/jenna-ja-matti-olympia-ja-paralympiakarsintoihin\/","url":"http:\/\/tu11.fi\/taekwondo\/ko\/2021\/05\/jenna-ja-matti-olympia-ja-paralympiakarsintoihin\/","sameAs":["http:\/\/tu11.fi\/taekwondo\/ko\/?p=13955"],"name":"Jenna ja Matti olympia- ja paralympiakarsintoihin  &ndash;...","alternateName":"Jenna ja Matti olympia- ja paralympiakarsintoihin  &ndash; Taekwondourheilijat 2011 | Taekwondoa parhaassa...","description":"TU11 tarjoaa innostavan ymp&auml;rist&ouml;n harjoitella taekwondoa kaikenik&auml;isille ja -tasoisille, aloittelijoista huippu-urheilijoihin. Valmennus on systemaattista ja valmentajat maamme parhaimmistoa. Aloita taekwondo nyt!","image":[{"@id":"http:\/\/tu11.fi\/taekwondo\/wp-content\/uploads\/2020\/08\/punttisali_com_0484_kuvaaja_petri_aho_crop-scaled-1200x1200-cropped.jpg#sso\/image-object"},{"@id":"http:\/\/tu11.fi\/taekwondo\/wp-content\/uploads\/2020\/08\/punttisali_com_0484_kuvaaja_petri_aho_crop-scaled-1200x900-cropped.jpg#sso\/image-object"},{"@id":"http:\/\/tu11.fi\/taekwondo\/wp-content\/uploads\/2020\/08\/punttisali_com_0484_kuvaaja_petri_aho_crop-scaled-1200x675-cropped.jpg#sso\/image-object"}]},{"@id":"http:\/\/tu11.fi\/taekwondo\/wp-content\/uploads\/2020\/08\/punttisali_com_0484_kuvaaja_petri_aho_crop-scaled-1200x1200-cropped.jpg#sso\/image-object","@context":"https:\/\/schema.org","@type":"ImageObject","url":"http:\/\/tu11.fi\/taekwondo\/wp-content\/uploads\/2020\/08\/punttisali_com_0484_kuvaaja_petri_aho_crop-scaled-1200x1200-cropped.jpg","identifier":"12826-wpsso-schema-1x1","name":"punttisali_com_0484_kuvaaja_petri_aho_crop  &ndash; Taekwondourheilijat...","alternateName":"punttisali_com_0484_kuvaaja_petri_aho_crop  &ndash; Taekwondourheilijat 2011 | Taekwondoa parhaassa seurassa |...","description":"No Description.","encodingFormat":"image\/jpeg","uploadDate":"2020-08-06T14:28:09+00:00","width":[{"@id":"#sso\/qv-width-px-1200"}],"height":[{"@id":"#sso\/qv-height-px-1200"}]},{"@id":"#sso\/qv-width-px-1200","@context":"https:\/\/schema.org","@type":"QuantitativeValue","name":"Width","unitText":"px","unitCode":"E37","value":"1200"},{"@id":"#sso\/qv-height-px-1200","@context":"https:\/\/schema.org","@type":"QuantitativeValue","name":"Height","unitText":"px","unitCode":"E37","value":"1200"},{"@id":"http:\/\/tu11.fi\/taekwondo\/wp-content\/uploads\/2020\/08\/punttisali_com_0484_kuvaaja_petri_aho_crop-scaled-1200x900-cropped.jpg#sso\/image-object","@context":"https:\/\/schema.org","@type":"ImageObject","url":"http:\/\/tu11.fi\/taekwondo\/wp-content\/uploads\/2020\/08\/punttisali_com_0484_kuvaaja_petri_aho_crop-scaled-1200x900-cropped.jpg","identifier":"12826-wpsso-schema-4x3","name":"punttisali_com_0484_kuvaaja_petri_aho_crop  &ndash; Taekwondourheilijat...","alternateName":"punttisali_com_0484_kuvaaja_petri_aho_crop  &ndash; Taekwondourheilijat 2011 | Taekwondoa parhaassa seurassa |...","description":"No Description.","encodingFormat":"image\/jpeg","uploadDate":"2020-08-06T14:28:09+00:00","width":[{"@id":"#sso\/qv-width-px-1200"}],"height":[{"@id":"#sso\/qv-height-px-900"}]},{"@id":"#sso\/qv-height-px-900","@context":"https:\/\/schema.org","@type":"QuantitativeValue","name":"Height","unitText":"px","unitCode":"E37","value":"900"},{"@id":"http:\/\/tu11.fi\/taekwondo\/wp-content\/uploads\/2020\/08\/punttisali_com_0484_kuvaaja_petri_aho_crop-scaled-1200x675-cropped.jpg#sso\/image-object","@context":"https:\/\/schema.org","@type":"ImageObject","url":"http:\/\/tu11.fi\/taekwondo\/wp-content\/uploads\/2020\/08\/punttisali_com_0484_kuvaaja_petri_aho_crop-scaled-1200x675-cropped.jpg","identifier":"12826-wpsso-schema-16x9","name":"punttisali_com_0484_kuvaaja_petri_aho_crop  &ndash; Taekwondourheilijat...","alternateName":"punttisali_com_0484_kuvaaja_petri_aho_crop  &ndash; Taekwondourheilijat 2011 | Taekwondoa parhaassa seurassa |...","description":"No Description.","encodingFormat":"image\/jpeg","uploadDate":"2020-08-06T14:28:09+00:00","width":[{"@id":"#sso\/qv-width-px-1200"}],"height":[{"@id":"#sso\/qv-height-px-675"}]},{"@id":"#sso\/qv-height-px-675","@context":"https:\/\/schema.org","@type":"QuantitativeValue","name":"Height","unitText":"px","unitCode":"E37","value":"675"},{"@id":"\/2021\/05\/jenna-ja-matti-olympia-ja-paralympiakarsintoihin\/#sso\/breadcrumb.list\/yleinen","@context":"https:\/\/schema.org","@type":"BreadcrumbList","url":"http:\/\/tu11.fi\/taekwondo\/ko\/2021\/05\/jenna-ja-matti-olympia-ja-paralympiakarsintoihin\/","itemListElement":[{"@context":"https:\/\/schema.org","@type":"ListItem","position":1,"name":"Home","item":"http:\/\/tu11.fi\/taekwondo\/ko\/"},{"@context":"https:\/\/schema.org","@type":"ListItem","position":2,"name":"Blog","item":"http:\/\/tu11.fi\/taekwondo\/"},{"@context":"https:\/\/schema.org","@type":"ListItem","position":3,"name":"Yleinen Archives   Taekwondourheilijat 2011 | Taekwondoa parhaassa...","item":"http:\/\/tu11.fi\/taekwondo\/ko\/category\/yleinen\/"},{"@context":"https:\/\/schema.org","@type":"ListItem","position":4,"name":"Jenna ja Matti olympia- ja paralympiakarsintoihin...","item":"http:\/\/tu11.fi\/taekwondo\/ko\/2021\/05\/jenna-ja-matti-olympia-ja-paralympiakarsintoihin\/"}]}]}],"parts":[["meta","name","generator","content","WPSSO Core 21.12.0\/L*","generator:1"],["meta","name","generator","content","WPSSO RAR 3.3.0\/S","generator:2"],["meta","name","generator","content","WPSSO REST 3.3.0\/S","generator:3"],["meta","name","generator","content","WPSSO BC 5.5.0\/S","generator:4"],["meta","name","generator","content","WPSSO FAQ 7.1.0\/S","generator:5"],["meta","name","generator","content","WPSSO OPM 5.1.0\/S","generator:6"],["meta","name","generator","content","WPSSO SSM 3.4.0\/S","generator:7"],["meta","name","generator","content","WPSSO TIE 4.1.0\/S","generator:8"],["meta","name","generator","content","WPSSO UM 7.3.0\/S","generator:9"],["meta","name","generator","content","WPSSO UL 4.3.0\/S","generator:10"],["link","rel","shortlink","href","http:\/\/tu11.fi\/taekwondo\/ko\/?p=13955",""],["meta","property","fb:app_id","content","966242223397117",""],["meta","property","og:time","content","2026-04-26T13:27:13+00:00",""],["meta","property","og:type","content","website",""],["meta","property","og:url","content","http:\/\/tu11.fi\/taekwondo\/ko\/2021\/05\/jenna-ja-matti-olympia-ja-paralympiakarsintoihin\/",""],["meta","property","og:locale","content","ko_KR",""],["meta","property","og:site_name","content","Taekwondourheilijat 2011 | Taekwondoa parhaassa seurassa | Helsinki | Espoo | Vantaa",""],["meta","property","og:title","content","Jenna ja Matti olympia- ja paralympiakarsintoihin  &ndash;...",""],["meta","property","og:description","content","TU11 tarjoaa innostavan ymp&auml;rist&ouml;n harjoitella taekwondoa kaikenik&auml;isille ja -tasoisille, aloittelijoista huippu-urheilijoihin. Valmennus on systemaattista ja valmentajat maamme parhaimmistoa. Aloita taekwondo nyt!",""],["meta","property","og:updated_time","content","2021-05-02T09:48:55+00:00",""],["meta","property","og:image:url","content","http:\/\/tu11.fi\/taekwondo\/wp-content\/uploads\/2020\/08\/punttisali_com_0484_kuvaaja_petri_aho_crop-scaled-1200x630-cropped.jpg","og:image:1"],["meta","property","og:image","content","http:\/\/tu11.fi\/taekwondo\/wp-content\/uploads\/2020\/08\/punttisali_com_0484_kuvaaja_petri_aho_crop-scaled-1200x630-cropped.jpg","og:image:1"],["meta","property","og:image:width","content","1200","og:image:1"],["meta","property","og:image:height","content","630","og:image:1"],["meta","property","og:image:cropped","content","true","og:image:1"],["meta","property","og:image:id","content","12826","og:image:1"],["meta","property","og:image:size_name","content","wpsso-opengraph","og:image:1"],["meta","name","schema:language","content","ko_KR",""],["meta","name","schema:type:id","content","sports.team",""],["meta","name","schema:type:url","content","https:\/\/schema.org\/SportsTeam",""],["meta","name","schema:type:context","content","https:\/\/schema.org",""],["meta","name","schema:type:name","content","SportsTeam",""],["meta","name","schema:type:path","content","schema.org\/SportsTeam",""],["meta","property","article:author:name","content","Sampo Pajulampi",""],["meta","property","article:reading_mins","content","2",""],["meta","name","twitter:domain","content","tu11.fi",""],["meta","name","twitter:site","content","@taekwondourh",""],["meta","name","twitter:title","content","Jenna ja Matti olympia- ja paralympiakarsintoihin  &ndash;...",""],["meta","name","twitter:description","content","TU11 tarjoaa innostavan ymp&auml;rist&ouml;n harjoitella taekwondoa kaikenik&auml;isille ja -tasoisille, aloittelijoista huippu-urheilijoihin. Valmennus on systemaattista ja valmentajat maamme parhaimmistoa...",""],["meta","name","twitter:card","content","summary_large_image",""],["meta","name","twitter:image","content","http:\/\/tu11.fi\/taekwondo\/wp-content\/uploads\/2020\/08\/punttisali_com_0484_kuvaaja_petri_aho_crop-scaled-1200x630-cropped.jpg?p=13955",""],["meta","name","thumbnail","content","http:\/\/tu11.fi\/taekwondo\/wp-content\/uploads\/2020\/08\/punttisali_com_0484_kuvaaja_petri_aho_crop-scaled-1200x630-cropped.jpg",""]]},"_links":{"self":[{"href":"http:\/\/tu11.fi\/taekwondo\/ko\/wp-json\/wp\/v2\/posts\/13955","targetHints":{"allow":["GET"]}}],"collection":[{"href":"http:\/\/tu11.fi\/taekwondo\/ko\/wp-json\/wp\/v2\/posts"}],"about":[{"href":"http:\/\/tu11.fi\/taekwondo\/ko\/wp-json\/wp\/v2\/types\/post"}],"author":[{"embeddable":true,"href":"http:\/\/tu11.fi\/taekwondo\/ko\/wp-json\/wp\/v2\/users\/2"}],"replies":[{"embeddable":true,"href":"http:\/\/tu11.fi\/taekwondo\/ko\/wp-json\/wp\/v2\/comments?post=13955"}],"version-history":[{"count":0,"href":"http:\/\/tu11.fi\/taekwondo\/ko\/wp-json\/wp\/v2\/posts\/13955\/revisions"}],"wp:featuredmedia":[{"embeddable":true,"href":"http:\/\/tu11.fi\/taekwondo\/ko\/wp-json\/wp\/v2\/media\/12826"}],"wp:attachment":[{"href":"http:\/\/tu11.fi\/taekwondo\/ko\/wp-json\/wp\/v2\/media?parent=13955"}],"wp:term":[{"taxonomy":"category","embeddable":true,"href":"http:\/\/tu11.fi\/taekwondo\/ko\/wp-json\/wp\/v2\/categories?post=13955"},{"taxonomy":"post_tag","embeddable":true,"href":"http:\/\/tu11.fi\/taekwondo\/ko\/wp-json\/wp\/v2\/tags?post=13955"}],"curies":[{"name":"wp","href":"https:\/\/api.w.org\/{rel}","templated":true}]}}