{"id":15095,"date":"2021-11-21T19:40:12","date_gmt":"2021-11-21T19:40:12","guid":{"rendered":"https:\/\/tu11.fi\/taekwondo\/?p=15095"},"modified":"2021-11-21T20:08:28","modified_gmt":"2021-11-21T20:08:28","slug":"gold-from-the-em-championships-in-business-series","status":"publish","type":"post","link":"https:\/\/tu11.fi\/taekwondo\/en\/2021\/11\/kultaa-liikesarjojen-em-kisoista\/","title":{"rendered":"Gold and silver from the EC championships in business series!"},"content":{"rendered":"<p>On the final day of the competition, the Portuguese sun smiled on the Finns and especially the taekwondo athletes, when Aino Kortelainen, Sofia Sarala and Airada Heikkinen (Kuopio) brought gold in the cadet girls&#039; group series. Christian Kamphuis took silver together with Olli Siltanen and Frans Salme from Turku in the U30 group series.<br><br>Taekwondo athletes are represented by Christian Kamphuis, Aino Kortelainen and Sofia Sarala. Christian participated in the adult freestyle series (ranking 7th) and the U30 group series. Aino participated in the cadet girls&#039; individual series (ranking 8th) and the cadet girls&#039; group series. Sofia also participated in the cadet doubles series together with Lassi Kaasinen (Herttoniemi) (ranking 6th).<\/p>\n\n\n\n<p><img decoding=\"async\" src=\"https:\/\/tu11.fi\/taekwondo\/wp-content\/uploads\/2021\/11\/IMG-20211121-WA0011.jpg\" alt=\"\" \/><\/p>\n\n\n\n<p><\/p>\n\n\n\n<p><\/p>\n\n\n\n<p><img decoding=\"async\" src=\"https:\/\/tu11.fi\/taekwondo\/wp-content\/uploads\/2021\/11\/Image-from-iOS-scaled.jpg\" alt=\"\"><\/p>\n\n\n\n<p><br><\/p>","protected":false},"excerpt":{"rendered":"<p>The EC championships for business series took place in Seixal, Protugal, on November 18-21. Aino Kortelainen, Sofia Sarala and Airada Heikkinen (Kuopio) brought gold in the cadet girls&#039; group series. Christian Kamphuis brought silver together with Frans Salmi (Turku) and Olli Siltanen (Turku) from the U30 group series.<\/p>","protected":false},"author":2,"featured_media":15096,"comment_status":"closed","ping_status":"closed","sticky":false,"template":"templates\/template-cover.php","format":"standard","meta":{"footnotes":""},"categories":[1],"tags":[],"class_list":["post-15095","post","type-post","status-publish","format-standard","has-post-thumbnail","hentry","category-yleinen"],"yoast_head":"<!-- This site is optimized with the Yoast SEO plugin v27.2 - https:\/\/yoast.com\/product\/yoast-seo-wordpress\/ -->\n<title>Kultaa ja hopeaa liikesarjojen EM-kisoista! - Taekwondourheilijat 2011 | Taekwondoa parhaassa seurassa | Helsinki | Espoo | Vantaa<\/title>\n<meta name=\"description\" content=\"TU11 tarjoaa innostavan ymp\u00e4rist\u00f6n harjoitella taekwondoa kaikenik\u00e4isille ja -tasoisille, aloittelijoista huippu-urheilijoihin. Valmennus on systemaattista ja valmentajat maamme parhaimmistoa. Aloita taekwondo nyt!\" \/>\n<meta name=\"robots\" content=\"index, follow, max-snippet:-1, max-image-preview:large, max-video-preview:-1\" \/>\n<link rel=\"canonical\" href=\"https:\/\/tu11.fi\/taekwondo\/en\/2021\/11\/gold-from-the-em-championships-in-business-series\/\" \/>\n<script type=\"application\/ld+json\" class=\"yoast-schema-graph\">{\"@context\":\"https:\/\/schema.org\",\"@graph\":[]}<\/script>\n<!-- \/ Yoast SEO plugin. -->","yoast_head_json":{"title":"Kultaa ja hopeaa liikesarjojen EM-kisoista! - Taekwondourheilijat 2011 | Taekwondoa parhaassa seurassa | Helsinki | Espoo | Vantaa","description":"TU11 offers an inspiring environment to practice taekwondo for all ages and levels, from beginners to elite athletes. The training is systematic and the coaches are the best in our country. Start taekwondo now!","robots":{"index":"index","follow":"follow","max-snippet":"max-snippet:-1","max-image-preview":"max-image-preview:large","max-video-preview":"max-video-preview:-1"},"canonical":"https:\/\/tu11.fi\/taekwondo\/en\/2021\/11\/gold-from-the-em-championships-in-business-series\/","schema":{"@context":"https:\/\/schema.org","@graph":[]}},"amp_enabled":true,"head":{"html":["<meta name=\"wpsso-begin\" content=\"wpsso structured data begin\"\/>\n","<!-- generator:1 --><meta name=\"generator\" content=\"WPSSO Core 21.12.0\/L*\"\/>\n","<!-- generator:2 --><meta name=\"generator\" content=\"WPSSO RAR 3.3.0\/S\"\/>\n","<!-- generator:3 --><meta name=\"generator\" content=\"WPSSO REST 3.3.0\/S\"\/>\n","<!-- generator:4 --><meta name=\"generator\" content=\"WPSSO BC 5.5.0\/S\"\/>\n","<!-- generator:5 --><meta name=\"generator\" content=\"WPSSO FAQ 7.1.0\/S\"\/>\n","<!-- generator:6 --><meta name=\"generator\" content=\"WPSSO OPM 5.1.0\/S\"\/>\n","<!-- generator:7 --><meta name=\"generator\" content=\"WPSSO SSM 3.4.0\/S\"\/>\n","<!-- generator:8 --><meta name=\"generator\" content=\"WPSSO TIE 4.1.0\/S\"\/>\n","<!-- generator:9 --><meta name=\"generator\" content=\"WPSSO UM 7.3.0\/S\"\/>\n","<!-- generator:10 --><meta name=\"generator\" content=\"WPSSO UL 4.3.0\/S\"\/>\n","<link rel=\"shortlink\" href=\"https:\/\/tu11.fi\/taekwondo\/en\/?p=15095\"\/>\n","<meta property=\"fb:app_id\" content=\"966242223397117\"\/>\n","<meta property=\"og:type\" content=\"website\"\/>\n","<meta property=\"og:url\" content=\"https:\/\/tu11.fi\/taekwondo\/en\/2021\/11\/kultaa-liikesarjojen-em-kisoista\/\"\/>\n","<meta property=\"og:locale\" content=\"en_US\"\/>\n","<meta property=\"og:site_name\" content=\"Taekwondourheilijat 2011 | Taekwondoa parhaassa seurassa | Helsinki | Espoo | Vantaa\"\/>\n","<meta property=\"og:title\" content=\"Kultaa ja hopeaa liikesarjojen EM-kisoista!  &ndash; Taekwondourheilijat...\"\/>\n","<meta property=\"og:description\" content=\"TU11 tarjoaa innostavan ymp&auml;rist&ouml;n harjoitella taekwondoa kaikenik&auml;isille ja -tasoisille, aloittelijoista huippu-urheilijoihin. Valmennus on systemaattista ja valmentajat maamme parhaimmistoa. Aloita taekwondo nyt!\"\/>\n","<meta property=\"og:updated_time\" content=\"2021-11-21T20:08:28+00:00\"\/>\n","<!-- og:image:1 --><meta property=\"og:image\" content=\"https:\/\/tu11.fi\/taekwondo\/wp-content\/uploads\/2021\/11\/AinoKortelainen_AiradaHeikkinen_SofiaSarala-1200x630-cropped.jpeg\"\/>\n","<!-- og:image:1 --><meta property=\"og:image:width\" content=\"1200\"\/>\n","<!-- og:image:1 --><meta property=\"og:image:height\" content=\"630\"\/>\n","<meta name=\"twitter:domain\" content=\"tu11.fi\"\/>\n","<meta name=\"twitter:site\" content=\"@taekwondourh\"\/>\n","<meta name=\"twitter:title\" content=\"Kultaa ja hopeaa liikesarjojen EM-kisoista!  &ndash; Taekwondourheilijat...\"\/>\n","<meta name=\"twitter:description\" content=\"TU11 tarjoaa innostavan ymp&auml;rist&ouml;n harjoitella taekwondoa kaikenik&auml;isille ja -tasoisille, aloittelijoista huippu-urheilijoihin. Valmennus on systemaattista ja valmentajat maamme parhaimmistoa...\"\/>\n","<meta name=\"twitter:card\" content=\"summary_large_image\"\/>\n","<meta name=\"twitter:image\" content=\"https:\/\/tu11.fi\/taekwondo\/wp-content\/uploads\/2021\/11\/AinoKortelainen_AiradaHeikkinen_SofiaSarala-1200x630-cropped.jpeg?p=15095\"\/>\n","<meta name=\"thumbnail\" content=\"https:\/\/tu11.fi\/taekwondo\/wp-content\/uploads\/2021\/11\/AinoKortelainen_AiradaHeikkinen_SofiaSarala-1200x630-cropped.jpeg\"\/>\n","<script type=\"application\/ld+json\" id=\"wpsso-schema-graph\">{\n    \"@context\": \"https:\/\/schema.org\",\n    \"@graph\": [\n        {\n            \"@id\": \"#sso\/knowledge-graph\/sports-team\/15095\",\n            \"@context\": \"https:\/\/schema.org\",\n            \"@type\": \"SportsTeam\",\n            \"mainEntityOfPage\": \"https:\/\/tu11.fi\/taekwondo\/en\/2021\/11\/kultaa-liikesarjojen-em-kisoista\/\",\n            \"url\": \"https:\/\/tu11.fi\/taekwondo\/en\/2021\/11\/kultaa-liikesarjojen-em-kisoista\/\",\n            \"sameAs\": [\n                \"https:\/\/tu11.fi\/taekwondo\/en\/?p=15095\"\n            ],\n            \"name\": \"Kultaa ja hopeaa liikesarjojen EM-kisoista!  &ndash; Taekwondourheilijat...\",\n            \"alternateName\": \"Kultaa ja hopeaa liikesarjojen EM-kisoista!  &ndash; Taekwondourheilijat 2011 | Taekwondoa parhaassa seurassa |...\",\n            \"description\": \"TU11 tarjoaa innostavan ymp&auml;rist&ouml;n harjoitella taekwondoa kaikenik&auml;isille ja -tasoisille, aloittelijoista huippu-urheilijoihin. Valmennus on systemaattista ja valmentajat maamme parhaimmistoa. Aloita taekwondo nyt!\",\n            \"image\": [\n                {\n                    \"@id\": \"https:\/\/tu11.fi\/taekwondo\/wp-content\/uploads\/2021\/11\/AinoKortelainen_AiradaHeikkinen_SofiaSarala-1200x1200-cropped.jpeg#sso\/image-object\"\n                },\n                {\n                    \"@id\": \"https:\/\/tu11.fi\/taekwondo\/wp-content\/uploads\/2021\/11\/AinoKortelainen_AiradaHeikkinen_SofiaSarala-1200x900-cropped.jpeg#sso\/image-object\"\n                },\n                {\n                    \"@id\": \"https:\/\/tu11.fi\/taekwondo\/wp-content\/uploads\/2021\/11\/AinoKortelainen_AiradaHeikkinen_SofiaSarala-1200x675-cropped.jpeg#sso\/image-object\"\n                }\n            ]\n        },\n        {\n            \"@id\": \"https:\/\/tu11.fi\/taekwondo\/wp-content\/uploads\/2021\/11\/AinoKortelainen_AiradaHeikkinen_SofiaSarala-1200x1200-cropped.jpeg#sso\/image-object\",\n            \"@context\": \"https:\/\/schema.org\",\n            \"@type\": \"ImageObject\",\n            \"url\": \"https:\/\/tu11.fi\/taekwondo\/wp-content\/uploads\/2021\/11\/AinoKortelainen_AiradaHeikkinen_SofiaSarala-1200x1200-cropped.jpeg\",\n            \"identifier\": \"15096-wpsso-schema-1x1\",\n            \"name\": \"AinoKortelainen_AiradaHeikkinen_SofiaSarala  &ndash; Taekwondourheilijat...\",\n            \"alternateName\": \"AinoKortelainen_AiradaHeikkinen_SofiaSarala  &ndash; Taekwondourheilijat 2011 | Taekwondoa parhaassa seurassa |...\",\n            \"description\": \"No Description.\",\n            \"encodingFormat\": \"image\/jpeg\",\n            \"uploadDate\": \"2021-11-21T19:35:47+00:00\",\n            \"width\": [\n                {\n                    \"@id\": \"#sso\/qv-width-px-1200\"\n                }\n            ],\n            \"height\": [\n                {\n                    \"@id\": \"#sso\/qv-height-px-1200\"\n                }\n            ]\n        },\n        {\n            \"@id\": \"#sso\/qv-width-px-1200\",\n            \"@context\": \"https:\/\/schema.org\",\n            \"@type\": \"QuantitativeValue\",\n            \"name\": \"Width\",\n            \"unitText\": \"px\",\n            \"unitCode\": \"E37\",\n            \"value\": \"1200\"\n        },\n        {\n            \"@id\": \"#sso\/qv-height-px-1200\",\n            \"@context\": \"https:\/\/schema.org\",\n            \"@type\": \"QuantitativeValue\",\n            \"name\": \"Height\",\n            \"unitText\": \"px\",\n            \"unitCode\": \"E37\",\n            \"value\": \"1200\"\n        },\n        {\n            \"@id\": \"https:\/\/tu11.fi\/taekwondo\/wp-content\/uploads\/2021\/11\/AinoKortelainen_AiradaHeikkinen_SofiaSarala-1200x900-cropped.jpeg#sso\/image-object\",\n            \"@context\": \"https:\/\/schema.org\",\n            \"@type\": \"ImageObject\",\n            \"url\": \"https:\/\/tu11.fi\/taekwondo\/wp-content\/uploads\/2021\/11\/AinoKortelainen_AiradaHeikkinen_SofiaSarala-1200x900-cropped.jpeg\",\n            \"identifier\": \"15096-wpsso-schema-4x3\",\n            \"name\": \"AinoKortelainen_AiradaHeikkinen_SofiaSarala  &ndash; Taekwondourheilijat...\",\n            \"alternateName\": \"AinoKortelainen_AiradaHeikkinen_SofiaSarala  &ndash; Taekwondourheilijat 2011 | Taekwondoa parhaassa seurassa |...\",\n            \"description\": \"No Description.\",\n            \"encodingFormat\": \"image\/jpeg\",\n            \"uploadDate\": \"2021-11-21T19:35:47+00:00\",\n            \"width\": [\n                {\n                    \"@id\": \"#sso\/qv-width-px-1200\"\n                }\n            ],\n            \"height\": [\n                {\n                    \"@id\": \"#sso\/qv-height-px-900\"\n                }\n            ]\n        },\n        {\n            \"@id\": \"#sso\/qv-height-px-900\",\n            \"@context\": \"https:\/\/schema.org\",\n            \"@type\": \"QuantitativeValue\",\n            \"name\": \"Height\",\n            \"unitText\": \"px\",\n            \"unitCode\": \"E37\",\n            \"value\": \"900\"\n        },\n        {\n            \"@id\": \"https:\/\/tu11.fi\/taekwondo\/wp-content\/uploads\/2021\/11\/AinoKortelainen_AiradaHeikkinen_SofiaSarala-1200x675-cropped.jpeg#sso\/image-object\",\n            \"@context\": \"https:\/\/schema.org\",\n            \"@type\": \"ImageObject\",\n            \"url\": \"https:\/\/tu11.fi\/taekwondo\/wp-content\/uploads\/2021\/11\/AinoKortelainen_AiradaHeikkinen_SofiaSarala-1200x675-cropped.jpeg\",\n            \"identifier\": \"15096-wpsso-schema-16x9\",\n            \"name\": \"AinoKortelainen_AiradaHeikkinen_SofiaSarala  &ndash; Taekwondourheilijat...\",\n            \"alternateName\": \"AinoKortelainen_AiradaHeikkinen_SofiaSarala  &ndash; Taekwondourheilijat 2011 | Taekwondoa parhaassa seurassa |...\",\n            \"description\": \"No Description.\",\n            \"encodingFormat\": \"image\/jpeg\",\n            \"uploadDate\": \"2021-11-21T19:35:47+00:00\",\n            \"width\": [\n                {\n                    \"@id\": \"#sso\/qv-width-px-1200\"\n                }\n            ],\n            \"height\": [\n                {\n                    \"@id\": \"#sso\/qv-height-px-675\"\n                }\n            ]\n        },\n        {\n            \"@id\": \"#sso\/qv-height-px-675\",\n            \"@context\": \"https:\/\/schema.org\",\n            \"@type\": \"QuantitativeValue\",\n            \"name\": \"Height\",\n            \"unitText\": \"px\",\n            \"unitCode\": \"E37\",\n            \"value\": \"675\"\n        },\n        {\n            \"@id\": \"\/2021\/11\/kultaa-liikesarjojen-em-kisoista\/#sso\/breadcrumb.list\/yleinen\",\n            \"@context\": \"https:\/\/schema.org\",\n            \"@type\": \"BreadcrumbList\",\n            \"url\": \"https:\/\/tu11.fi\/taekwondo\/en\/2021\/11\/kultaa-liikesarjojen-em-kisoista\/\",\n            \"itemListElement\": [\n                {\n                    \"@context\": \"https:\/\/schema.org\",\n                    \"@type\": \"ListItem\",\n                    \"position\": 1,\n                    \"name\": \"Home\",\n                    \"item\": \"https:\/\/tu11.fi\/taekwondo\/en\/\"\n                },\n                {\n                    \"@context\": \"https:\/\/schema.org\",\n                    \"@type\": \"ListItem\",\n                    \"position\": 2,\n                    \"name\": \"Blog\",\n                    \"item\": \"https:\/\/tu11.fi\/taekwondo\/\"\n                },\n                {\n                    \"@context\": \"https:\/\/schema.org\",\n                    \"@type\": \"ListItem\",\n                    \"position\": 3,\n                    \"name\": \"Yleinen Archives   Taekwondourheilijat 2011 | Taekwondoa parhaassa...\",\n                    \"item\": \"https:\/\/tu11.fi\/taekwondo\/en\/category\/yleinen\/\"\n                },\n                {\n                    \"@context\": \"https:\/\/schema.org\",\n                    \"@type\": \"ListItem\",\n                    \"position\": 4,\n                    \"name\": \"Kultaa ja hopeaa liikesarjojen EM-kisoista!   Taekwondourheilijat...\",\n                    \"item\": \"https:\/\/tu11.fi\/taekwondo\/en\/2021\/11\/kultaa-liikesarjojen-em-kisoista\/\"\n                }\n            ]\n        }\n    ]\n}<\/script>\n","<meta name=\"wpsso-end\" content=\"wpsso structured data end\"\/>\n","<meta name=\"wpsso-cached\" content=\"no cache for tu11.fi\/taekwondo\"\/>\n"],"json":[{"@context":"https:\/\/schema.org","@graph":[{"@id":"#sso\/knowledge-graph\/sports-team\/15095","@context":"https:\/\/schema.org","@type":"SportsTeam","mainEntityOfPage":"https:\/\/tu11.fi\/taekwondo\/en\/2021\/11\/kultaa-liikesarjojen-em-kisoista\/","url":"https:\/\/tu11.fi\/taekwondo\/en\/2021\/11\/kultaa-liikesarjojen-em-kisoista\/","sameAs":["https:\/\/tu11.fi\/taekwondo\/en\/?p=15095"],"name":"Kultaa ja hopeaa liikesarjojen EM-kisoista!  &ndash; Taekwondourheilijat...","alternateName":"Kultaa ja hopeaa liikesarjojen EM-kisoista!  &ndash; Taekwondourheilijat 2011 | Taekwondoa parhaassa seurassa |...","description":"TU11 tarjoaa innostavan ymp&auml;rist&ouml;n harjoitella taekwondoa kaikenik&auml;isille ja -tasoisille, aloittelijoista huippu-urheilijoihin. Valmennus on systemaattista ja valmentajat maamme parhaimmistoa. Aloita taekwondo nyt!","image":[{"@id":"https:\/\/tu11.fi\/taekwondo\/wp-content\/uploads\/2021\/11\/AinoKortelainen_AiradaHeikkinen_SofiaSarala-1200x1200-cropped.jpeg#sso\/image-object"},{"@id":"https:\/\/tu11.fi\/taekwondo\/wp-content\/uploads\/2021\/11\/AinoKortelainen_AiradaHeikkinen_SofiaSarala-1200x900-cropped.jpeg#sso\/image-object"},{"@id":"https:\/\/tu11.fi\/taekwondo\/wp-content\/uploads\/2021\/11\/AinoKortelainen_AiradaHeikkinen_SofiaSarala-1200x675-cropped.jpeg#sso\/image-object"}]},{"@id":"https:\/\/tu11.fi\/taekwondo\/wp-content\/uploads\/2021\/11\/AinoKortelainen_AiradaHeikkinen_SofiaSarala-1200x1200-cropped.jpeg#sso\/image-object","@context":"https:\/\/schema.org","@type":"ImageObject","url":"https:\/\/tu11.fi\/taekwondo\/wp-content\/uploads\/2021\/11\/AinoKortelainen_AiradaHeikkinen_SofiaSarala-1200x1200-cropped.jpeg","identifier":"15096-wpsso-schema-1x1","name":"AinoKortelainen_AiradaHeikkinen_SofiaSarala  &ndash; Taekwondourheilijat...","alternateName":"AinoKortelainen_AiradaHeikkinen_SofiaSarala  &ndash; Taekwondourheilijat 2011 | Taekwondoa parhaassa seurassa |...","description":"No Description.","encodingFormat":"image\/jpeg","uploadDate":"2021-11-21T19:35:47+00:00","width":[{"@id":"#sso\/qv-width-px-1200"}],"height":[{"@id":"#sso\/qv-height-px-1200"}]},{"@id":"#sso\/qv-width-px-1200","@context":"https:\/\/schema.org","@type":"QuantitativeValue","name":"Width","unitText":"px","unitCode":"E37","value":"1200"},{"@id":"#sso\/qv-height-px-1200","@context":"https:\/\/schema.org","@type":"QuantitativeValue","name":"Height","unitText":"px","unitCode":"E37","value":"1200"},{"@id":"https:\/\/tu11.fi\/taekwondo\/wp-content\/uploads\/2021\/11\/AinoKortelainen_AiradaHeikkinen_SofiaSarala-1200x900-cropped.jpeg#sso\/image-object","@context":"https:\/\/schema.org","@type":"ImageObject","url":"https:\/\/tu11.fi\/taekwondo\/wp-content\/uploads\/2021\/11\/AinoKortelainen_AiradaHeikkinen_SofiaSarala-1200x900-cropped.jpeg","identifier":"15096-wpsso-schema-4x3","name":"AinoKortelainen_AiradaHeikkinen_SofiaSarala  &ndash; Taekwondourheilijat...","alternateName":"AinoKortelainen_AiradaHeikkinen_SofiaSarala  &ndash; Taekwondourheilijat 2011 | Taekwondoa parhaassa seurassa |...","description":"No Description.","encodingFormat":"image\/jpeg","uploadDate":"2021-11-21T19:35:47+00:00","width":[{"@id":"#sso\/qv-width-px-1200"}],"height":[{"@id":"#sso\/qv-height-px-900"}]},{"@id":"#sso\/qv-height-px-900","@context":"https:\/\/schema.org","@type":"QuantitativeValue","name":"Height","unitText":"px","unitCode":"E37","value":"900"},{"@id":"https:\/\/tu11.fi\/taekwondo\/wp-content\/uploads\/2021\/11\/AinoKortelainen_AiradaHeikkinen_SofiaSarala-1200x675-cropped.jpeg#sso\/image-object","@context":"https:\/\/schema.org","@type":"ImageObject","url":"https:\/\/tu11.fi\/taekwondo\/wp-content\/uploads\/2021\/11\/AinoKortelainen_AiradaHeikkinen_SofiaSarala-1200x675-cropped.jpeg","identifier":"15096-wpsso-schema-16x9","name":"AinoKortelainen_AiradaHeikkinen_SofiaSarala  &ndash; Taekwondourheilijat...","alternateName":"AinoKortelainen_AiradaHeikkinen_SofiaSarala  &ndash; Taekwondourheilijat 2011 | Taekwondoa parhaassa seurassa |...","description":"No Description.","encodingFormat":"image\/jpeg","uploadDate":"2021-11-21T19:35:47+00:00","width":[{"@id":"#sso\/qv-width-px-1200"}],"height":[{"@id":"#sso\/qv-height-px-675"}]},{"@id":"#sso\/qv-height-px-675","@context":"https:\/\/schema.org","@type":"QuantitativeValue","name":"Height","unitText":"px","unitCode":"E37","value":"675"},{"@id":"\/2021\/11\/kultaa-liikesarjojen-em-kisoista\/#sso\/breadcrumb.list\/yleinen","@context":"https:\/\/schema.org","@type":"BreadcrumbList","url":"https:\/\/tu11.fi\/taekwondo\/en\/2021\/11\/kultaa-liikesarjojen-em-kisoista\/","itemListElement":[{"@context":"https:\/\/schema.org","@type":"ListItem","position":1,"name":"Home","item":"https:\/\/tu11.fi\/taekwondo\/en\/"},{"@context":"https:\/\/schema.org","@type":"ListItem","position":2,"name":"Blog","item":"https:\/\/tu11.fi\/taekwondo\/"},{"@context":"https:\/\/schema.org","@type":"ListItem","position":3,"name":"Yleinen Archives   Taekwondourheilijat 2011 | Taekwondoa parhaassa...","item":"https:\/\/tu11.fi\/taekwondo\/en\/category\/yleinen\/"},{"@context":"https:\/\/schema.org","@type":"ListItem","position":4,"name":"Kultaa ja hopeaa liikesarjojen EM-kisoista!   Taekwondourheilijat...","item":"https:\/\/tu11.fi\/taekwondo\/en\/2021\/11\/kultaa-liikesarjojen-em-kisoista\/"}]}]}],"parts":[["meta","name","generator","content","WPSSO Core 21.12.0\/L*","generator:1"],["meta","name","generator","content","WPSSO RAR 3.3.0\/S","generator:2"],["meta","name","generator","content","WPSSO REST 3.3.0\/S","generator:3"],["meta","name","generator","content","WPSSO BC 5.5.0\/S","generator:4"],["meta","name","generator","content","WPSSO FAQ 7.1.0\/S","generator:5"],["meta","name","generator","content","WPSSO OPM 5.1.0\/S","generator:6"],["meta","name","generator","content","WPSSO SSM 3.4.0\/S","generator:7"],["meta","name","generator","content","WPSSO TIE 4.1.0\/S","generator:8"],["meta","name","generator","content","WPSSO UM 7.3.0\/S","generator:9"],["meta","name","generator","content","WPSSO UL 4.3.0\/S","generator:10"],["link","rel","shortlink","href","https:\/\/tu11.fi\/taekwondo\/en\/?p=15095",""],["meta","property","fb:app_id","content","966242223397117",""],["meta","property","og:time","content","2026-04-26T22:17:21+00:00",""],["meta","property","og:type","content","website",""],["meta","property","og:url","content","https:\/\/tu11.fi\/taekwondo\/en\/2021\/11\/kultaa-liikesarjojen-em-kisoista\/",""],["meta","property","og:locale","content","en_US",""],["meta","property","og:site_name","content","Taekwondourheilijat 2011 | Taekwondoa parhaassa seurassa | Helsinki | Espoo | Vantaa",""],["meta","property","og:title","content","Kultaa ja hopeaa liikesarjojen EM-kisoista!  &ndash; Taekwondourheilijat...",""],["meta","property","og:description","content","TU11 tarjoaa innostavan ymp&auml;rist&ouml;n harjoitella taekwondoa kaikenik&auml;isille ja -tasoisille, aloittelijoista huippu-urheilijoihin. Valmennus on systemaattista ja valmentajat maamme parhaimmistoa. Aloita taekwondo nyt!",""],["meta","property","og:updated_time","content","2021-11-21T20:08:28+00:00",""],["meta","property","og:image:secure_url","content","https:\/\/tu11.fi\/taekwondo\/wp-content\/uploads\/2021\/11\/AinoKortelainen_AiradaHeikkinen_SofiaSarala-1200x630-cropped.jpeg","og:image:1"],["meta","property","og:image:url","content","https:\/\/tu11.fi\/taekwondo\/wp-content\/uploads\/2021\/11\/AinoKortelainen_AiradaHeikkinen_SofiaSarala-1200x630-cropped.jpeg","og:image:1"],["meta","property","og:image","content","https:\/\/tu11.fi\/taekwondo\/wp-content\/uploads\/2021\/11\/AinoKortelainen_AiradaHeikkinen_SofiaSarala-1200x630-cropped.jpeg","og:image:1"],["meta","property","og:image:width","content","1200","og:image:1"],["meta","property","og:image:height","content","630","og:image:1"],["meta","property","og:image:cropped","content","true","og:image:1"],["meta","property","og:image:id","content","15096","og:image:1"],["meta","property","og:image:size_name","content","wpsso-opengraph","og:image:1"],["meta","name","schema:language","content","en_US",""],["meta","name","schema:type:id","content","sports.team",""],["meta","name","schema:type:url","content","https:\/\/schema.org\/SportsTeam",""],["meta","name","schema:type:context","content","https:\/\/schema.org",""],["meta","name","schema:type:name","content","SportsTeam",""],["meta","name","schema:type:path","content","schema.org\/SportsTeam",""],["meta","property","article:author:name","content","Sampo Pajulampi",""],["meta","property","article:reading_mins","content","1",""],["meta","name","twitter:domain","content","tu11.fi",""],["meta","name","twitter:site","content","@taekwondourh",""],["meta","name","twitter:title","content","Kultaa ja hopeaa liikesarjojen EM-kisoista!  &ndash; Taekwondourheilijat...",""],["meta","name","twitter:description","content","TU11 tarjoaa innostavan ymp&auml;rist&ouml;n harjoitella taekwondoa kaikenik&auml;isille ja -tasoisille, aloittelijoista huippu-urheilijoihin. Valmennus on systemaattista ja valmentajat maamme parhaimmistoa...",""],["meta","name","twitter:card","content","summary_large_image",""],["meta","name","twitter:image","content","https:\/\/tu11.fi\/taekwondo\/wp-content\/uploads\/2021\/11\/AinoKortelainen_AiradaHeikkinen_SofiaSarala-1200x630-cropped.jpeg?p=15095",""],["meta","name","thumbnail","content","https:\/\/tu11.fi\/taekwondo\/wp-content\/uploads\/2021\/11\/AinoKortelainen_AiradaHeikkinen_SofiaSarala-1200x630-cropped.jpeg",""]]},"_links":{"self":[{"href":"https:\/\/tu11.fi\/taekwondo\/en\/wp-json\/wp\/v2\/posts\/15095","targetHints":{"allow":["GET"]}}],"collection":[{"href":"https:\/\/tu11.fi\/taekwondo\/en\/wp-json\/wp\/v2\/posts"}],"about":[{"href":"https:\/\/tu11.fi\/taekwondo\/en\/wp-json\/wp\/v2\/types\/post"}],"author":[{"embeddable":true,"href":"https:\/\/tu11.fi\/taekwondo\/en\/wp-json\/wp\/v2\/users\/2"}],"replies":[{"embeddable":true,"href":"https:\/\/tu11.fi\/taekwondo\/en\/wp-json\/wp\/v2\/comments?post=15095"}],"version-history":[{"count":0,"href":"https:\/\/tu11.fi\/taekwondo\/en\/wp-json\/wp\/v2\/posts\/15095\/revisions"}],"wp:featuredmedia":[{"embeddable":true,"href":"https:\/\/tu11.fi\/taekwondo\/en\/wp-json\/wp\/v2\/media\/15096"}],"wp:attachment":[{"href":"https:\/\/tu11.fi\/taekwondo\/en\/wp-json\/wp\/v2\/media?parent=15095"}],"wp:term":[{"taxonomy":"category","embeddable":true,"href":"https:\/\/tu11.fi\/taekwondo\/en\/wp-json\/wp\/v2\/categories?post=15095"},{"taxonomy":"post_tag","embeddable":true,"href":"https:\/\/tu11.fi\/taekwondo\/en\/wp-json\/wp\/v2\/tags?post=15095"}],"curies":[{"name":"wp","href":"https:\/\/api.w.org\/{rel}","templated":true}]}}