{"id":4105,"date":"2014-01-23T10:08:09","date_gmt":"2014-01-23T10:08:09","guid":{"rendered":"http:\/\/tu11.fi.srv.hoste.fi\/taekwondo\/?p=4105"},"modified":"2014-02-16T22:00:25","modified_gmt":"2014-02-16T22:00:25","slug":"spring-day-pums-camp-and-karonka-15-2","status":"publish","type":"post","link":"https:\/\/tu11.fi\/taekwondo\/en\/2014\/01\/kevatpaiva-pumseleiri-ja-karonkka-15-2\/","title":{"rendered":"Spring day, poom camp and karonka 15.2."},"content":{"rendered":"<p><a href=\"http:\/\/tu11.fi.srv.hoste.fi\/taekwondo\/wp-content\/uploads\/2014\/01\/1435176_68889958.jpg\"><img decoding=\"async\" class=\"alignleft size-large wp-image-4106\" alt=\"Spring taekwondo\" src=\"http:\/\/tu11.fi.srv.hoste.fi\/taekwondo\/wp-content\/uploads\/2014\/01\/1435176_68889958-1024x682.jpg\" width=\"1024\" height=\"682\" srcset=\"https:\/\/tu11.fi\/taekwondo\/wp-content\/uploads\/2014\/01\/1435176_68889958-1024x682.jpg 1024w, https:\/\/tu11.fi\/taekwondo\/wp-content\/uploads\/2014\/01\/1435176_68889958-300x200.jpg 300w, https:\/\/tu11.fi\/taekwondo\/wp-content\/uploads\/2014\/01\/1435176_68889958-uai-150x100.jpg 150w, https:\/\/tu11.fi\/taekwondo\/wp-content\/uploads\/2014\/01\/1435176_68889958-uai-828x552.jpg 828w, https:\/\/tu11.fi\/taekwondo\/wp-content\/uploads\/2014\/01\/1435176_68889958-1200x800.jpg 1200w, https:\/\/tu11.fi\/taekwondo\/wp-content\/uploads\/2014\/01\/1435176_68889958-uai-750x500.jpg 750w, https:\/\/tu11.fi\/taekwondo\/wp-content\/uploads\/2014\/01\/1435176_68889958-uai-516x344.jpg 516w, https:\/\/tu11.fi\/taekwondo\/wp-content\/uploads\/2014\/01\/1435176_68889958-uai-375x250.jpg 375w, https:\/\/tu11.fi\/taekwondo\/wp-content\/uploads\/2014\/01\/1435176_68889958-uai-1440x960.jpg 1440w, https:\/\/tu11.fi\/taekwondo\/wp-content\/uploads\/2014\/01\/1435176_68889958.jpg 1920w\" sizes=\"(max-width: 1024px) 100vw, 1024px\" \/><\/a>The spring day for taekwondo athletes is organized on February 15. The program includes movement training, a lecture on taekwondo, awards and in the evening the Helsinki Open karonkka for adults.<\/p>\n<h6>Program<\/h6>\n<p>10.00 Doors open in the hall<br \/>\n10.30-12.00 Poomse training for everyone<\/p>\n<p>12:00-13:00 Lunch (The house provides food)<\/p>\n<p>13.00 Lecture on taekwondo and awards<br \/>\n14:00-16:00 Poomse training for everyone<br \/>\n17:00-21:30 Helsinki Open karonkka at Kisahalli<\/p>\n<p>We hope that both enthusiasts will participate in the day program. Parents and others interested in the sport can also participate in the lecture and awards.<\/p>\n<p>Two adults can participate in the evening karonka. Register in advance on the list at the hall so that we can estimate the amount of food offered. In addition, some drinks are available for Helsinki Open volunteers.<\/p>","protected":false},"excerpt":{"rendered":"<p>The spring day for taekwondo athletes is organized on February 15. The program includes movement training, a lecture on taekwondo, awards and in the evening the Helsinki Open karonkka for adults. Program 10:00 Doors open in the gym 10:30-12:00 Poomse training for everyone 12:00-13:00 Lunch (Talo provides food) 13:00 Lecture on taekwondo and awards 14:00-16:00 Poomse training for everyone 17:00-21:30 Helsinki Open karonkkalli We hope Kisah that both enthusiasts participate in the day program. Parents and others can also participate in the lecture and awards...<\/p>","protected":false},"author":2,"featured_media":4106,"comment_status":"closed","ping_status":"open","sticky":false,"template":"templates\/template-cover.php","format":"standard","meta":{"footnotes":""},"categories":[1],"tags":[],"class_list":["post-4105","post","type-post","status-publish","format-standard","has-post-thumbnail","hentry","category-yleinen"],"yoast_head":"<!-- This site is optimized with the Yoast SEO plugin v27.4 - https:\/\/yoast.com\/product\/yoast-seo-wordpress\/ -->\n<title>Kev\u00e4tp\u00e4iv\u00e4, poomseleiri ja karonkka 15.2. - Taekwondourheilijat 2011 | Taekwondoa parhaassa seurassa | Helsinki | Espoo | Vantaa<\/title>\n<meta name=\"description\" content=\"TU11 tarjoaa innostavan ymp\u00e4rist\u00f6n harjoitella taekwondoa kaikenik\u00e4isille ja -tasoisille, aloittelijoista huippu-urheilijoihin. Valmennus on systemaattista ja valmentajat maamme parhaimmistoa. Aloita taekwondo nyt!\" \/>\n<meta name=\"robots\" content=\"index, follow, max-snippet:-1, max-image-preview:large, max-video-preview:-1\" \/>\n<link rel=\"canonical\" href=\"http:\/\/tu11.fi\/taekwondo\/en\/2014\/01\/spring-day-pums-camp-and-karonka-15-2\/\" \/>\n<script type=\"application\/ld+json\" class=\"yoast-schema-graph\">{\"@context\":\"https:\\\/\\\/schema.org\",\"@graph\":[]}<\/script>\n<!-- \/ Yoast SEO plugin. -->","yoast_head_json":{"title":"Kev\u00e4tp\u00e4iv\u00e4, poomseleiri ja karonkka 15.2. - Taekwondourheilijat 2011 | Taekwondoa parhaassa seurassa | Helsinki | Espoo | Vantaa","description":"TU11 offers an inspiring environment to practice taekwondo for all ages and levels, from beginners to elite athletes. The training is systematic and the coaches are the best in our country. Start taekwondo now!","robots":{"index":"index","follow":"follow","max-snippet":"max-snippet:-1","max-image-preview":"max-image-preview:large","max-video-preview":"max-video-preview:-1"},"canonical":"http:\/\/tu11.fi\/taekwondo\/en\/2014\/01\/spring-day-pums-camp-and-karonka-15-2\/","schema":{"@context":"https:\/\/schema.org","@graph":[]}},"amp_enabled":true,"head":{"html":["<meta name=\"wpsso-begin\" content=\"wpsso structured data begin\"\/>\n","<!-- generator:1 --><meta name=\"generator\" content=\"WPSSO Core 21.13.2\/L*\"\/>\n","<!-- generator:2 --><meta name=\"generator\" content=\"WPSSO RAR 3.3.0\/S\"\/>\n","<!-- generator:3 --><meta name=\"generator\" content=\"WPSSO REST 3.3.0\/S\"\/>\n","<!-- generator:4 --><meta name=\"generator\" content=\"WPSSO BC 5.5.0\/S\"\/>\n","<!-- generator:5 --><meta name=\"generator\" content=\"WPSSO FAQ 7.1.0\/S\"\/>\n","<!-- generator:6 --><meta name=\"generator\" content=\"WPSSO OPM 5.1.0\/S\"\/>\n","<!-- generator:7 --><meta name=\"generator\" content=\"WPSSO SSM 3.4.0\/S\"\/>\n","<!-- generator:8 --><meta name=\"generator\" content=\"WPSSO TIE 4.1.0\/S\"\/>\n","<!-- generator:9 --><meta name=\"generator\" content=\"WPSSO UM 7.3.0\/S\"\/>\n","<!-- generator:10 --><meta name=\"generator\" content=\"WPSSO UL 4.3.0\/S\"\/>\n","<link rel=\"shortlink\" href=\"https:\/\/tu11.fi\/taekwondo\/en\/?p=4105\"\/>\n","<meta property=\"fb:app_id\" content=\"966242223397117\"\/>\n","<meta property=\"og:type\" content=\"article\"\/>\n","<meta property=\"og:url\" content=\"https:\/\/tu11.fi\/taekwondo\/en\/2014\/01\/kevatpaiva-pumseleiri-ja-karonkka-15-2\/\"\/>\n","<meta property=\"og:locale\" content=\"en_US\"\/>\n","<meta property=\"og:site_name\" content=\"Taekwondourheilijat 2011 | Taekwondoa parhaassa seurassa | Helsinki | Espoo | Vantaa\"\/>\n","<meta property=\"og:title\" content=\"Kev&auml;tp&auml;iv&auml;, poomseleiri ja karonkka 15.2.  &ndash; Taekwondourheilijat...\"\/>\n","<meta property=\"og:description\" content=\"TU11 tarjoaa innostavan ymp&auml;rist&ouml;n harjoitella taekwondoa kaikenik&auml;isille ja -tasoisille, aloittelijoista huippu-urheilijoihin. Valmennus on systemaattista ja valmentajat maamme parhaimmistoa. Aloita taekwondo nyt!\"\/>\n","<meta property=\"og:updated_time\" content=\"2014-02-16T22:00:25+00:00\"\/>\n","<!-- og:image:1 --><meta property=\"og:image\" content=\"https:\/\/tu11.fi\/taekwondo\/wp-content\/uploads\/2014\/01\/1435176_68889958-1200x630-cropped.jpg\"\/>\n","<!-- og:image:1 --><meta property=\"og:image:width\" content=\"1200\"\/>\n","<!-- og:image:1 --><meta property=\"og:image:height\" content=\"630\"\/>\n","<meta property=\"article:section\" content=\"Sport\"\/>\n","<meta property=\"article:publisher\" content=\"https:\/\/www.facebook.com\/TU11\"\/>\n","<meta property=\"article:published_time\" content=\"2014-01-23T10:08:09+00:00\"\/>\n","<meta property=\"article:modified_time\" content=\"2014-02-16T22:00:25+00:00\"\/>\n","<meta name=\"twitter:domain\" content=\"tu11.fi\"\/>\n","<meta name=\"twitter:site\" content=\"@taekwondourh\"\/>\n","<meta name=\"twitter:title\" content=\"Kev&auml;tp&auml;iv&auml;, poomseleiri ja karonkka 15.2.  &ndash; Taekwondourheilijat...\"\/>\n","<meta name=\"twitter:description\" content=\"TU11 tarjoaa innostavan ymp&auml;rist&ouml;n harjoitella taekwondoa kaikenik&auml;isille ja -tasoisille, aloittelijoista huippu-urheilijoihin. Valmennus on systemaattista ja valmentajat maamme parhaimmistoa...\"\/>\n","<meta name=\"twitter:card\" content=\"summary_large_image\"\/>\n","<meta name=\"twitter:image\" content=\"https:\/\/tu11.fi\/taekwondo\/wp-content\/uploads\/2014\/01\/1435176_68889958-1200x630-cropped.jpg?p=4105\"\/>\n","<meta name=\"twitter:label1\" content=\"Written by\"\/>\n","<meta name=\"twitter:data1\" content=\"Sampo Pajulampi\"\/>\n","<meta name=\"author\" content=\"Sampo Pajulampi\"\/>\n","<meta name=\"thumbnail\" content=\"https:\/\/tu11.fi\/taekwondo\/wp-content\/uploads\/2014\/01\/1435176_68889958-1200x630-cropped.jpg\"\/>\n","<script type=\"application\/ld+json\" id=\"wpsso-schema-graph\">{\n    \"@context\": \"https:\/\/schema.org\",\n    \"@graph\": [\n        {\n            \"@id\": \"#sso\/knowledge-graph\/sports-team\/4105\",\n            \"@context\": \"https:\/\/schema.org\",\n            \"@type\": \"SportsTeam\",\n            \"mainEntityOfPage\": \"https:\/\/tu11.fi\/taekwondo\/en\/2014\/01\/kevatpaiva-pumseleiri-ja-karonkka-15-2\/\",\n            \"url\": \"https:\/\/tu11.fi\/taekwondo\/en\/2014\/01\/kevatpaiva-pumseleiri-ja-karonkka-15-2\/\",\n            \"sameAs\": [\n                \"https:\/\/tu11.fi\/taekwondo\/en\/?p=4105\"\n            ],\n            \"name\": \"Kev&auml;tp&auml;iv&auml;, poomseleiri ja karonkka 15.2.  &ndash; Taekwondourheilijat...\",\n            \"alternateName\": \"Kev&auml;tp&auml;iv&auml;, poomseleiri ja karonkka 15.2.  &ndash; Taekwondourheilijat 2011 | Taekwondoa parhaassa seurassa |...\",\n            \"description\": \"TU11 tarjoaa innostavan ymp&auml;rist&ouml;n harjoitella taekwondoa kaikenik&auml;isille ja -tasoisille, aloittelijoista huippu-urheilijoihin. Valmennus on systemaattista ja valmentajat maamme parhaimmistoa. Aloita taekwondo nyt!\",\n            \"image\": [\n                {\n                    \"@id\": \"https:\/\/tu11.fi\/taekwondo\/wp-content\/uploads\/2014\/01\/1435176_68889958-1200x1200-cropped.jpg#sso\/image-object\"\n                },\n                {\n                    \"@id\": \"https:\/\/tu11.fi\/taekwondo\/wp-content\/uploads\/2014\/01\/1435176_68889958-1200x900-cropped.jpg#sso\/image-object\"\n                },\n                {\n                    \"@id\": \"https:\/\/tu11.fi\/taekwondo\/wp-content\/uploads\/2014\/01\/1435176_68889958-1200x675-cropped.jpg#sso\/image-object\"\n                },\n                {\n                    \"@id\": \"https:\/\/tu11.fi\/taekwondo\/wp-content\/uploads\/2014\/01\/1435176_68889958-1200x630-cropped.jpg#sso\/image-object\"\n                }\n            ]\n        },\n        {\n            \"@id\": \"https:\/\/tu11.fi\/taekwondo\/wp-content\/uploads\/2014\/01\/1435176_68889958-1200x1200-cropped.jpg#sso\/image-object\",\n            \"@context\": \"https:\/\/schema.org\",\n            \"@type\": \"ImageObject\",\n            \"url\": \"https:\/\/tu11.fi\/taekwondo\/wp-content\/uploads\/2014\/01\/1435176_68889958-1200x1200-cropped.jpg\",\n            \"identifier\": \"4106-wpsso-schema-1x1\",\n            \"name\": \"Kev&auml;t taekwondo  &ndash; Taekwondourheilijat 2011 | Taekwondoa parhaassa...\",\n            \"alternateName\": \"Kev&auml;t taekwondo  &ndash; Taekwondourheilijat 2011 | Taekwondoa parhaassa seurassa | Helsinki | Espoo | Vantaa\",\n            \"description\": \"Group of five Oak Trees forming one huge Canopy\",\n            \"encodingFormat\": \"image\/jpeg\",\n            \"uploadDate\": \"2014-01-23T10:07:42+00:00\",\n            \"width\": [\n                {\n                    \"@id\": \"#sso\/qv-width-px-1200\"\n                }\n            ],\n            \"height\": [\n                {\n                    \"@id\": \"#sso\/qv-height-px-1200\"\n                }\n            ]\n        },\n        {\n            \"@id\": \"#sso\/qv-width-px-1200\",\n            \"@context\": \"https:\/\/schema.org\",\n            \"@type\": \"QuantitativeValue\",\n            \"name\": \"Width\",\n            \"unitText\": \"px\",\n            \"unitCode\": \"E37\",\n            \"value\": \"1200\"\n        },\n        {\n            \"@id\": \"#sso\/qv-height-px-1200\",\n            \"@context\": \"https:\/\/schema.org\",\n            \"@type\": \"QuantitativeValue\",\n            \"name\": \"Height\",\n            \"unitText\": \"px\",\n            \"unitCode\": \"E37\",\n            \"value\": \"1200\"\n        },\n        {\n            \"@id\": \"https:\/\/tu11.fi\/taekwondo\/wp-content\/uploads\/2014\/01\/1435176_68889958-1200x900-cropped.jpg#sso\/image-object\",\n            \"@context\": \"https:\/\/schema.org\",\n            \"@type\": \"ImageObject\",\n            \"url\": \"https:\/\/tu11.fi\/taekwondo\/wp-content\/uploads\/2014\/01\/1435176_68889958-1200x900-cropped.jpg\",\n            \"identifier\": \"4106-wpsso-schema-4x3\",\n            \"name\": \"Kev&auml;t taekwondo  &ndash; Taekwondourheilijat 2011 | Taekwondoa parhaassa...\",\n            \"alternateName\": \"Kev&auml;t taekwondo  &ndash; Taekwondourheilijat 2011 | Taekwondoa parhaassa seurassa | Helsinki | Espoo | Vantaa\",\n            \"description\": \"Group of five Oak Trees forming one huge Canopy\",\n            \"encodingFormat\": \"image\/jpeg\",\n            \"uploadDate\": \"2014-01-23T10:07:42+00:00\",\n            \"width\": [\n                {\n                    \"@id\": \"#sso\/qv-width-px-1200\"\n                }\n            ],\n            \"height\": [\n                {\n                    \"@id\": \"#sso\/qv-height-px-900\"\n                }\n            ]\n        },\n        {\n            \"@id\": \"#sso\/qv-height-px-900\",\n            \"@context\": \"https:\/\/schema.org\",\n            \"@type\": \"QuantitativeValue\",\n            \"name\": \"Height\",\n            \"unitText\": \"px\",\n            \"unitCode\": \"E37\",\n            \"value\": \"900\"\n        },\n        {\n            \"@id\": \"https:\/\/tu11.fi\/taekwondo\/wp-content\/uploads\/2014\/01\/1435176_68889958-1200x675-cropped.jpg#sso\/image-object\",\n            \"@context\": \"https:\/\/schema.org\",\n            \"@type\": \"ImageObject\",\n            \"url\": \"https:\/\/tu11.fi\/taekwondo\/wp-content\/uploads\/2014\/01\/1435176_68889958-1200x675-cropped.jpg\",\n            \"identifier\": \"4106-wpsso-schema-16x9\",\n            \"name\": \"Kev&auml;t taekwondo  &ndash; Taekwondourheilijat 2011 | Taekwondoa parhaassa...\",\n            \"alternateName\": \"Kev&auml;t taekwondo  &ndash; Taekwondourheilijat 2011 | Taekwondoa parhaassa seurassa | Helsinki | Espoo | Vantaa\",\n            \"description\": \"Group of five Oak Trees forming one huge Canopy\",\n            \"encodingFormat\": \"image\/jpeg\",\n            \"uploadDate\": \"2014-01-23T10:07:42+00:00\",\n            \"width\": [\n                {\n                    \"@id\": \"#sso\/qv-width-px-1200\"\n                }\n            ],\n            \"height\": [\n                {\n                    \"@id\": \"#sso\/qv-height-px-675\"\n                }\n            ]\n        },\n        {\n            \"@id\": \"#sso\/qv-height-px-675\",\n            \"@context\": \"https:\/\/schema.org\",\n            \"@type\": \"QuantitativeValue\",\n            \"name\": \"Height\",\n            \"unitText\": \"px\",\n            \"unitCode\": \"E37\",\n            \"value\": \"675\"\n        },\n        {\n            \"@id\": \"https:\/\/tu11.fi\/taekwondo\/wp-content\/uploads\/2014\/01\/1435176_68889958-1200x630-cropped.jpg#sso\/image-object\",\n            \"@context\": \"https:\/\/schema.org\",\n            \"@type\": \"ImageObject\",\n            \"url\": \"https:\/\/tu11.fi\/taekwondo\/wp-content\/uploads\/2014\/01\/1435176_68889958-1200x630-cropped.jpg\",\n            \"identifier\": \"4106-wpsso-thumbnail\",\n            \"name\": \"Kev&auml;t taekwondo  &ndash; Taekwondourheilijat 2011 | Taekwondoa parhaassa...\",\n            \"alternateName\": \"Kev&auml;t taekwondo  &ndash; Taekwondourheilijat 2011 | Taekwondoa parhaassa seurassa | Helsinki | Espoo | Vantaa\",\n            \"description\": \"Group of five Oak Trees forming one huge Canopy\",\n            \"encodingFormat\": \"image\/jpeg\",\n            \"uploadDate\": \"2014-01-23T10:07:42+00:00\",\n            \"width\": [\n                {\n                    \"@id\": \"#sso\/qv-width-px-1200\"\n                }\n            ],\n            \"height\": [\n                {\n                    \"@id\": \"#sso\/qv-height-px-630\"\n                }\n            ]\n        },\n        {\n            \"@id\": \"#sso\/qv-height-px-630\",\n            \"@context\": \"https:\/\/schema.org\",\n            \"@type\": \"QuantitativeValue\",\n            \"name\": \"Height\",\n            \"unitText\": \"px\",\n            \"unitCode\": \"E37\",\n            \"value\": \"630\"\n        },\n        {\n            \"@id\": \"\/2014\/01\/kevatpaiva-pumseleiri-ja-karonkka-15-2\/#sso\/breadcrumb.list\/yleinen\",\n            \"@context\": \"https:\/\/schema.org\",\n            \"@type\": \"BreadcrumbList\",\n            \"url\": \"https:\/\/tu11.fi\/taekwondo\/en\/2014\/01\/kevatpaiva-pumseleiri-ja-karonkka-15-2\/\",\n            \"itemListElement\": [\n                {\n                    \"@context\": \"https:\/\/schema.org\",\n                    \"@type\": \"ListItem\",\n                    \"position\": 1,\n                    \"name\": \"Home\",\n                    \"item\": \"https:\/\/tu11.fi\/taekwondo\/en\/\"\n                },\n                {\n                    \"@context\": \"https:\/\/schema.org\",\n                    \"@type\": \"ListItem\",\n                    \"position\": 2,\n                    \"name\": \"Blog\",\n                    \"item\": \"https:\/\/tu11.fi\/taekwondo\/\"\n                },\n                {\n                    \"@context\": \"https:\/\/schema.org\",\n                    \"@type\": \"ListItem\",\n                    \"position\": 3,\n                    \"name\": \"Yleinen Archives   Taekwondourheilijat 2011 | Taekwondoa parhaassa...\",\n                    \"item\": \"https:\/\/tu11.fi\/taekwondo\/en\/category\/yleinen\/\"\n                },\n                {\n                    \"@context\": \"https:\/\/schema.org\",\n                    \"@type\": \"ListItem\",\n                    \"position\": 4,\n                    \"name\": \"Kev&auml;tp&auml;iv&auml;, poomseleiri ja karonkka 15.2.   Taekwondourheilijat...\",\n                    \"item\": \"https:\/\/tu11.fi\/taekwondo\/en\/2014\/01\/kevatpaiva-pumseleiri-ja-karonkka-15-2\/\"\n                }\n            ]\n        }\n    ]\n}<\/script>\n","<meta name=\"wpsso-end\" content=\"wpsso structured data end\"\/>\n","<meta name=\"wpsso-cached\" content=\"no cache for tu11.fi\/taekwondo\"\/>\n"],"json":[{"@context":"https:\/\/schema.org","@graph":[{"@id":"#sso\/knowledge-graph\/sports-team\/4105","@context":"https:\/\/schema.org","@type":"SportsTeam","mainEntityOfPage":"https:\/\/tu11.fi\/taekwondo\/en\/2014\/01\/kevatpaiva-pumseleiri-ja-karonkka-15-2\/","url":"https:\/\/tu11.fi\/taekwondo\/en\/2014\/01\/kevatpaiva-pumseleiri-ja-karonkka-15-2\/","sameAs":["https:\/\/tu11.fi\/taekwondo\/en\/?p=4105"],"name":"Kev&auml;tp&auml;iv&auml;, poomseleiri ja karonkka 15.2.  &ndash; Taekwondourheilijat...","alternateName":"Kev&auml;tp&auml;iv&auml;, poomseleiri ja karonkka 15.2.  &ndash; Taekwondourheilijat 2011 | Taekwondoa parhaassa seurassa |...","description":"TU11 tarjoaa innostavan ymp&auml;rist&ouml;n harjoitella taekwondoa kaikenik&auml;isille ja -tasoisille, aloittelijoista huippu-urheilijoihin. Valmennus on systemaattista ja valmentajat maamme parhaimmistoa. Aloita taekwondo nyt!","image":[{"@id":"https:\/\/tu11.fi\/taekwondo\/wp-content\/uploads\/2014\/01\/1435176_68889958-1200x1200-cropped.jpg#sso\/image-object"},{"@id":"https:\/\/tu11.fi\/taekwondo\/wp-content\/uploads\/2014\/01\/1435176_68889958-1200x900-cropped.jpg#sso\/image-object"},{"@id":"https:\/\/tu11.fi\/taekwondo\/wp-content\/uploads\/2014\/01\/1435176_68889958-1200x675-cropped.jpg#sso\/image-object"},{"@id":"https:\/\/tu11.fi\/taekwondo\/wp-content\/uploads\/2014\/01\/1435176_68889958-1200x630-cropped.jpg#sso\/image-object"}]},{"@id":"https:\/\/tu11.fi\/taekwondo\/wp-content\/uploads\/2014\/01\/1435176_68889958-1200x1200-cropped.jpg#sso\/image-object","@context":"https:\/\/schema.org","@type":"ImageObject","url":"https:\/\/tu11.fi\/taekwondo\/wp-content\/uploads\/2014\/01\/1435176_68889958-1200x1200-cropped.jpg","identifier":"4106-wpsso-schema-1x1","name":"Kev&auml;t taekwondo  &ndash; Taekwondourheilijat 2011 | Taekwondoa parhaassa...","alternateName":"Kev&auml;t taekwondo  &ndash; Taekwondourheilijat 2011 | Taekwondoa parhaassa seurassa | Helsinki | Espoo | Vantaa","description":"Group of five Oak Trees forming one huge Canopy","encodingFormat":"image\/jpeg","uploadDate":"2014-01-23T10:07:42+00:00","width":[{"@id":"#sso\/qv-width-px-1200"}],"height":[{"@id":"#sso\/qv-height-px-1200"}]},{"@id":"#sso\/qv-width-px-1200","@context":"https:\/\/schema.org","@type":"QuantitativeValue","name":"Width","unitText":"px","unitCode":"E37","value":"1200"},{"@id":"#sso\/qv-height-px-1200","@context":"https:\/\/schema.org","@type":"QuantitativeValue","name":"Height","unitText":"px","unitCode":"E37","value":"1200"},{"@id":"https:\/\/tu11.fi\/taekwondo\/wp-content\/uploads\/2014\/01\/1435176_68889958-1200x900-cropped.jpg#sso\/image-object","@context":"https:\/\/schema.org","@type":"ImageObject","url":"https:\/\/tu11.fi\/taekwondo\/wp-content\/uploads\/2014\/01\/1435176_68889958-1200x900-cropped.jpg","identifier":"4106-wpsso-schema-4x3","name":"Kev&auml;t taekwondo  &ndash; Taekwondourheilijat 2011 | Taekwondoa parhaassa...","alternateName":"Kev&auml;t taekwondo  &ndash; Taekwondourheilijat 2011 | Taekwondoa parhaassa seurassa | Helsinki | Espoo | Vantaa","description":"Group of five Oak Trees forming one huge Canopy","encodingFormat":"image\/jpeg","uploadDate":"2014-01-23T10:07:42+00:00","width":[{"@id":"#sso\/qv-width-px-1200"}],"height":[{"@id":"#sso\/qv-height-px-900"}]},{"@id":"#sso\/qv-height-px-900","@context":"https:\/\/schema.org","@type":"QuantitativeValue","name":"Height","unitText":"px","unitCode":"E37","value":"900"},{"@id":"https:\/\/tu11.fi\/taekwondo\/wp-content\/uploads\/2014\/01\/1435176_68889958-1200x675-cropped.jpg#sso\/image-object","@context":"https:\/\/schema.org","@type":"ImageObject","url":"https:\/\/tu11.fi\/taekwondo\/wp-content\/uploads\/2014\/01\/1435176_68889958-1200x675-cropped.jpg","identifier":"4106-wpsso-schema-16x9","name":"Kev&auml;t taekwondo  &ndash; Taekwondourheilijat 2011 | Taekwondoa parhaassa...","alternateName":"Kev&auml;t taekwondo  &ndash; Taekwondourheilijat 2011 | Taekwondoa parhaassa seurassa | Helsinki | Espoo | Vantaa","description":"Group of five Oak Trees forming one huge Canopy","encodingFormat":"image\/jpeg","uploadDate":"2014-01-23T10:07:42+00:00","width":[{"@id":"#sso\/qv-width-px-1200"}],"height":[{"@id":"#sso\/qv-height-px-675"}]},{"@id":"#sso\/qv-height-px-675","@context":"https:\/\/schema.org","@type":"QuantitativeValue","name":"Height","unitText":"px","unitCode":"E37","value":"675"},{"@id":"https:\/\/tu11.fi\/taekwondo\/wp-content\/uploads\/2014\/01\/1435176_68889958-1200x630-cropped.jpg#sso\/image-object","@context":"https:\/\/schema.org","@type":"ImageObject","url":"https:\/\/tu11.fi\/taekwondo\/wp-content\/uploads\/2014\/01\/1435176_68889958-1200x630-cropped.jpg","identifier":"4106-wpsso-thumbnail","name":"Kev&auml;t taekwondo  &ndash; Taekwondourheilijat 2011 | Taekwondoa parhaassa...","alternateName":"Kev&auml;t taekwondo  &ndash; Taekwondourheilijat 2011 | Taekwondoa parhaassa seurassa | Helsinki | Espoo | Vantaa","description":"Group of five Oak Trees forming one huge Canopy","encodingFormat":"image\/jpeg","uploadDate":"2014-01-23T10:07:42+00:00","width":[{"@id":"#sso\/qv-width-px-1200"}],"height":[{"@id":"#sso\/qv-height-px-630"}]},{"@id":"#sso\/qv-height-px-630","@context":"https:\/\/schema.org","@type":"QuantitativeValue","name":"Height","unitText":"px","unitCode":"E37","value":"630"},{"@id":"\/2014\/01\/kevatpaiva-pumseleiri-ja-karonkka-15-2\/#sso\/breadcrumb.list\/yleinen","@context":"https:\/\/schema.org","@type":"BreadcrumbList","url":"https:\/\/tu11.fi\/taekwondo\/en\/2014\/01\/kevatpaiva-pumseleiri-ja-karonkka-15-2\/","itemListElement":[{"@context":"https:\/\/schema.org","@type":"ListItem","position":1,"name":"Home","item":"https:\/\/tu11.fi\/taekwondo\/en\/"},{"@context":"https:\/\/schema.org","@type":"ListItem","position":2,"name":"Blog","item":"https:\/\/tu11.fi\/taekwondo\/"},{"@context":"https:\/\/schema.org","@type":"ListItem","position":3,"name":"Yleinen Archives   Taekwondourheilijat 2011 | Taekwondoa parhaassa...","item":"https:\/\/tu11.fi\/taekwondo\/en\/category\/yleinen\/"},{"@context":"https:\/\/schema.org","@type":"ListItem","position":4,"name":"Kev&auml;tp&auml;iv&auml;, poomseleiri ja karonkka 15.2.   Taekwondourheilijat...","item":"https:\/\/tu11.fi\/taekwondo\/en\/2014\/01\/kevatpaiva-pumseleiri-ja-karonkka-15-2\/"}]}]}],"parts":[["meta","name","generator","content","WPSSO Core 21.13.2\/L*","generator:1"],["meta","name","generator","content","WPSSO RAR 3.3.0\/S","generator:2"],["meta","name","generator","content","WPSSO REST 3.3.0\/S","generator:3"],["meta","name","generator","content","WPSSO BC 5.5.0\/S","generator:4"],["meta","name","generator","content","WPSSO FAQ 7.1.0\/S","generator:5"],["meta","name","generator","content","WPSSO OPM 5.1.0\/S","generator:6"],["meta","name","generator","content","WPSSO SSM 3.4.0\/S","generator:7"],["meta","name","generator","content","WPSSO TIE 4.1.0\/S","generator:8"],["meta","name","generator","content","WPSSO UM 7.3.0\/S","generator:9"],["meta","name","generator","content","WPSSO UL 4.3.0\/S","generator:10"],["link","rel","shortlink","href","https:\/\/tu11.fi\/taekwondo\/en\/?p=4105",""],["meta","property","fb:app_id","content","966242223397117",""],["meta","property","og:time","content","2026-04-29T04:09:37+00:00",""],["meta","property","og:type","content","article",""],["meta","property","og:url","content","https:\/\/tu11.fi\/taekwondo\/en\/2014\/01\/kevatpaiva-pumseleiri-ja-karonkka-15-2\/",""],["meta","property","og:locale","content","en_US",""],["meta","property","og:site_name","content","Taekwondourheilijat 2011 | Taekwondoa parhaassa seurassa | Helsinki | Espoo | Vantaa",""],["meta","property","og:title","content","Kev&auml;tp&auml;iv&auml;, poomseleiri ja karonkka 15.2.  &ndash; Taekwondourheilijat...",""],["meta","property","og:description","content","TU11 tarjoaa innostavan ymp&auml;rist&ouml;n harjoitella taekwondoa kaikenik&auml;isille ja -tasoisille, aloittelijoista huippu-urheilijoihin. Valmennus on systemaattista ja valmentajat maamme parhaimmistoa. Aloita taekwondo nyt!",""],["meta","property","og:updated_time","content","2014-02-16T22:00:25+00:00",""],["meta","property","og:image:secure_url","content","https:\/\/tu11.fi\/taekwondo\/wp-content\/uploads\/2014\/01\/1435176_68889958-1200x630-cropped.jpg","og:image:1"],["meta","property","og:image:url","content","https:\/\/tu11.fi\/taekwondo\/wp-content\/uploads\/2014\/01\/1435176_68889958-1200x630-cropped.jpg","og:image:1"],["meta","property","og:image","content","https:\/\/tu11.fi\/taekwondo\/wp-content\/uploads\/2014\/01\/1435176_68889958-1200x630-cropped.jpg","og:image:1"],["meta","property","og:image:width","content","1200","og:image:1"],["meta","property","og:image:height","content","630","og:image:1"],["meta","property","og:image:cropped","content","true","og:image:1"],["meta","property","og:image:id","content","4106","og:image:1"],["meta","property","og:image:size_name","content","wpsso-opengraph","og:image:1"],["meta","name","schema:language","content","en_US",""],["meta","name","schema:type:id","content","sports.team",""],["meta","name","schema:type:url","content","https:\/\/schema.org\/SportsTeam",""],["meta","name","schema:type:context","content","https:\/\/schema.org",""],["meta","name","schema:type:name","content","SportsTeam",""],["meta","name","schema:type:path","content","schema.org\/SportsTeam",""],["meta","property","article:section","content","Sport",""],["meta","property","article:author:name","content","Sampo Pajulampi",""],["meta","property","article:publisher","content","https:\/\/www.facebook.com\/TU11",""],["meta","property","article:published_time","content","2014-01-23T10:08:09+00:00",""],["meta","property","article:modified_time","content","2014-02-16T22:00:25+00:00",""],["meta","property","article:reading_mins","content","0",""],["meta","name","twitter:domain","content","tu11.fi",""],["meta","name","twitter:site","content","@taekwondourh",""],["meta","name","twitter:title","content","Kev&auml;tp&auml;iv&auml;, poomseleiri ja karonkka 15.2.  &ndash; Taekwondourheilijat...",""],["meta","name","twitter:description","content","TU11 tarjoaa innostavan ymp&auml;rist&ouml;n harjoitella taekwondoa kaikenik&auml;isille ja -tasoisille, aloittelijoista huippu-urheilijoihin. Valmennus on systemaattista ja valmentajat maamme parhaimmistoa...",""],["meta","name","twitter:card","content","summary_large_image",""],["meta","name","twitter:image","content","https:\/\/tu11.fi\/taekwondo\/wp-content\/uploads\/2014\/01\/1435176_68889958-1200x630-cropped.jpg?p=4105",""],["meta","name","twitter:label1","content","Written by",""],["meta","name","twitter:data1","content","Sampo Pajulampi",""],["meta","name","author","content","Sampo Pajulampi",""],["meta","name","thumbnail","content","https:\/\/tu11.fi\/taekwondo\/wp-content\/uploads\/2014\/01\/1435176_68889958-1200x630-cropped.jpg",""]]},"_links":{"self":[{"href":"https:\/\/tu11.fi\/taekwondo\/en\/wp-json\/wp\/v2\/posts\/4105","targetHints":{"allow":["GET"]}}],"collection":[{"href":"https:\/\/tu11.fi\/taekwondo\/en\/wp-json\/wp\/v2\/posts"}],"about":[{"href":"https:\/\/tu11.fi\/taekwondo\/en\/wp-json\/wp\/v2\/types\/post"}],"author":[{"embeddable":true,"href":"https:\/\/tu11.fi\/taekwondo\/en\/wp-json\/wp\/v2\/users\/2"}],"replies":[{"embeddable":true,"href":"https:\/\/tu11.fi\/taekwondo\/en\/wp-json\/wp\/v2\/comments?post=4105"}],"version-history":[{"count":0,"href":"https:\/\/tu11.fi\/taekwondo\/en\/wp-json\/wp\/v2\/posts\/4105\/revisions"}],"wp:featuredmedia":[{"embeddable":true,"href":"https:\/\/tu11.fi\/taekwondo\/en\/wp-json\/wp\/v2\/media\/4106"}],"wp:attachment":[{"href":"https:\/\/tu11.fi\/taekwondo\/en\/wp-json\/wp\/v2\/media?parent=4105"}],"wp:term":[{"taxonomy":"category","embeddable":true,"href":"https:\/\/tu11.fi\/taekwondo\/en\/wp-json\/wp\/v2\/categories?post=4105"},{"taxonomy":"post_tag","embeddable":true,"href":"https:\/\/tu11.fi\/taekwondo\/en\/wp-json\/wp\/v2\/tags?post=4105"}],"curies":[{"name":"wp","href":"https:\/\/api.w.org\/{rel}","templated":true}]}}