{"id":2992,"date":"2013-04-24T09:39:29","date_gmt":"2013-04-24T09:39:29","guid":{"rendered":"http:\/\/tu11.fi.srv.hoste.fi\/taekwondo\/?p=2992"},"modified":"2013-10-28T13:17:37","modified_gmt":"2013-10-28T13:17:37","slug":"taekwondo-sportlaste-varasuvised-uritused","status":"publish","type":"post","link":"https:\/\/tu11.fi\/taekwondo\/et\/2013\/04\/taekwondourheilijoiden-alkukesan-tapahtumia\/","title":{"rendered":"Taekwondo sportlaste varasuvised \u00fcritused"},"content":{"rendered":"<h1><a href=\"http:\/\/tu11.fi.srv.hoste.fi\/taekwondo\/wp-content\/uploads\/2013\/04\/1414256_70681698.jpg\"><img decoding=\"async\" class=\"aligncenter size-large wp-image-2999\" alt=\"taekwondo suvi\" src=\"http:\/\/tu11.fi.srv.hoste.fi\/taekwondo\/wp-content\/uploads\/2013\/04\/1414256_70681698-1024x682.jpg\" width=\"620\" height=\"412\" srcset=\"https:\/\/tu11.fi\/taekwondo\/wp-content\/uploads\/2013\/04\/1414256_70681698-1024x682.jpg 1024w, https:\/\/tu11.fi\/taekwondo\/wp-content\/uploads\/2013\/04\/1414256_70681698-300x200.jpg 300w, https:\/\/tu11.fi\/taekwondo\/wp-content\/uploads\/2013\/04\/1414256_70681698-uai-150x100.jpg 150w, https:\/\/tu11.fi\/taekwondo\/wp-content\/uploads\/2013\/04\/1414256_70681698-uai-828x552.jpg 828w, https:\/\/tu11.fi\/taekwondo\/wp-content\/uploads\/2013\/04\/1414256_70681698-1200x800.jpg 1200w, https:\/\/tu11.fi\/taekwondo\/wp-content\/uploads\/2013\/04\/1414256_70681698-uai-375x250.jpg 375w, https:\/\/tu11.fi\/taekwondo\/wp-content\/uploads\/2013\/04\/1414256_70681698-uai-750x500.jpg 750w, https:\/\/tu11.fi\/taekwondo\/wp-content\/uploads\/2013\/04\/1414256_70681698-uai-516x344.jpg 516w, https:\/\/tu11.fi\/taekwondo\/wp-content\/uploads\/2013\/04\/1414256_70681698.jpg 1920w\" sizes=\"(max-width: 620px) 100vw, 620px\" \/><\/a><\/h1>\n<h1>2013. aasta on taekwondo sportlastele j\u00e4tkuvalt meeleolukas.<\/h1>\n<p>Harjutusi korraldatakse ka suvel, v\u00e4lja arvatud kaks n\u00e4dalat puhkust. Lisaks on laagrid, v\u00f5istlus\u00f5htud ja k\u00e4ime v\u00f6\u00f6eksamitel.<br \/>\nPealkirjata dokument<\/p>\n<p>&nbsp;<\/p>\n<table width=\"625\" cellspacing=\"0\" cellpadding=\"0\">\n<colgroup>\n<col width=\"54\" \/>\n<col span=\"2\" width=\"96\" \/>\n<col width=\"59\" \/>\n<col width=\"479\" \/><\/colgroup>\n<tbody>\n<tr>\n<td width=\"69\">Sest<\/td>\n<td width=\"162\">Mida<\/td>\n<td width=\"116\">Kellele<\/td>\n<td width=\"81\">Kus<\/td>\n<td width=\"741\">Lisainformatsioon<\/td>\n<\/tr>\n<tr>\n<td>26.4.<\/td>\n<td>Testip\u00e4ev<\/td>\n<td>K\u00f5ik<\/td>\n<td>TU11 saal<\/td>\n<td>7-15 aastased 17-19, t\u00e4iskasvanud 19-21. Testidega m\u00f5\u00f5detakse oskuslikke ja f\u00fc\u00fcsilisi omadusi. Tulemustest saate olulist teavet oma tugevuste ja valdkondade kohta, mida saaks parandada. http:\/\/tu11.fi.srv.hoste.fi\/taekwondo\/2013\/04\/invictus-testaus-26-4-2012\/<\/td>\n<\/tr>\n<tr>\n<td>29.4.<\/td>\n<td>V\u00f6\u00f6 test<\/td>\n<td>3-6 aastased<\/td>\n<td>TU11 saal<\/td>\n<td>Algajate r\u00fchm kell 17 ja edasij\u00f5udnute r\u00fchm kell 18. T\u00e4psem info Petterilt<\/td>\n<\/tr>\n<tr>\n<td>30.4.-1.5.<\/td>\n<td>Esimene mai<\/td>\n<td>K\u00f5ik<\/td>\n<td>TU11 saal<\/td>\n<td>Ei mingeid treeninguid.<\/td>\n<\/tr>\n<tr>\n<td>3.5.<\/td>\n<td>V\u00f6\u00f6 test<\/td>\n<td>7-15 aastased<\/td>\n<td>TU11 saal<\/td>\n<td>Valged ja kollased v\u00f6\u00f6d kell 17 \u00dclemised v\u00f6\u00f6d kell 18 Kindlustage oma olukord Juho v\u00f5i Sampo k\u00e4est. V\u00f6\u00f6katsele tulijatel peab olema kehtiv litsents ja koolitustasu tasunud. Litsentsi saab otse siit: https:\/\/lisenssi.sportti.fi\/<\/td>\n<\/tr>\n<tr>\n<td>9.5.<\/td>\n<td>Taevaminemisp\u00fcha<\/td>\n<td>K\u00f5ik<\/td>\n<td>TU11 saal<\/td>\n<td>Ei mingeid treeninguid.<\/td>\n<\/tr>\n<tr>\n<td>11.5.<\/td>\n<td>Mat\u0161iv\u00f5istlused<\/td>\n<td>K\u00f5igile, kes on varem v\u00f5istelnud<\/td>\n<td>Pori<\/td>\n<td>Registreerimine 4.5. teeninduslauas. Samuti andke meile teada, kui vajate k\u00fc\u00fcti v\u00f5i kui teil on autos lisaistmeid. http:\/\/tu11.fi.srv.hoste.fi\/taekwondo\/2013\/04\/taekwundoliiga-jatkuu-porissa-11-5-2013\/<\/td>\n<\/tr>\n<tr>\n<td>14.5.<\/td>\n<td>Sisev\u00f5istlused<\/td>\n<td>K\u00f5ik<\/td>\n<td>TU11 saal<\/td>\n<td>Lapsed ja noored kl 17-19, \u00dcle 16-aastased t\u00e4iskasvanud. Kell 19-21<\/td>\n<\/tr>\n<tr>\n<td>15.5.<\/td>\n<td>V\u00f6\u00f6 test<\/td>\n<td>3-6 aastased<\/td>\n<td>TU11 saal<\/td>\n<td>Korduseksam neile, kes esimest eksamit ei soorita.<\/td>\n<\/tr>\n<tr>\n<td>18.5.<\/td>\n<td>Laager<\/td>\n<td>K\u00f5ik<\/td>\n<td>TU11 saal<\/td>\n<td>Petteri korraldatud laager, mille kohta tuleb l\u00e4hiajal rohkem infot.<\/td>\n<\/tr>\n<tr>\n<td>19.5.<\/td>\n<td>Mesilane<\/td>\n<td>K\u00f5ik<\/td>\n<td>TU11 saal<\/td>\n<td>Teeme j\u00f5usaalis kevadpuhastuse ja t\u00e4iustame kohti. Toit olemas, osalejatele ka eelmise p\u00e4eva laager poole hinnaga.<\/td>\n<\/tr>\n<tr>\n<td>21.5. ja 23.5.<\/td>\n<td>V\u00f6\u00f6 test<\/td>\n<td>T\u00e4iskasvanud<\/td>\n<td>TU11 saal<\/td>\n<td>Algajate r\u00fchma v\u00f6\u00f6eksamid toimuvad 21.5. Edasij\u00f5udnute r\u00fchma eksam toimub kahes osas, 21.5 ja 23.5. tavalisele treeningajale.<\/td>\n<\/tr>\n<tr>\n<td>25.5.<\/td>\n<td>PM v\u00f5istlused<\/td>\n<td>K\u00f5ik<\/td>\n<td>Kiskallio, Lohja<\/td>\n<td>Minge TL\u00dc enda v\u00f5istlejatele kaasa elama v\u00f5i registreeruge teeninduslauas vabatahtlikuna v\u00f5istlusi korraldama.<\/td>\n<\/tr>\n<tr>\n<td>3.6.-7.6<\/td>\n<td>Laste suvelaager<\/td>\n<td>6-14 aastased<\/td>\n<td>TU11 saal<\/td>\n<td>Kaasatud on 20 esimest. Registreeruda saab meili teel v\u00f5i otse juhendaja poole http:\/\/tu11.fi.srv.hoste.fi\/taekwondo\/2013\/04\/taekwondo-kesaleiri-2013\/<\/td>\n<\/tr>\n<tr>\n<td>3.6.-15.8<\/td>\n<td>Suvised treeninguajad<\/td>\n<td>K\u00f5ik<\/td>\n<td>TU11 saal<\/td>\n<td>Treeningajad on samad, mis kevadel, kuid reedeti treeninguid ei toimu. Esmasp\u00e4eval peetakse kombineeritud v\u00e4litreeninguna t\u00e4iskasvanute r\u00fchmad ja mat\u0161grupp<\/td>\n<\/tr>\n<tr>\n<td>8.6.<\/td>\n<td>T\u00e4iendav koolitusseminar<\/td>\n<td>K\u00f5ik<\/td>\n<td>TU11 saal<\/td>\n<td>Laagris jagatakse n\u00e4pun\u00e4iteid suvisteks treeninguteks ja n\u00f5ustatakse \u00f5iget tehnikat.<\/td>\n<\/tr>\n<tr>\n<td>8.7.-26.7.<\/td>\n<td>Suvevaheaeg<\/td>\n<td>K\u00f5ik<\/td>\n<td>TU11 saal<\/td>\n<td>Suvevaheajal tavaharjutusi ei korraldata. J\u00f5usaal on avatud vabatahtlikuks treeninguks teisip\u00e4eviti ja neljap\u00e4eviti kl vahemikus 18-20.<\/td>\n<\/tr>\n<\/tbody>\n<\/table>\n<p>Taekwondo sportlased soovivad aktiivset kevadet ja suve!<\/p>","protected":false},"excerpt":{"rendered":"<p>2013. aasta on taekwondo sportlastele j\u00e4tkuvalt meeleolukas. Harjutusi korraldatakse ka suvel, v\u00e4lja arvatud kaks n\u00e4dalat puhkust. Lisaks on laagrid, v\u00f5istlus\u00f5htud ja k\u00e4ime v\u00f6\u00f6eksamitel. Pealkirjata dokument Millal Mis Kellele Kus T\u00e4iendav teave 26.4. Testip\u00e4ev K\u00f5ik TU11 saal 7-15 aastased 17-19, t\u00e4iskasvanud 17-21. Testidega m\u00f5\u00f5detakse oskuslikke ja f\u00fc\u00fcsilisi omadusi. Tulemustest saate olulist teavet oma tugevuste ja valdkondade kohta, mida saaks parandada. http:\/\/tu11.fi.srv.hoste.fi\/taekwondo\/2013\/04\/invictus-testaus-26-4-2012\/ 29.4. V\u00f6\u00f6proov 3-6 aastased TU11-Sali Algr\u00fchm...<\/p>","protected":false},"author":2,"featured_media":2999,"comment_status":"closed","ping_status":"open","sticky":false,"template":"templates\/template-cover.php","format":"standard","meta":{"footnotes":""},"categories":[1],"tags":[10,55,8,53,12,57,11,92,258,259,49,50,39,62,206,42,56,48,14,38,13,7,23,22,9,192,194,15],"class_list":["post-2992","post","type-post","status-publish","format-standard","has-post-thumbnail","hentry","category-yleinen","tag-espoo","tag-harrastus","tag-helsinki","tag-juniori","tag-juniorit","tag-junnut","tag-kalajarvi","tag-kamppailu","tag-kesa","tag-kesaleiri","tag-kilpailu","tag-kilpailut","tag-kisa","tag-kjorogii","tag-koe","tag-kukkiwon","tag-lapset","tag-leiri","tag-ottelu","tag-salikisa","tag-taekwond","tag-taekwondo","tag-taekwondourheilijat-2011","tag-tu11","tag-vantaa","tag-vyo","tag-vyokoe","tag-wtf"],"yoast_head":"<!-- This site is optimized with the Yoast SEO plugin v27.4 - https:\/\/yoast.com\/product\/yoast-seo-wordpress\/ -->\n<title>Taekwondourheilijoiden alkukes\u00e4n tapahtumia - Taekwondourheilijat 2011 | Taekwondoa parhaassa seurassa | Helsinki | Espoo | Vantaa<\/title>\n<meta name=\"description\" content=\"Kes\u00e4ll\u00e4kin harjoituksia j\u00e4rjestet\u00e4\u00e4n lukuunottamatta kahta lomaviikkoa. Taekwondourheilijat toivottavat aktiivista kev\u00e4tt\u00e4 ja kes\u00e4\u00e4!\" \/>\n<meta name=\"robots\" content=\"index, follow, max-snippet:-1, max-image-preview:large, max-video-preview:-1\" \/>\n<link rel=\"canonical\" href=\"https:\/\/tu11.fi\/taekwondo\/et\/2013-aasta\/04\/taekwondo-sportlaste-varasuvised-uritused\/\" \/>\n<script type=\"application\/ld+json\" class=\"yoast-schema-graph\">{\"@context\":\"https:\\\/\\\/schema.org\",\"@graph\":[]}<\/script>\n<!-- \/ Yoast SEO plugin. -->","yoast_head_json":{"title":"Taekwondourheilijoiden alkukes\u00e4n tapahtumia - Taekwondourheilijat 2011 | Taekwondoa parhaassa seurassa | Helsinki | Espoo | Vantaa","description":"Harjutusi korraldatakse ka suvel, v\u00e4lja arvatud kaks n\u00e4dalat puhkust. Taekwondo sportlased soovivad aktiivset kevadet ja suve!","robots":{"index":"index","follow":"follow","max-snippet":"max-snippet:-1","max-image-preview":"max-image-preview:large","max-video-preview":"max-video-preview:-1"},"canonical":"https:\/\/tu11.fi\/taekwondo\/et\/2013-aasta\/04\/taekwondo-sportlaste-varasuvised-uritused\/","schema":{"@context":"https:\/\/schema.org","@graph":[]}},"amp_enabled":true,"head":{"html":["<meta name=\"wpsso-begin\" content=\"wpsso structured data begin\"\/>\n","<!-- generator:1 --><meta name=\"generator\" content=\"WPSSO Core 21.13.2\/L*\"\/>\n","<!-- generator:2 --><meta name=\"generator\" content=\"WPSSO RAR 3.3.0\/S\"\/>\n","<!-- generator:3 --><meta name=\"generator\" content=\"WPSSO REST 3.3.0\/S\"\/>\n","<!-- generator:4 --><meta name=\"generator\" content=\"WPSSO BC 5.5.0\/S\"\/>\n","<!-- generator:5 --><meta name=\"generator\" content=\"WPSSO FAQ 7.1.0\/S\"\/>\n","<!-- generator:6 --><meta name=\"generator\" content=\"WPSSO OPM 5.1.0\/S\"\/>\n","<!-- generator:7 --><meta name=\"generator\" content=\"WPSSO SSM 3.4.0\/S\"\/>\n","<!-- generator:8 --><meta name=\"generator\" content=\"WPSSO TIE 4.1.0\/S\"\/>\n","<!-- generator:9 --><meta name=\"generator\" content=\"WPSSO UM 7.3.0\/S\"\/>\n","<!-- generator:10 --><meta name=\"generator\" content=\"WPSSO UL 4.3.0\/S\"\/>\n","<link rel=\"shortlink\" href=\"https:\/\/tu11.fi\/taekwondo\/et\/?p=2992\"\/>\n","<meta property=\"fb:app_id\" content=\"966242223397117\"\/>\n","<meta property=\"og:type\" content=\"article\"\/>\n","<meta property=\"og:url\" content=\"https:\/\/tu11.fi\/taekwondo\/et\/2013\/04\/taekwondourheilijoiden-alkukesan-tapahtumia\/\"\/>\n","<meta property=\"og:locale\" content=\"en_US\"\/>\n","<meta property=\"og:site_name\" content=\"Taekwondourheilijat 2011 | Taekwondoa parhaassa seurassa | Helsinki | Espoo | Vantaa\"\/>\n","<meta property=\"og:title\" content=\"Taekwondourheilijoiden alkukes&auml;n tapahtumia  &ndash; Taekwondourheilijat...\"\/>\n","<meta property=\"og:description\" content=\"Kes&auml;ll&auml;kin harjoituksia j&auml;rjestet&auml;&auml;n lukuunottamatta kahta lomaviikkoa. Taekwondourheilijat toivottavat aktiivista kev&auml;tt&auml; ja kes&auml;&auml;!\"\/>\n","<meta property=\"og:updated_time\" content=\"2013-10-28T13:17:37+00:00\"\/>\n","<!-- og:image:1 --><meta property=\"og:image\" content=\"https:\/\/tu11.fi\/taekwondo\/wp-content\/uploads\/2013\/04\/1414256_70681698-1200x630-cropped.jpg\"\/>\n","<!-- og:image:1 --><meta property=\"og:image:width\" content=\"1200\"\/>\n","<!-- og:image:1 --><meta property=\"og:image:height\" content=\"630\"\/>\n","<!-- og:image:1 --><meta property=\"og:image:alt\" content=\"taekwondo kes&auml;\"\/>\n","<meta property=\"article:section\" content=\"Sport\"\/>\n","<meta property=\"article:publisher\" content=\"https:\/\/www.facebook.com\/TU11\"\/>\n","<!-- article:tag:1 --><meta property=\"article:tag\" content=\"espoo\"\/>\n","<!-- article:tag:2 --><meta property=\"article:tag\" content=\"harrastus\"\/>\n","<!-- article:tag:3 --><meta property=\"article:tag\" content=\"helsinki\"\/>\n","<!-- article:tag:4 --><meta property=\"article:tag\" content=\"juniori\"\/>\n","<!-- article:tag:5 --><meta property=\"article:tag\" content=\"juniorit\"\/>\n","<!-- article:tag:6 --><meta property=\"article:tag\" content=\"junnut\"\/>\n","<!-- article:tag:7 --><meta property=\"article:tag\" content=\"kalaj&auml;rvi\"\/>\n","<!-- article:tag:8 --><meta property=\"article:tag\" content=\"kamppailu\"\/>\n","<!-- article:tag:9 --><meta property=\"article:tag\" content=\"kes&auml;\"\/>\n","<!-- article:tag:10 --><meta property=\"article:tag\" content=\"kes&auml;leiri\"\/>\n","<!-- article:tag:11 --><meta property=\"article:tag\" content=\"kilpailu\"\/>\n","<!-- article:tag:12 --><meta property=\"article:tag\" content=\"kilpailut\"\/>\n","<!-- article:tag:13 --><meta property=\"article:tag\" content=\"kisa\"\/>\n","<!-- article:tag:14 --><meta property=\"article:tag\" content=\"kjorogii\"\/>\n","<!-- article:tag:15 --><meta property=\"article:tag\" content=\"koe\"\/>\n","<!-- article:tag:16 --><meta property=\"article:tag\" content=\"kukkiwon\"\/>\n","<!-- article:tag:17 --><meta property=\"article:tag\" content=\"lapset\"\/>\n","<!-- article:tag:18 --><meta property=\"article:tag\" content=\"leiri\"\/>\n","<!-- article:tag:19 --><meta property=\"article:tag\" content=\"ottelu\"\/>\n","<!-- article:tag:20 --><meta property=\"article:tag\" content=\"salikisa\"\/>\n","<!-- article:tag:21 --><meta property=\"article:tag\" content=\"taekwond\"\/>\n","<!-- article:tag:22 --><meta property=\"article:tag\" content=\"taekwondo\"\/>\n","<!-- article:tag:23 --><meta property=\"article:tag\" content=\"taekwondourheilijat 2011\"\/>\n","<!-- article:tag:24 --><meta property=\"article:tag\" content=\"tu11\"\/>\n","<!-- article:tag:25 --><meta property=\"article:tag\" content=\"vantaa\"\/>\n","<!-- article:tag:26 --><meta property=\"article:tag\" content=\"vy&ouml;\"\/>\n","<!-- article:tag:27 --><meta property=\"article:tag\" content=\"vy&ouml;koe\"\/>\n","<!-- article:tag:28 --><meta property=\"article:tag\" content=\"wtf\"\/>\n","<meta property=\"article:published_time\" content=\"2013-04-24T09:39:29+00:00\"\/>\n","<meta property=\"article:modified_time\" content=\"2013-10-28T13:17:37+00:00\"\/>\n","<meta name=\"twitter:domain\" content=\"tu11.fi\"\/>\n","<meta name=\"twitter:site\" content=\"@taekwondourh\"\/>\n","<meta name=\"twitter:title\" content=\"Taekwondourheilijoiden alkukes&auml;n tapahtumia  &ndash; Taekwondourheilijat...\"\/>\n","<meta name=\"twitter:description\" content=\"Kes&auml;ll&auml;kin harjoituksia j&auml;rjestet&auml;&auml;n lukuunottamatta kahta lomaviikkoa. Taekwondourheilijat toivottavat aktiivista kev&auml;tt&auml; ja kes&auml;&auml;!\"\/>\n","<meta name=\"twitter:card\" content=\"summary_large_image\"\/>\n","<meta name=\"twitter:image\" content=\"https:\/\/tu11.fi\/taekwondo\/wp-content\/uploads\/2013\/04\/1414256_70681698-1200x630-cropped.jpg?p=2992\"\/>\n","<meta name=\"twitter:image:alt\" content=\"taekwondo kes&auml;\"\/>\n","<meta name=\"twitter:label1\" content=\"Written by\"\/>\n","<meta name=\"twitter:data1\" content=\"Sampo Pajulampi\"\/>\n","<meta name=\"twitter:label2\" content=\"Est. reading time\"\/>\n","<meta name=\"twitter:data2\" content=\"2 minutes\"\/>\n","<meta name=\"author\" content=\"Sampo Pajulampi\"\/>\n","<meta name=\"thumbnail\" content=\"https:\/\/tu11.fi\/taekwondo\/wp-content\/uploads\/2013\/04\/1414256_70681698-1200x630-cropped.jpg\"\/>\n","<script type=\"application\/ld+json\" id=\"wpsso-schema-graph\">{\n    \"@context\": \"https:\/\/schema.org\",\n    \"@graph\": [\n        {\n            \"@id\": \"#sso\/knowledge-graph\/sports-team\/2992\",\n            \"@context\": \"https:\/\/schema.org\",\n            \"@type\": \"SportsTeam\",\n            \"mainEntityOfPage\": \"https:\/\/tu11.fi\/taekwondo\/et\/2013\/04\/taekwondourheilijoiden-alkukesan-tapahtumia\/\",\n            \"url\": \"https:\/\/tu11.fi\/taekwondo\/et\/2013\/04\/taekwondourheilijoiden-alkukesan-tapahtumia\/\",\n            \"sameAs\": [\n                \"https:\/\/tu11.fi\/taekwondo\/et\/?p=2992\"\n            ],\n            \"name\": \"Taekwondourheilijoiden alkukes&auml;n tapahtumia  &ndash; Taekwondourheilijat...\",\n            \"alternateName\": \"Taekwondourheilijoiden alkukes&auml;n tapahtumia  &ndash; Taekwondourheilijat 2011 | Taekwondoa parhaassa seurassa |...\",\n            \"description\": \"Kes&auml;ll&auml;kin harjoituksia j&auml;rjestet&auml;&auml;n lukuunottamatta kahta lomaviikkoa. Taekwondourheilijat toivottavat aktiivista kev&auml;tt&auml; ja kes&auml;&auml;!\",\n            \"image\": [\n                {\n                    \"@id\": \"https:\/\/tu11.fi\/taekwondo\/wp-content\/uploads\/2013\/04\/1414256_70681698-1200x1200-cropped.jpg#sso\/image-object\"\n                },\n                {\n                    \"@id\": \"https:\/\/tu11.fi\/taekwondo\/wp-content\/uploads\/2013\/04\/1414256_70681698-1200x900-cropped.jpg#sso\/image-object\"\n                },\n                {\n                    \"@id\": \"https:\/\/tu11.fi\/taekwondo\/wp-content\/uploads\/2013\/04\/1414256_70681698-1200x675-cropped.jpg#sso\/image-object\"\n                },\n                {\n                    \"@id\": \"https:\/\/tu11.fi\/taekwondo\/wp-content\/uploads\/2013\/04\/1414256_70681698-1200x630-cropped.jpg#sso\/image-object\"\n                }\n            ]\n        },\n        {\n            \"@id\": \"https:\/\/tu11.fi\/taekwondo\/wp-content\/uploads\/2013\/04\/1414256_70681698-1200x1200-cropped.jpg#sso\/image-object\",\n            \"@context\": \"https:\/\/schema.org\",\n            \"@type\": \"ImageObject\",\n            \"url\": \"https:\/\/tu11.fi\/taekwondo\/wp-content\/uploads\/2013\/04\/1414256_70681698-1200x1200-cropped.jpg\",\n            \"identifier\": \"2999-wpsso-schema-1x1\",\n            \"name\": \"taekwondo kes&auml;  &ndash; Taekwondourheilijat 2011 | Taekwondoa parhaassa...\",\n            \"alternateName\": \"taekwondo kes&auml;  &ndash; Taekwondourheilijat 2011 | Taekwondoa parhaassa seurassa | Helsinki | Espoo | Vantaa\",\n            \"alternativeHeadline\": \"taekwondo kes\\u00e4\",\n            \"description\": \"taekwondo kes&auml;\",\n            \"encodingFormat\": \"image\/jpeg\",\n            \"uploadDate\": \"2013-04-24T10:12:45+00:00\",\n            \"width\": [\n                {\n                    \"@id\": \"#sso\/qv-width-px-1200\"\n                }\n            ],\n            \"height\": [\n                {\n                    \"@id\": \"#sso\/qv-height-px-1200\"\n                }\n            ]\n        },\n        {\n            \"@id\": \"#sso\/qv-width-px-1200\",\n            \"@context\": \"https:\/\/schema.org\",\n            \"@type\": \"QuantitativeValue\",\n            \"name\": \"Width\",\n            \"unitText\": \"px\",\n            \"unitCode\": \"E37\",\n            \"value\": \"1200\"\n        },\n        {\n            \"@id\": \"#sso\/qv-height-px-1200\",\n            \"@context\": \"https:\/\/schema.org\",\n            \"@type\": \"QuantitativeValue\",\n            \"name\": \"Height\",\n            \"unitText\": \"px\",\n            \"unitCode\": \"E37\",\n            \"value\": \"1200\"\n        },\n        {\n            \"@id\": \"https:\/\/tu11.fi\/taekwondo\/wp-content\/uploads\/2013\/04\/1414256_70681698-1200x900-cropped.jpg#sso\/image-object\",\n            \"@context\": \"https:\/\/schema.org\",\n            \"@type\": \"ImageObject\",\n            \"url\": \"https:\/\/tu11.fi\/taekwondo\/wp-content\/uploads\/2013\/04\/1414256_70681698-1200x900-cropped.jpg\",\n            \"identifier\": \"2999-wpsso-schema-4x3\",\n            \"name\": \"taekwondo kes&auml;  &ndash; Taekwondourheilijat 2011 | Taekwondoa parhaassa...\",\n            \"alternateName\": \"taekwondo kes&auml;  &ndash; Taekwondourheilijat 2011 | Taekwondoa parhaassa seurassa | Helsinki | Espoo | Vantaa\",\n            \"alternativeHeadline\": \"taekwondo kes\\u00e4\",\n            \"description\": \"taekwondo kes&auml;\",\n            \"encodingFormat\": \"image\/jpeg\",\n            \"uploadDate\": \"2013-04-24T10:12:45+00:00\",\n            \"width\": [\n                {\n                    \"@id\": \"#sso\/qv-width-px-1200\"\n                }\n            ],\n            \"height\": [\n                {\n                    \"@id\": \"#sso\/qv-height-px-900\"\n                }\n            ]\n        },\n        {\n            \"@id\": \"#sso\/qv-height-px-900\",\n            \"@context\": \"https:\/\/schema.org\",\n            \"@type\": \"QuantitativeValue\",\n            \"name\": \"Height\",\n            \"unitText\": \"px\",\n            \"unitCode\": \"E37\",\n            \"value\": \"900\"\n        },\n        {\n            \"@id\": \"https:\/\/tu11.fi\/taekwondo\/wp-content\/uploads\/2013\/04\/1414256_70681698-1200x675-cropped.jpg#sso\/image-object\",\n            \"@context\": \"https:\/\/schema.org\",\n            \"@type\": \"ImageObject\",\n            \"url\": \"https:\/\/tu11.fi\/taekwondo\/wp-content\/uploads\/2013\/04\/1414256_70681698-1200x675-cropped.jpg\",\n            \"identifier\": \"2999-wpsso-schema-16x9\",\n            \"name\": \"taekwondo kes&auml;  &ndash; Taekwondourheilijat 2011 | Taekwondoa parhaassa...\",\n            \"alternateName\": \"taekwondo kes&auml;  &ndash; Taekwondourheilijat 2011 | Taekwondoa parhaassa seurassa | Helsinki | Espoo | Vantaa\",\n            \"alternativeHeadline\": \"taekwondo kes\\u00e4\",\n            \"description\": \"taekwondo kes&auml;\",\n            \"encodingFormat\": \"image\/jpeg\",\n            \"uploadDate\": \"2013-04-24T10:12:45+00:00\",\n            \"width\": [\n                {\n                    \"@id\": \"#sso\/qv-width-px-1200\"\n                }\n            ],\n            \"height\": [\n                {\n                    \"@id\": \"#sso\/qv-height-px-675\"\n                }\n            ]\n        },\n        {\n            \"@id\": \"#sso\/qv-height-px-675\",\n            \"@context\": \"https:\/\/schema.org\",\n            \"@type\": \"QuantitativeValue\",\n            \"name\": \"Height\",\n            \"unitText\": \"px\",\n            \"unitCode\": \"E37\",\n            \"value\": \"675\"\n        },\n        {\n            \"@id\": \"https:\/\/tu11.fi\/taekwondo\/wp-content\/uploads\/2013\/04\/1414256_70681698-1200x630-cropped.jpg#sso\/image-object\",\n            \"@context\": \"https:\/\/schema.org\",\n            \"@type\": \"ImageObject\",\n            \"url\": \"https:\/\/tu11.fi\/taekwondo\/wp-content\/uploads\/2013\/04\/1414256_70681698-1200x630-cropped.jpg\",\n            \"identifier\": \"2999-wpsso-thumbnail\",\n            \"name\": \"taekwondo kes&auml;  &ndash; Taekwondourheilijat 2011 | Taekwondoa parhaassa...\",\n            \"alternateName\": \"taekwondo kes&auml;  &ndash; Taekwondourheilijat 2011 | Taekwondoa parhaassa seurassa | Helsinki | Espoo | Vantaa\",\n            \"alternativeHeadline\": \"taekwondo kes\\u00e4\",\n            \"description\": \"taekwondo kes&auml;\",\n            \"encodingFormat\": \"image\/jpeg\",\n            \"uploadDate\": \"2013-04-24T10:12:45+00:00\",\n            \"width\": [\n                {\n                    \"@id\": \"#sso\/qv-width-px-1200\"\n                }\n            ],\n            \"height\": [\n                {\n                    \"@id\": \"#sso\/qv-height-px-630\"\n                }\n            ]\n        },\n        {\n            \"@id\": \"#sso\/qv-height-px-630\",\n            \"@context\": \"https:\/\/schema.org\",\n            \"@type\": \"QuantitativeValue\",\n            \"name\": \"Height\",\n            \"unitText\": \"px\",\n            \"unitCode\": \"E37\",\n            \"value\": \"630\"\n        },\n        {\n            \"@id\": \"\/2013\/04\/taekwondourheilijoiden-alkukesan-tapahtumia\/#sso\/breadcrumb.list\/yleinen\",\n            \"@context\": \"https:\/\/schema.org\",\n            \"@type\": \"BreadcrumbList\",\n            \"url\": \"https:\/\/tu11.fi\/taekwondo\/et\/2013\/04\/taekwondourheilijoiden-alkukesan-tapahtumia\/\",\n            \"itemListElement\": [\n                {\n                    \"@context\": \"https:\/\/schema.org\",\n                    \"@type\": \"ListItem\",\n                    \"position\": 1,\n                    \"name\": \"Home\",\n                    \"item\": \"https:\/\/tu11.fi\/taekwondo\/et\/\"\n                },\n                {\n                    \"@context\": \"https:\/\/schema.org\",\n                    \"@type\": \"ListItem\",\n                    \"position\": 2,\n                    \"name\": \"Blog\",\n                    \"item\": \"https:\/\/tu11.fi\/taekwondo\/\"\n                },\n                {\n                    \"@context\": \"https:\/\/schema.org\",\n                    \"@type\": \"ListItem\",\n                    \"position\": 3,\n                    \"name\": \"Yleinen Archives   Taekwondourheilijat 2011 | Taekwondoa parhaassa...\",\n                    \"item\": \"https:\/\/tu11.fi\/taekwondo\/et\/category\/yleinen\/\"\n                },\n                {\n                    \"@context\": \"https:\/\/schema.org\",\n                    \"@type\": \"ListItem\",\n                    \"position\": 4,\n                    \"name\": \"Taekwondourheilijoiden alkukes&auml;n tapahtumia   Taekwondourheilijat...\",\n                    \"item\": \"https:\/\/tu11.fi\/taekwondo\/et\/2013\/04\/taekwondourheilijoiden-alkukesan-tapahtumia\/\"\n                }\n            ]\n        }\n    ]\n}<\/script>\n","<meta name=\"wpsso-end\" content=\"wpsso structured data end\"\/>\n","<meta name=\"wpsso-cached\" content=\"no cache for tu11.fi\/taekwondo\"\/>\n"],"json":[{"@context":"https:\/\/schema.org","@graph":[{"@id":"#sso\/knowledge-graph\/sports-team\/2992","@context":"https:\/\/schema.org","@type":"SportsTeam","mainEntityOfPage":"https:\/\/tu11.fi\/taekwondo\/et\/2013\/04\/taekwondourheilijoiden-alkukesan-tapahtumia\/","url":"https:\/\/tu11.fi\/taekwondo\/et\/2013\/04\/taekwondourheilijoiden-alkukesan-tapahtumia\/","sameAs":["https:\/\/tu11.fi\/taekwondo\/et\/?p=2992"],"name":"Taekwondourheilijoiden alkukes&auml;n tapahtumia  &ndash; Taekwondourheilijat...","alternateName":"Taekwondourheilijoiden alkukes&auml;n tapahtumia  &ndash; Taekwondourheilijat 2011 | Taekwondoa parhaassa seurassa |...","description":"Kes&auml;ll&auml;kin harjoituksia j&auml;rjestet&auml;&auml;n lukuunottamatta kahta lomaviikkoa. Taekwondourheilijat toivottavat aktiivista kev&auml;tt&auml; ja kes&auml;&auml;!","image":[{"@id":"https:\/\/tu11.fi\/taekwondo\/wp-content\/uploads\/2013\/04\/1414256_70681698-1200x1200-cropped.jpg#sso\/image-object"},{"@id":"https:\/\/tu11.fi\/taekwondo\/wp-content\/uploads\/2013\/04\/1414256_70681698-1200x900-cropped.jpg#sso\/image-object"},{"@id":"https:\/\/tu11.fi\/taekwondo\/wp-content\/uploads\/2013\/04\/1414256_70681698-1200x675-cropped.jpg#sso\/image-object"},{"@id":"https:\/\/tu11.fi\/taekwondo\/wp-content\/uploads\/2013\/04\/1414256_70681698-1200x630-cropped.jpg#sso\/image-object"}]},{"@id":"https:\/\/tu11.fi\/taekwondo\/wp-content\/uploads\/2013\/04\/1414256_70681698-1200x1200-cropped.jpg#sso\/image-object","@context":"https:\/\/schema.org","@type":"ImageObject","url":"https:\/\/tu11.fi\/taekwondo\/wp-content\/uploads\/2013\/04\/1414256_70681698-1200x1200-cropped.jpg","identifier":"2999-wpsso-schema-1x1","name":"taekwondo kes&auml;  &ndash; Taekwondourheilijat 2011 | Taekwondoa parhaassa...","alternateName":"taekwondo kes&auml;  &ndash; Taekwondourheilijat 2011 | Taekwondoa parhaassa seurassa | Helsinki | Espoo | Vantaa","alternativeHeadline":"taekwondo kes\u00e4","description":"taekwondo kes&auml;","encodingFormat":"image\/jpeg","uploadDate":"2013-04-24T10:12:45+00:00","width":[{"@id":"#sso\/qv-width-px-1200"}],"height":[{"@id":"#sso\/qv-height-px-1200"}]},{"@id":"#sso\/qv-width-px-1200","@context":"https:\/\/schema.org","@type":"QuantitativeValue","name":"Width","unitText":"px","unitCode":"E37","value":"1200"},{"@id":"#sso\/qv-height-px-1200","@context":"https:\/\/schema.org","@type":"QuantitativeValue","name":"Height","unitText":"px","unitCode":"E37","value":"1200"},{"@id":"https:\/\/tu11.fi\/taekwondo\/wp-content\/uploads\/2013\/04\/1414256_70681698-1200x900-cropped.jpg#sso\/image-object","@context":"https:\/\/schema.org","@type":"ImageObject","url":"https:\/\/tu11.fi\/taekwondo\/wp-content\/uploads\/2013\/04\/1414256_70681698-1200x900-cropped.jpg","identifier":"2999-wpsso-schema-4x3","name":"taekwondo kes&auml;  &ndash; Taekwondourheilijat 2011 | Taekwondoa parhaassa...","alternateName":"taekwondo kes&auml;  &ndash; Taekwondourheilijat 2011 | Taekwondoa parhaassa seurassa | Helsinki | Espoo | Vantaa","alternativeHeadline":"taekwondo kes\u00e4","description":"taekwondo kes&auml;","encodingFormat":"image\/jpeg","uploadDate":"2013-04-24T10:12:45+00:00","width":[{"@id":"#sso\/qv-width-px-1200"}],"height":[{"@id":"#sso\/qv-height-px-900"}]},{"@id":"#sso\/qv-height-px-900","@context":"https:\/\/schema.org","@type":"QuantitativeValue","name":"Height","unitText":"px","unitCode":"E37","value":"900"},{"@id":"https:\/\/tu11.fi\/taekwondo\/wp-content\/uploads\/2013\/04\/1414256_70681698-1200x675-cropped.jpg#sso\/image-object","@context":"https:\/\/schema.org","@type":"ImageObject","url":"https:\/\/tu11.fi\/taekwondo\/wp-content\/uploads\/2013\/04\/1414256_70681698-1200x675-cropped.jpg","identifier":"2999-wpsso-schema-16x9","name":"taekwondo kes&auml;  &ndash; Taekwondourheilijat 2011 | Taekwondoa parhaassa...","alternateName":"taekwondo kes&auml;  &ndash; Taekwondourheilijat 2011 | Taekwondoa parhaassa seurassa | Helsinki | Espoo | Vantaa","alternativeHeadline":"taekwondo kes\u00e4","description":"taekwondo kes&auml;","encodingFormat":"image\/jpeg","uploadDate":"2013-04-24T10:12:45+00:00","width":[{"@id":"#sso\/qv-width-px-1200"}],"height":[{"@id":"#sso\/qv-height-px-675"}]},{"@id":"#sso\/qv-height-px-675","@context":"https:\/\/schema.org","@type":"QuantitativeValue","name":"Height","unitText":"px","unitCode":"E37","value":"675"},{"@id":"https:\/\/tu11.fi\/taekwondo\/wp-content\/uploads\/2013\/04\/1414256_70681698-1200x630-cropped.jpg#sso\/image-object","@context":"https:\/\/schema.org","@type":"ImageObject","url":"https:\/\/tu11.fi\/taekwondo\/wp-content\/uploads\/2013\/04\/1414256_70681698-1200x630-cropped.jpg","identifier":"2999-wpsso-thumbnail","name":"taekwondo kes&auml;  &ndash; Taekwondourheilijat 2011 | Taekwondoa parhaassa...","alternateName":"taekwondo kes&auml;  &ndash; Taekwondourheilijat 2011 | Taekwondoa parhaassa seurassa | Helsinki | Espoo | Vantaa","alternativeHeadline":"taekwondo kes\u00e4","description":"taekwondo kes&auml;","encodingFormat":"image\/jpeg","uploadDate":"2013-04-24T10:12:45+00:00","width":[{"@id":"#sso\/qv-width-px-1200"}],"height":[{"@id":"#sso\/qv-height-px-630"}]},{"@id":"#sso\/qv-height-px-630","@context":"https:\/\/schema.org","@type":"QuantitativeValue","name":"Height","unitText":"px","unitCode":"E37","value":"630"},{"@id":"\/2013\/04\/taekwondourheilijoiden-alkukesan-tapahtumia\/#sso\/breadcrumb.list\/yleinen","@context":"https:\/\/schema.org","@type":"BreadcrumbList","url":"https:\/\/tu11.fi\/taekwondo\/et\/2013\/04\/taekwondourheilijoiden-alkukesan-tapahtumia\/","itemListElement":[{"@context":"https:\/\/schema.org","@type":"ListItem","position":1,"name":"Home","item":"https:\/\/tu11.fi\/taekwondo\/et\/"},{"@context":"https:\/\/schema.org","@type":"ListItem","position":2,"name":"Blog","item":"https:\/\/tu11.fi\/taekwondo\/"},{"@context":"https:\/\/schema.org","@type":"ListItem","position":3,"name":"Yleinen Archives   Taekwondourheilijat 2011 | Taekwondoa parhaassa...","item":"https:\/\/tu11.fi\/taekwondo\/et\/category\/yleinen\/"},{"@context":"https:\/\/schema.org","@type":"ListItem","position":4,"name":"Taekwondourheilijoiden alkukes&auml;n tapahtumia   Taekwondourheilijat...","item":"https:\/\/tu11.fi\/taekwondo\/et\/2013\/04\/taekwondourheilijoiden-alkukesan-tapahtumia\/"}]}]}],"parts":[["meta","name","generator","content","WPSSO Core 21.13.2\/L*","generator:1"],["meta","name","generator","content","WPSSO RAR 3.3.0\/S","generator:2"],["meta","name","generator","content","WPSSO REST 3.3.0\/S","generator:3"],["meta","name","generator","content","WPSSO BC 5.5.0\/S","generator:4"],["meta","name","generator","content","WPSSO FAQ 7.1.0\/S","generator:5"],["meta","name","generator","content","WPSSO OPM 5.1.0\/S","generator:6"],["meta","name","generator","content","WPSSO SSM 3.4.0\/S","generator:7"],["meta","name","generator","content","WPSSO TIE 4.1.0\/S","generator:8"],["meta","name","generator","content","WPSSO UM 7.3.0\/S","generator:9"],["meta","name","generator","content","WPSSO UL 4.3.0\/S","generator:10"],["link","rel","shortlink","href","https:\/\/tu11.fi\/taekwondo\/et\/?p=2992",""],["meta","property","fb:app_id","content","966242223397117",""],["meta","property","og:time","content","2026-04-28T19:23:58+00:00",""],["meta","property","og:type","content","article",""],["meta","property","og:url","content","https:\/\/tu11.fi\/taekwondo\/et\/2013\/04\/taekwondourheilijoiden-alkukesan-tapahtumia\/",""],["meta","property","og:locale","content","en_US",""],["meta","property","og:site_name","content","Taekwondourheilijat 2011 | Taekwondoa parhaassa seurassa | Helsinki | Espoo | Vantaa",""],["meta","property","og:title","content","Taekwondourheilijoiden alkukes&auml;n tapahtumia  &ndash; Taekwondourheilijat...",""],["meta","property","og:description","content","Kes&auml;ll&auml;kin harjoituksia j&auml;rjestet&auml;&auml;n lukuunottamatta kahta lomaviikkoa. Taekwondourheilijat toivottavat aktiivista kev&auml;tt&auml; ja kes&auml;&auml;!",""],["meta","property","og:updated_time","content","2013-10-28T13:17:37+00:00",""],["meta","property","og:image:secure_url","content","https:\/\/tu11.fi\/taekwondo\/wp-content\/uploads\/2013\/04\/1414256_70681698-1200x630-cropped.jpg","og:image:1"],["meta","property","og:image:url","content","https:\/\/tu11.fi\/taekwondo\/wp-content\/uploads\/2013\/04\/1414256_70681698-1200x630-cropped.jpg","og:image:1"],["meta","property","og:image","content","https:\/\/tu11.fi\/taekwondo\/wp-content\/uploads\/2013\/04\/1414256_70681698-1200x630-cropped.jpg","og:image:1"],["meta","property","og:image:width","content","1200","og:image:1"],["meta","property","og:image:height","content","630","og:image:1"],["meta","property","og:image:cropped","content","true","og:image:1"],["meta","property","og:image:id","content","2999","og:image:1"],["meta","property","og:image:alt","content","taekwondo kes&auml;","og:image:1"],["meta","property","og:image:size_name","content","wpsso-opengraph","og:image:1"],["meta","name","schema:language","content","et",""],["meta","name","schema:type:id","content","sports.team",""],["meta","name","schema:type:url","content","https:\/\/schema.org\/SportsTeam",""],["meta","name","schema:type:context","content","https:\/\/schema.org",""],["meta","name","schema:type:name","content","SportsTeam",""],["meta","name","schema:type:path","content","schema.org\/SportsTeam",""],["meta","property","article:section","content","Sport",""],["meta","property","article:author:name","content","Sampo Pajulampi",""],["meta","property","article:publisher","content","https:\/\/www.facebook.com\/TU11",""],["meta","property","article:tag","content","espoo","article:tag:1"],["meta","property","article:tag","content","harrastus","article:tag:2"],["meta","property","article:tag","content","helsinki","article:tag:3"],["meta","property","article:tag","content","juniori","article:tag:4"],["meta","property","article:tag","content","juniorit","article:tag:5"],["meta","property","article:tag","content","junnut","article:tag:6"],["meta","property","article:tag","content","kalaj&auml;rvi","article:tag:7"],["meta","property","article:tag","content","kamppailu","article:tag:8"],["meta","property","article:tag","content","kes&auml;","article:tag:9"],["meta","property","article:tag","content","kes&auml;leiri","article:tag:10"],["meta","property","article:tag","content","kilpailu","article:tag:11"],["meta","property","article:tag","content","kilpailut","article:tag:12"],["meta","property","article:tag","content","kisa","article:tag:13"],["meta","property","article:tag","content","kjorogii","article:tag:14"],["meta","property","article:tag","content","koe","article:tag:15"],["meta","property","article:tag","content","kukkiwon","article:tag:16"],["meta","property","article:tag","content","lapset","article:tag:17"],["meta","property","article:tag","content","leiri","article:tag:18"],["meta","property","article:tag","content","ottelu","article:tag:19"],["meta","property","article:tag","content","salikisa","article:tag:20"],["meta","property","article:tag","content","taekwond","article:tag:21"],["meta","property","article:tag","content","taekwondo","article:tag:22"],["meta","property","article:tag","content","taekwondourheilijat 2011","article:tag:23"],["meta","property","article:tag","content","tu11","article:tag:24"],["meta","property","article:tag","content","vantaa","article:tag:25"],["meta","property","article:tag","content","vy&ouml;","article:tag:26"],["meta","property","article:tag","content","vy&ouml;koe","article:tag:27"],["meta","property","article:tag","content","wtf","article:tag:28"],["meta","property","article:published_time","content","2013-04-24T09:39:29+00:00",""],["meta","property","article:modified_time","content","2013-10-28T13:17:37+00:00",""],["meta","property","article:reading_mins","content","2",""],["meta","name","twitter:domain","content","tu11.fi",""],["meta","name","twitter:site","content","@taekwondourh",""],["meta","name","twitter:title","content","Taekwondourheilijoiden alkukes&auml;n tapahtumia  &ndash; Taekwondourheilijat...",""],["meta","name","twitter:description","content","Kes&auml;ll&auml;kin harjoituksia j&auml;rjestet&auml;&auml;n lukuunottamatta kahta lomaviikkoa. Taekwondourheilijat toivottavat aktiivista kev&auml;tt&auml; ja kes&auml;&auml;!",""],["meta","name","twitter:card","content","summary_large_image",""],["meta","name","twitter:image","content","https:\/\/tu11.fi\/taekwondo\/wp-content\/uploads\/2013\/04\/1414256_70681698-1200x630-cropped.jpg?p=2992",""],["meta","name","twitter:image:alt","content","taekwondo kes&auml;",""],["meta","name","twitter:label1","content","Written by",""],["meta","name","twitter:data1","content","Sampo Pajulampi",""],["meta","name","twitter:label2","content","Est. reading time",""],["meta","name","twitter:data2","content","2 minutes",""],["meta","name","author","content","Sampo Pajulampi",""],["meta","name","thumbnail","content","https:\/\/tu11.fi\/taekwondo\/wp-content\/uploads\/2013\/04\/1414256_70681698-1200x630-cropped.jpg",""]]},"_links":{"self":[{"href":"https:\/\/tu11.fi\/taekwondo\/et\/wp-json\/wp\/v2\/posts\/2992","targetHints":{"allow":["GET"]}}],"collection":[{"href":"https:\/\/tu11.fi\/taekwondo\/et\/wp-json\/wp\/v2\/posts"}],"about":[{"href":"https:\/\/tu11.fi\/taekwondo\/et\/wp-json\/wp\/v2\/types\/post"}],"author":[{"embeddable":true,"href":"https:\/\/tu11.fi\/taekwondo\/et\/wp-json\/wp\/v2\/users\/2"}],"replies":[{"embeddable":true,"href":"https:\/\/tu11.fi\/taekwondo\/et\/wp-json\/wp\/v2\/comments?post=2992"}],"version-history":[{"count":0,"href":"https:\/\/tu11.fi\/taekwondo\/et\/wp-json\/wp\/v2\/posts\/2992\/revisions"}],"wp:featuredmedia":[{"embeddable":true,"href":"https:\/\/tu11.fi\/taekwondo\/et\/wp-json\/wp\/v2\/media\/2999"}],"wp:attachment":[{"href":"https:\/\/tu11.fi\/taekwondo\/et\/wp-json\/wp\/v2\/media?parent=2992"}],"wp:term":[{"taxonomy":"category","embeddable":true,"href":"https:\/\/tu11.fi\/taekwondo\/et\/wp-json\/wp\/v2\/categories?post=2992"},{"taxonomy":"post_tag","embeddable":true,"href":"https:\/\/tu11.fi\/taekwondo\/et\/wp-json\/wp\/v2\/tags?post=2992"}],"curies":[{"name":"wp","href":"https:\/\/api.w.org\/{rel}","templated":true}]}}