{"id":6723,"date":"2017-03-06T08:08:14","date_gmt":"2017-03-06T08:08:14","guid":{"rendered":"http:\/\/tu11.fi.srv.hoste.fi\/taekwondo\/?p=6723"},"modified":"2017-03-07T16:46:51","modified_gmt":"2017-03-07T16:46:51","slug":"sara-ja-aino-sofias-medalitega","status":"publish","type":"post","link":"https:\/\/tu11.fi\/taekwondo\/et\/2017\/03\/sara-ja-aino-mitaleilla-sofiassa\/","title":{"rendered":"Sara ja Aino Sofias medalitega"},"content":{"rendered":"<p>Sofia Open G1 turniir toimus 4.-5.m\u00e4rtsil. Sofias, Bulgaarias. Meie klubi esindasid Tuikku Holopainen, Eddie Quinones, Sara Quinones ja Aino Kortelainen.<\/p>\n<p>Tuikku ja Eddie kandideerisid kadettide Euroopa ja maailmameistriv\u00f5istluste v\u00f5istlusekraanidele. Kahjuks j\u00e4id m\u00f5lemad v\u00e4ravast m\u00f6\u00f6da. Tuikku avavastane tuli Iisraelist ja Tuikku v\u00f5ttis oma t\u00e4pse stiiliga kindla v\u00f5idu. See-eest oli kreeklane teises ringis liiga k\u00f5va. Kohtumine venis kuni lisaaja kuldpunktini, kus v\u00e4ike eksimus maksis medali ja v\u00f5istluskoha.<\/p>\n<p>Eddie l\u00e4ks vastamisi kreeklasega, keda oleks olnud lihtne v\u00f5ita p\u00f5hisooritusega. Eddie t\u00f6\u00f6 oli neil s\u00f5itudel aga veidi lohakas ja mitmed pisiviga maksid v\u00f5idu.<\/p>\n<p>Saral oli lastesarjas ainult finaal. K\u00fcproslane oli kohtumises selge vastane ja Sara v\u00f5itis \u00fcsna \u00fcleolevas stiilis.<\/p>\n<p>Aino enda sarjas vastast ei leidunud, kuid s\u00e4rtsaka t\u00fcdrukuna v\u00f5istles Aino k\u00f5rgemas kaalus. Poolfinaalis oli Kreeka esindaja tunduvalt n\u00f5rgem, Aino v\u00f5ttis aga \u00fclekaaluka v\u00f5idu. Finaalis oli veel \u00fcks kreeklane, kes oli t\u00f5eliselt pikk ja tugev. Aino ei leidnud v\u00f5imalust k\u00f5vasti l\u00f6\u00f6nud vastase kukutamiseks ja t\u00f5i sellega koju kena h\u00f5bemedali.<\/p>\n<p>V\u00f5istluskorraldus toimib \u00fcllatavalt h\u00e4sti. Uus kohtunike rivi oli aga endiselt muutlik ja see valmistas palju peavalu v\u00f5istlejatele, kelle vaatevinklist olid hoiatused kohati \u00fcsna ettearvamatud.<\/p>\n<p>J\u00e4rgmisena suundub Eddie j\u00e4rgmisel n\u00e4dalavahetusel Hollandi lahtistele ja \u00fclej\u00e4\u00e4nud meeskond n\u00e4dal hiljem Belgiasse.<\/p>\n<p><a href=\"http:\/\/tu11.fi.srv.hoste.fi\/taekwondo\/wp-content\/uploads\/2017\/03\/17121898_10154446932942794_1351991231_o.jpg\"><img decoding=\"async\" class=\"alignnone size-large wp-image-6726\" src=\"http:\/\/tu11.fi.srv.hoste.fi\/taekwondo\/wp-content\/uploads\/2017\/03\/17121898_10154446932942794_1351991231_o-576x1024.jpg\" alt=\"17121898_10154446932942794_1351991231_o\" width=\"576\" height=\"1024\" srcset=\"https:\/\/tu11.fi\/taekwondo\/wp-content\/uploads\/2017\/03\/17121898_10154446932942794_1351991231_o-576x1024.jpg 576w, https:\/\/tu11.fi\/taekwondo\/wp-content\/uploads\/2017\/03\/17121898_10154446932942794_1351991231_o-169x300.jpg 169w, https:\/\/tu11.fi\/taekwondo\/wp-content\/uploads\/2017\/03\/17121898_10154446932942794_1351991231_o-1013x1800.jpg 1013w, https:\/\/tu11.fi\/taekwondo\/wp-content\/uploads\/2017\/03\/17121898_10154446932942794_1351991231_o.jpg 1152w\" sizes=\"(max-width: 576px) 100vw, 576px\" \/><\/a><\/p>","protected":false},"excerpt":{"rendered":"<p>Sofia Open G1 turniir toimus 4.-5.m\u00e4rtsil. Sofias, Bulgaarias. Meie klubi esindasid Tuikku Holopainen, Eddie Quinones, Sara Quinones ja Aino Kortelainen. Tuikku ja Eddie kandideerisid kadettide Euroopa ja maailmameistriv\u00f5istluste v\u00f5istlusekraanidele. Kahjuks j\u00e4id m\u00f5lemad v\u00e4ravast m\u00f6\u00f6da. Tuikku avavastane tuli Iisraelist ja Tuikku v\u00f5ttis oma t\u00e4pse stiiliga kindla v\u00f5idu. See-eest oli kreeklane teises ringis liiga k\u00f5va. Mat\u0161 venis\u2026<\/p>","protected":false},"author":2,"featured_media":6727,"comment_status":"closed","ping_status":"closed","sticky":false,"template":"templates\/template-cover.php","format":"standard","meta":{"footnotes":""},"categories":[4,5,1],"tags":[],"class_list":["post-6723","post","type-post","status-publish","format-standard","has-post-thumbnail","hentry","category-etusivu","category-slider","category-yleinen"],"yoast_head":"<!-- This site is optimized with the Yoast SEO plugin v27.4 - https:\/\/yoast.com\/product\/yoast-seo-wordpress\/ -->\n<title>Sara ja Aino mitaleilla Sofiassa - Taekwondourheilijat 2011 | Taekwondoa parhaassa seurassa | Helsinki | Espoo | Vantaa<\/title>\n<meta name=\"description\" content=\"TU11 tarjoaa innostavan ymp\u00e4rist\u00f6n harjoitella taekwondoa kaikenik\u00e4isille ja -tasoisille, aloittelijoista huippu-urheilijoihin. Valmennus on systemaattista ja valmentajat maamme parhaimmistoa. Aloita taekwondo nyt!\" \/>\n<meta name=\"robots\" content=\"index, follow, max-snippet:-1, max-image-preview:large, max-video-preview:-1\" \/>\n<link rel=\"canonical\" href=\"https:\/\/tu11.fi\/taekwondo\/et\/2017\/03\/sara-ja-aino-sofias-medalitega\/\" \/>\n<script type=\"application\/ld+json\" class=\"yoast-schema-graph\">{\"@context\":\"https:\\\/\\\/schema.org\",\"@graph\":[]}<\/script>\n<!-- \/ Yoast SEO plugin. -->","yoast_head_json":{"title":"Sara ja Aino mitaleilla Sofiassa - Taekwondourheilijat 2011 | Taekwondoa parhaassa seurassa | Helsinki | Espoo | Vantaa","description":"TU11 pakub inspireerivat keskkonda taekwondo harjutamiseks igas vanuses ja tasemel, algajatest tippsportlasteni. Treeningud on s\u00fcsteemsed ja treenerid on meie riigi parimad. Alusta taekwondoga kohe!","robots":{"index":"index","follow":"follow","max-snippet":"max-snippet:-1","max-image-preview":"max-image-preview:large","max-video-preview":"max-video-preview:-1"},"canonical":"https:\/\/tu11.fi\/taekwondo\/et\/2017\/03\/sara-ja-aino-sofias-medalitega\/","schema":{"@context":"https:\/\/schema.org","@graph":[]}},"amp_enabled":true,"head":{"html":["<meta name=\"wpsso-begin\" content=\"wpsso structured data begin\"\/>\n","<!-- generator:1 --><meta name=\"generator\" content=\"WPSSO Core 21.13.2\/L*\"\/>\n","<!-- generator:2 --><meta name=\"generator\" content=\"WPSSO RAR 3.3.0\/S\"\/>\n","<!-- generator:3 --><meta name=\"generator\" content=\"WPSSO REST 3.3.0\/S\"\/>\n","<!-- generator:4 --><meta name=\"generator\" content=\"WPSSO BC 5.5.0\/S\"\/>\n","<!-- generator:5 --><meta name=\"generator\" content=\"WPSSO FAQ 7.1.0\/S\"\/>\n","<!-- generator:6 --><meta name=\"generator\" content=\"WPSSO OPM 5.1.0\/S\"\/>\n","<!-- generator:7 --><meta name=\"generator\" content=\"WPSSO SSM 3.4.0\/S\"\/>\n","<!-- generator:8 --><meta name=\"generator\" content=\"WPSSO TIE 4.1.0\/S\"\/>\n","<!-- generator:9 --><meta name=\"generator\" content=\"WPSSO UM 7.3.0\/S\"\/>\n","<!-- generator:10 --><meta name=\"generator\" content=\"WPSSO UL 4.3.0\/S\"\/>\n","<link rel=\"shortlink\" href=\"https:\/\/tu11.fi\/taekwondo\/et\/?p=6723\"\/>\n","<meta property=\"fb:app_id\" content=\"966242223397117\"\/>\n","<meta property=\"og:type\" content=\"article\"\/>\n","<meta property=\"og:url\" content=\"https:\/\/tu11.fi\/taekwondo\/et\/2017\/03\/sara-ja-aino-mitaleilla-sofiassa\/\"\/>\n","<meta property=\"og:locale\" content=\"en_US\"\/>\n","<meta property=\"og:site_name\" content=\"Taekwondourheilijat 2011 | Taekwondoa parhaassa seurassa | Helsinki | Espoo | Vantaa\"\/>\n","<meta property=\"og:title\" content=\"Sara ja Aino mitaleilla Sofiassa  &ndash; Taekwondourheilijat 2011 |...\"\/>\n","<meta property=\"og:description\" content=\"TU11 tarjoaa innostavan ymp&auml;rist&ouml;n harjoitella taekwondoa kaikenik&auml;isille ja -tasoisille, aloittelijoista huippu-urheilijoihin. Valmennus on systemaattista ja valmentajat maamme parhaimmistoa. Aloita taekwondo nyt!\"\/>\n","<meta property=\"og:updated_time\" content=\"2017-03-07T16:46:51+00:00\"\/>\n","<!-- og:image:1 --><meta property=\"og:image\" content=\"https:\/\/tu11.fi\/taekwondo\/wp-content\/uploads\/2017\/03\/17091041_204801750002510_1467257213_o-1200x630-cropped.jpg\"\/>\n","<!-- og:image:1 --><meta property=\"og:image:width\" content=\"1200\"\/>\n","<!-- og:image:1 --><meta property=\"og:image:height\" content=\"630\"\/>\n","<meta property=\"article:section\" content=\"Sport\"\/>\n","<meta property=\"article:publisher\" content=\"https:\/\/www.facebook.com\/TU11\"\/>\n","<meta property=\"article:published_time\" content=\"2017-03-06T08:08:14+00:00\"\/>\n","<meta property=\"article:modified_time\" content=\"2017-03-07T16:46:51+00:00\"\/>\n","<meta name=\"twitter:domain\" content=\"tu11.fi\"\/>\n","<meta name=\"twitter:site\" content=\"@taekwondourh\"\/>\n","<meta name=\"twitter:title\" content=\"Sara ja Aino mitaleilla Sofiassa  &ndash; Taekwondourheilijat 2011 |...\"\/>\n","<meta name=\"twitter:description\" content=\"TU11 tarjoaa innostavan ymp&auml;rist&ouml;n harjoitella taekwondoa kaikenik&auml;isille ja -tasoisille, aloittelijoista huippu-urheilijoihin. Valmennus on systemaattista ja valmentajat maamme parhaimmistoa...\"\/>\n","<meta name=\"twitter:card\" content=\"summary_large_image\"\/>\n","<meta name=\"twitter:image\" content=\"https:\/\/tu11.fi\/taekwondo\/wp-content\/uploads\/2017\/03\/17091041_204801750002510_1467257213_o-1200x630-cropped.jpg?p=6723\"\/>\n","<meta name=\"twitter:label1\" content=\"Written by\"\/>\n","<meta name=\"twitter:data1\" content=\"Sampo Pajulampi\"\/>\n","<meta name=\"twitter:label2\" content=\"Est. reading time\"\/>\n","<meta name=\"twitter:data2\" content=\"1 minute\"\/>\n","<meta name=\"author\" content=\"Sampo Pajulampi\"\/>\n","<meta name=\"thumbnail\" content=\"https:\/\/tu11.fi\/taekwondo\/wp-content\/uploads\/2017\/03\/17091041_204801750002510_1467257213_o-1200x630-cropped.jpg\"\/>\n","<script type=\"application\/ld+json\" id=\"wpsso-schema-graph\">{\n    \"@context\": \"https:\/\/schema.org\",\n    \"@graph\": [\n        {\n            \"@id\": \"#sso\/knowledge-graph\/sports-team\/6723\",\n            \"@context\": \"https:\/\/schema.org\",\n            \"@type\": \"SportsTeam\",\n            \"mainEntityOfPage\": \"https:\/\/tu11.fi\/taekwondo\/et\/2017\/03\/sara-ja-aino-mitaleilla-sofiassa\/\",\n            \"url\": \"https:\/\/tu11.fi\/taekwondo\/et\/2017\/03\/sara-ja-aino-mitaleilla-sofiassa\/\",\n            \"sameAs\": [\n                \"https:\/\/tu11.fi\/taekwondo\/et\/?p=6723\"\n            ],\n            \"name\": \"Sara ja Aino mitaleilla Sofiassa  &ndash; Taekwondourheilijat 2011 |...\",\n            \"alternateName\": \"Sara ja Aino mitaleilla Sofiassa  &ndash; Taekwondourheilijat 2011 | Taekwondoa parhaassa seurassa | Helsinki |...\",\n            \"description\": \"TU11 tarjoaa innostavan ymp&auml;rist&ouml;n harjoitella taekwondoa kaikenik&auml;isille ja -tasoisille, aloittelijoista huippu-urheilijoihin. Valmennus on systemaattista ja valmentajat maamme parhaimmistoa. Aloita taekwondo nyt!\",\n            \"image\": [\n                {\n                    \"@id\": \"https:\/\/tu11.fi\/taekwondo\/wp-content\/uploads\/2017\/03\/17091041_204801750002510_1467257213_o-1200x1200-cropped.jpg#sso\/image-object\"\n                },\n                {\n                    \"@id\": \"https:\/\/tu11.fi\/taekwondo\/wp-content\/uploads\/2017\/03\/17091041_204801750002510_1467257213_o-1200x900-cropped.jpg#sso\/image-object\"\n                },\n                {\n                    \"@id\": \"https:\/\/tu11.fi\/taekwondo\/wp-content\/uploads\/2017\/03\/17091041_204801750002510_1467257213_o-1200x675-cropped.jpg#sso\/image-object\"\n                },\n                {\n                    \"@id\": \"https:\/\/tu11.fi\/taekwondo\/wp-content\/uploads\/2017\/03\/17091041_204801750002510_1467257213_o-1200x630-cropped.jpg#sso\/image-object\"\n                }\n            ]\n        },\n        {\n            \"@id\": \"https:\/\/tu11.fi\/taekwondo\/wp-content\/uploads\/2017\/03\/17091041_204801750002510_1467257213_o-1200x1200-cropped.jpg#sso\/image-object\",\n            \"@context\": \"https:\/\/schema.org\",\n            \"@type\": \"ImageObject\",\n            \"url\": \"https:\/\/tu11.fi\/taekwondo\/wp-content\/uploads\/2017\/03\/17091041_204801750002510_1467257213_o-1200x1200-cropped.jpg\",\n            \"identifier\": \"6727-wpsso-schema-1x1\",\n            \"name\": \"17091041_204801750002510_1467257213_o  &ndash; Taekwondourheilijat 2011...\",\n            \"alternateName\": \"17091041_204801750002510_1467257213_o  &ndash; Taekwondourheilijat 2011 | Taekwondoa parhaassa seurassa |...\",\n            \"description\": \"No Description.\",\n            \"encodingFormat\": \"image\/jpeg\",\n            \"uploadDate\": \"2017-03-06T07:58:32+00:00\",\n            \"width\": [\n                {\n                    \"@id\": \"#sso\/qv-width-px-1200\"\n                }\n            ],\n            \"height\": [\n                {\n                    \"@id\": \"#sso\/qv-height-px-1200\"\n                }\n            ]\n        },\n        {\n            \"@id\": \"#sso\/qv-width-px-1200\",\n            \"@context\": \"https:\/\/schema.org\",\n            \"@type\": \"QuantitativeValue\",\n            \"name\": \"Width\",\n            \"unitText\": \"px\",\n            \"unitCode\": \"E37\",\n            \"value\": \"1200\"\n        },\n        {\n            \"@id\": \"#sso\/qv-height-px-1200\",\n            \"@context\": \"https:\/\/schema.org\",\n            \"@type\": \"QuantitativeValue\",\n            \"name\": \"Height\",\n            \"unitText\": \"px\",\n            \"unitCode\": \"E37\",\n            \"value\": \"1200\"\n        },\n        {\n            \"@id\": \"https:\/\/tu11.fi\/taekwondo\/wp-content\/uploads\/2017\/03\/17091041_204801750002510_1467257213_o-1200x900-cropped.jpg#sso\/image-object\",\n            \"@context\": \"https:\/\/schema.org\",\n            \"@type\": \"ImageObject\",\n            \"url\": \"https:\/\/tu11.fi\/taekwondo\/wp-content\/uploads\/2017\/03\/17091041_204801750002510_1467257213_o-1200x900-cropped.jpg\",\n            \"identifier\": \"6727-wpsso-schema-4x3\",\n            \"name\": \"17091041_204801750002510_1467257213_o  &ndash; Taekwondourheilijat 2011...\",\n            \"alternateName\": \"17091041_204801750002510_1467257213_o  &ndash; Taekwondourheilijat 2011 | Taekwondoa parhaassa seurassa |...\",\n            \"description\": \"No Description.\",\n            \"encodingFormat\": \"image\/jpeg\",\n            \"uploadDate\": \"2017-03-06T07:58:32+00:00\",\n            \"width\": [\n                {\n                    \"@id\": \"#sso\/qv-width-px-1200\"\n                }\n            ],\n            \"height\": [\n                {\n                    \"@id\": \"#sso\/qv-height-px-900\"\n                }\n            ]\n        },\n        {\n            \"@id\": \"#sso\/qv-height-px-900\",\n            \"@context\": \"https:\/\/schema.org\",\n            \"@type\": \"QuantitativeValue\",\n            \"name\": \"Height\",\n            \"unitText\": \"px\",\n            \"unitCode\": \"E37\",\n            \"value\": \"900\"\n        },\n        {\n            \"@id\": \"https:\/\/tu11.fi\/taekwondo\/wp-content\/uploads\/2017\/03\/17091041_204801750002510_1467257213_o-1200x675-cropped.jpg#sso\/image-object\",\n            \"@context\": \"https:\/\/schema.org\",\n            \"@type\": \"ImageObject\",\n            \"url\": \"https:\/\/tu11.fi\/taekwondo\/wp-content\/uploads\/2017\/03\/17091041_204801750002510_1467257213_o-1200x675-cropped.jpg\",\n            \"identifier\": \"6727-wpsso-schema-16x9\",\n            \"name\": \"17091041_204801750002510_1467257213_o  &ndash; Taekwondourheilijat 2011...\",\n            \"alternateName\": \"17091041_204801750002510_1467257213_o  &ndash; Taekwondourheilijat 2011 | Taekwondoa parhaassa seurassa |...\",\n            \"description\": \"No Description.\",\n            \"encodingFormat\": \"image\/jpeg\",\n            \"uploadDate\": \"2017-03-06T07:58:32+00:00\",\n            \"width\": [\n                {\n                    \"@id\": \"#sso\/qv-width-px-1200\"\n                }\n            ],\n            \"height\": [\n                {\n                    \"@id\": \"#sso\/qv-height-px-675\"\n                }\n            ]\n        },\n        {\n            \"@id\": \"#sso\/qv-height-px-675\",\n            \"@context\": \"https:\/\/schema.org\",\n            \"@type\": \"QuantitativeValue\",\n            \"name\": \"Height\",\n            \"unitText\": \"px\",\n            \"unitCode\": \"E37\",\n            \"value\": \"675\"\n        },\n        {\n            \"@id\": \"https:\/\/tu11.fi\/taekwondo\/wp-content\/uploads\/2017\/03\/17091041_204801750002510_1467257213_o-1200x630-cropped.jpg#sso\/image-object\",\n            \"@context\": \"https:\/\/schema.org\",\n            \"@type\": \"ImageObject\",\n            \"url\": \"https:\/\/tu11.fi\/taekwondo\/wp-content\/uploads\/2017\/03\/17091041_204801750002510_1467257213_o-1200x630-cropped.jpg\",\n            \"identifier\": \"6727-wpsso-thumbnail\",\n            \"name\": \"17091041_204801750002510_1467257213_o  &ndash; Taekwondourheilijat 2011...\",\n            \"alternateName\": \"17091041_204801750002510_1467257213_o  &ndash; Taekwondourheilijat 2011 | Taekwondoa parhaassa seurassa |...\",\n            \"description\": \"No Description.\",\n            \"encodingFormat\": \"image\/jpeg\",\n            \"uploadDate\": \"2017-03-06T07:58:32+00:00\",\n            \"width\": [\n                {\n                    \"@id\": \"#sso\/qv-width-px-1200\"\n                }\n            ],\n            \"height\": [\n                {\n                    \"@id\": \"#sso\/qv-height-px-630\"\n                }\n            ]\n        },\n        {\n            \"@id\": \"#sso\/qv-height-px-630\",\n            \"@context\": \"https:\/\/schema.org\",\n            \"@type\": \"QuantitativeValue\",\n            \"name\": \"Height\",\n            \"unitText\": \"px\",\n            \"unitCode\": \"E37\",\n            \"value\": \"630\"\n        },\n        {\n            \"@id\": \"\/2017\/03\/sara-ja-aino-mitaleilla-sofiassa\/#sso\/breadcrumb.list\/etusivu\",\n            \"@context\": \"https:\/\/schema.org\",\n            \"@type\": \"BreadcrumbList\",\n            \"url\": \"https:\/\/tu11.fi\/taekwondo\/et\/2017\/03\/sara-ja-aino-mitaleilla-sofiassa\/\",\n            \"itemListElement\": [\n                {\n                    \"@context\": \"https:\/\/schema.org\",\n                    \"@type\": \"ListItem\",\n                    \"position\": 1,\n                    \"name\": \"Home\",\n                    \"item\": \"https:\/\/tu11.fi\/taekwondo\/et\/\"\n                },\n                {\n                    \"@context\": \"https:\/\/schema.org\",\n                    \"@type\": \"ListItem\",\n                    \"position\": 2,\n                    \"name\": \"Blog\",\n                    \"item\": \"https:\/\/tu11.fi\/taekwondo\/\"\n                },\n                {\n                    \"@context\": \"https:\/\/schema.org\",\n                    \"@type\": \"ListItem\",\n                    \"position\": 3,\n                    \"name\": \"Etusivu Archives   Taekwondourheilijat 2011 | Taekwondoa parhaassa...\",\n                    \"item\": \"https:\/\/tu11.fi\/taekwondo\/et\/category\/etusivu\/\"\n                },\n                {\n                    \"@context\": \"https:\/\/schema.org\",\n                    \"@type\": \"ListItem\",\n                    \"position\": 4,\n                    \"name\": \"Sara ja Aino mitaleilla Sofiassa   Taekwondourheilijat 2011 |...\",\n                    \"item\": \"https:\/\/tu11.fi\/taekwondo\/et\/2017\/03\/sara-ja-aino-mitaleilla-sofiassa\/\"\n                }\n            ]\n        },\n        {\n            \"@id\": \"\/2017\/03\/sara-ja-aino-mitaleilla-sofiassa\/#sso\/breadcrumb.list\/slider\",\n            \"@context\": \"https:\/\/schema.org\",\n            \"@type\": \"BreadcrumbList\",\n            \"url\": \"https:\/\/tu11.fi\/taekwondo\/et\/2017\/03\/sara-ja-aino-mitaleilla-sofiassa\/\",\n            \"itemListElement\": [\n                {\n                    \"@context\": \"https:\/\/schema.org\",\n                    \"@type\": \"ListItem\",\n                    \"position\": 1,\n                    \"name\": \"Home\",\n                    \"item\": \"https:\/\/tu11.fi\/taekwondo\/et\/\"\n                },\n                {\n                    \"@context\": \"https:\/\/schema.org\",\n                    \"@type\": \"ListItem\",\n                    \"position\": 2,\n                    \"name\": \"Blog\",\n                    \"item\": \"https:\/\/tu11.fi\/taekwondo\/\"\n                },\n                {\n                    \"@context\": \"https:\/\/schema.org\",\n                    \"@type\": \"ListItem\",\n                    \"position\": 3,\n                    \"name\": \"slider Archives   Taekwondourheilijat 2011 | Taekwondoa parhaassa...\",\n                    \"item\": \"https:\/\/tu11.fi\/taekwondo\/et\/category\/slider\/\"\n                },\n                {\n                    \"@context\": \"https:\/\/schema.org\",\n                    \"@type\": \"ListItem\",\n                    \"position\": 4,\n                    \"name\": \"Sara ja Aino mitaleilla Sofiassa   Taekwondourheilijat 2011 |...\",\n                    \"item\": \"https:\/\/tu11.fi\/taekwondo\/et\/2017\/03\/sara-ja-aino-mitaleilla-sofiassa\/\"\n                }\n            ]\n        },\n        {\n            \"@id\": \"\/2017\/03\/sara-ja-aino-mitaleilla-sofiassa\/#sso\/breadcrumb.list\/yleinen\",\n            \"@context\": \"https:\/\/schema.org\",\n            \"@type\": \"BreadcrumbList\",\n            \"url\": \"https:\/\/tu11.fi\/taekwondo\/et\/2017\/03\/sara-ja-aino-mitaleilla-sofiassa\/\",\n            \"itemListElement\": [\n                {\n                    \"@context\": \"https:\/\/schema.org\",\n                    \"@type\": \"ListItem\",\n                    \"position\": 1,\n                    \"name\": \"Home\",\n                    \"item\": \"https:\/\/tu11.fi\/taekwondo\/et\/\"\n                },\n                {\n                    \"@context\": \"https:\/\/schema.org\",\n                    \"@type\": \"ListItem\",\n                    \"position\": 2,\n                    \"name\": \"Blog\",\n                    \"item\": \"https:\/\/tu11.fi\/taekwondo\/\"\n                },\n                {\n                    \"@context\": \"https:\/\/schema.org\",\n                    \"@type\": \"ListItem\",\n                    \"position\": 3,\n                    \"name\": \"Yleinen Archives   Taekwondourheilijat 2011 | Taekwondoa parhaassa...\",\n                    \"item\": \"https:\/\/tu11.fi\/taekwondo\/et\/category\/yleinen\/\"\n                },\n                {\n                    \"@context\": \"https:\/\/schema.org\",\n                    \"@type\": \"ListItem\",\n                    \"position\": 4,\n                    \"name\": \"Sara ja Aino mitaleilla Sofiassa   Taekwondourheilijat 2011 |...\",\n                    \"item\": \"https:\/\/tu11.fi\/taekwondo\/et\/2017\/03\/sara-ja-aino-mitaleilla-sofiassa\/\"\n                }\n            ]\n        }\n    ]\n}<\/script>\n","<meta name=\"wpsso-end\" content=\"wpsso structured data end\"\/>\n","<meta name=\"wpsso-cached\" content=\"no cache for tu11.fi\/taekwondo\"\/>\n"],"json":[{"@context":"https:\/\/schema.org","@graph":[{"@id":"#sso\/knowledge-graph\/sports-team\/6723","@context":"https:\/\/schema.org","@type":"SportsTeam","mainEntityOfPage":"https:\/\/tu11.fi\/taekwondo\/et\/2017\/03\/sara-ja-aino-mitaleilla-sofiassa\/","url":"https:\/\/tu11.fi\/taekwondo\/et\/2017\/03\/sara-ja-aino-mitaleilla-sofiassa\/","sameAs":["https:\/\/tu11.fi\/taekwondo\/et\/?p=6723"],"name":"Sara ja Aino mitaleilla Sofiassa  &ndash; Taekwondourheilijat 2011 |...","alternateName":"Sara ja Aino mitaleilla Sofiassa  &ndash; Taekwondourheilijat 2011 | Taekwondoa parhaassa seurassa | Helsinki |...","description":"TU11 tarjoaa innostavan ymp&auml;rist&ouml;n harjoitella taekwondoa kaikenik&auml;isille ja -tasoisille, aloittelijoista huippu-urheilijoihin. Valmennus on systemaattista ja valmentajat maamme parhaimmistoa. Aloita taekwondo nyt!","image":[{"@id":"https:\/\/tu11.fi\/taekwondo\/wp-content\/uploads\/2017\/03\/17091041_204801750002510_1467257213_o-1200x1200-cropped.jpg#sso\/image-object"},{"@id":"https:\/\/tu11.fi\/taekwondo\/wp-content\/uploads\/2017\/03\/17091041_204801750002510_1467257213_o-1200x900-cropped.jpg#sso\/image-object"},{"@id":"https:\/\/tu11.fi\/taekwondo\/wp-content\/uploads\/2017\/03\/17091041_204801750002510_1467257213_o-1200x675-cropped.jpg#sso\/image-object"},{"@id":"https:\/\/tu11.fi\/taekwondo\/wp-content\/uploads\/2017\/03\/17091041_204801750002510_1467257213_o-1200x630-cropped.jpg#sso\/image-object"}]},{"@id":"https:\/\/tu11.fi\/taekwondo\/wp-content\/uploads\/2017\/03\/17091041_204801750002510_1467257213_o-1200x1200-cropped.jpg#sso\/image-object","@context":"https:\/\/schema.org","@type":"ImageObject","url":"https:\/\/tu11.fi\/taekwondo\/wp-content\/uploads\/2017\/03\/17091041_204801750002510_1467257213_o-1200x1200-cropped.jpg","identifier":"6727-wpsso-schema-1x1","name":"17091041_204801750002510_1467257213_o  &ndash; Taekwondourheilijat 2011...","alternateName":"17091041_204801750002510_1467257213_o  &ndash; Taekwondourheilijat 2011 | Taekwondoa parhaassa seurassa |...","description":"No Description.","encodingFormat":"image\/jpeg","uploadDate":"2017-03-06T07:58:32+00:00","width":[{"@id":"#sso\/qv-width-px-1200"}],"height":[{"@id":"#sso\/qv-height-px-1200"}]},{"@id":"#sso\/qv-width-px-1200","@context":"https:\/\/schema.org","@type":"QuantitativeValue","name":"Width","unitText":"px","unitCode":"E37","value":"1200"},{"@id":"#sso\/qv-height-px-1200","@context":"https:\/\/schema.org","@type":"QuantitativeValue","name":"Height","unitText":"px","unitCode":"E37","value":"1200"},{"@id":"https:\/\/tu11.fi\/taekwondo\/wp-content\/uploads\/2017\/03\/17091041_204801750002510_1467257213_o-1200x900-cropped.jpg#sso\/image-object","@context":"https:\/\/schema.org","@type":"ImageObject","url":"https:\/\/tu11.fi\/taekwondo\/wp-content\/uploads\/2017\/03\/17091041_204801750002510_1467257213_o-1200x900-cropped.jpg","identifier":"6727-wpsso-schema-4x3","name":"17091041_204801750002510_1467257213_o  &ndash; Taekwondourheilijat 2011...","alternateName":"17091041_204801750002510_1467257213_o  &ndash; Taekwondourheilijat 2011 | Taekwondoa parhaassa seurassa |...","description":"No Description.","encodingFormat":"image\/jpeg","uploadDate":"2017-03-06T07:58:32+00:00","width":[{"@id":"#sso\/qv-width-px-1200"}],"height":[{"@id":"#sso\/qv-height-px-900"}]},{"@id":"#sso\/qv-height-px-900","@context":"https:\/\/schema.org","@type":"QuantitativeValue","name":"Height","unitText":"px","unitCode":"E37","value":"900"},{"@id":"https:\/\/tu11.fi\/taekwondo\/wp-content\/uploads\/2017\/03\/17091041_204801750002510_1467257213_o-1200x675-cropped.jpg#sso\/image-object","@context":"https:\/\/schema.org","@type":"ImageObject","url":"https:\/\/tu11.fi\/taekwondo\/wp-content\/uploads\/2017\/03\/17091041_204801750002510_1467257213_o-1200x675-cropped.jpg","identifier":"6727-wpsso-schema-16x9","name":"17091041_204801750002510_1467257213_o  &ndash; Taekwondourheilijat 2011...","alternateName":"17091041_204801750002510_1467257213_o  &ndash; Taekwondourheilijat 2011 | Taekwondoa parhaassa seurassa |...","description":"No Description.","encodingFormat":"image\/jpeg","uploadDate":"2017-03-06T07:58:32+00:00","width":[{"@id":"#sso\/qv-width-px-1200"}],"height":[{"@id":"#sso\/qv-height-px-675"}]},{"@id":"#sso\/qv-height-px-675","@context":"https:\/\/schema.org","@type":"QuantitativeValue","name":"Height","unitText":"px","unitCode":"E37","value":"675"},{"@id":"https:\/\/tu11.fi\/taekwondo\/wp-content\/uploads\/2017\/03\/17091041_204801750002510_1467257213_o-1200x630-cropped.jpg#sso\/image-object","@context":"https:\/\/schema.org","@type":"ImageObject","url":"https:\/\/tu11.fi\/taekwondo\/wp-content\/uploads\/2017\/03\/17091041_204801750002510_1467257213_o-1200x630-cropped.jpg","identifier":"6727-wpsso-thumbnail","name":"17091041_204801750002510_1467257213_o  &ndash; Taekwondourheilijat 2011...","alternateName":"17091041_204801750002510_1467257213_o  &ndash; Taekwondourheilijat 2011 | Taekwondoa parhaassa seurassa |...","description":"No Description.","encodingFormat":"image\/jpeg","uploadDate":"2017-03-06T07:58:32+00:00","width":[{"@id":"#sso\/qv-width-px-1200"}],"height":[{"@id":"#sso\/qv-height-px-630"}]},{"@id":"#sso\/qv-height-px-630","@context":"https:\/\/schema.org","@type":"QuantitativeValue","name":"Height","unitText":"px","unitCode":"E37","value":"630"},{"@id":"\/2017\/03\/sara-ja-aino-mitaleilla-sofiassa\/#sso\/breadcrumb.list\/etusivu","@context":"https:\/\/schema.org","@type":"BreadcrumbList","url":"https:\/\/tu11.fi\/taekwondo\/et\/2017\/03\/sara-ja-aino-mitaleilla-sofiassa\/","itemListElement":[{"@context":"https:\/\/schema.org","@type":"ListItem","position":1,"name":"Home","item":"https:\/\/tu11.fi\/taekwondo\/et\/"},{"@context":"https:\/\/schema.org","@type":"ListItem","position":2,"name":"Blog","item":"https:\/\/tu11.fi\/taekwondo\/"},{"@context":"https:\/\/schema.org","@type":"ListItem","position":3,"name":"Etusivu Archives   Taekwondourheilijat 2011 | Taekwondoa parhaassa...","item":"https:\/\/tu11.fi\/taekwondo\/et\/category\/etusivu\/"},{"@context":"https:\/\/schema.org","@type":"ListItem","position":4,"name":"Sara ja Aino mitaleilla Sofiassa   Taekwondourheilijat 2011 |...","item":"https:\/\/tu11.fi\/taekwondo\/et\/2017\/03\/sara-ja-aino-mitaleilla-sofiassa\/"}]},{"@id":"\/2017\/03\/sara-ja-aino-mitaleilla-sofiassa\/#sso\/breadcrumb.list\/slider","@context":"https:\/\/schema.org","@type":"BreadcrumbList","url":"https:\/\/tu11.fi\/taekwondo\/et\/2017\/03\/sara-ja-aino-mitaleilla-sofiassa\/","itemListElement":[{"@context":"https:\/\/schema.org","@type":"ListItem","position":1,"name":"Home","item":"https:\/\/tu11.fi\/taekwondo\/et\/"},{"@context":"https:\/\/schema.org","@type":"ListItem","position":2,"name":"Blog","item":"https:\/\/tu11.fi\/taekwondo\/"},{"@context":"https:\/\/schema.org","@type":"ListItem","position":3,"name":"slider Archives   Taekwondourheilijat 2011 | Taekwondoa parhaassa...","item":"https:\/\/tu11.fi\/taekwondo\/et\/category\/slider\/"},{"@context":"https:\/\/schema.org","@type":"ListItem","position":4,"name":"Sara ja Aino mitaleilla Sofiassa   Taekwondourheilijat 2011 |...","item":"https:\/\/tu11.fi\/taekwondo\/et\/2017\/03\/sara-ja-aino-mitaleilla-sofiassa\/"}]},{"@id":"\/2017\/03\/sara-ja-aino-mitaleilla-sofiassa\/#sso\/breadcrumb.list\/yleinen","@context":"https:\/\/schema.org","@type":"BreadcrumbList","url":"https:\/\/tu11.fi\/taekwondo\/et\/2017\/03\/sara-ja-aino-mitaleilla-sofiassa\/","itemListElement":[{"@context":"https:\/\/schema.org","@type":"ListItem","position":1,"name":"Home","item":"https:\/\/tu11.fi\/taekwondo\/et\/"},{"@context":"https:\/\/schema.org","@type":"ListItem","position":2,"name":"Blog","item":"https:\/\/tu11.fi\/taekwondo\/"},{"@context":"https:\/\/schema.org","@type":"ListItem","position":3,"name":"Yleinen Archives   Taekwondourheilijat 2011 | Taekwondoa parhaassa...","item":"https:\/\/tu11.fi\/taekwondo\/et\/category\/yleinen\/"},{"@context":"https:\/\/schema.org","@type":"ListItem","position":4,"name":"Sara ja Aino mitaleilla Sofiassa   Taekwondourheilijat 2011 |...","item":"https:\/\/tu11.fi\/taekwondo\/et\/2017\/03\/sara-ja-aino-mitaleilla-sofiassa\/"}]}]}],"parts":[["meta","name","generator","content","WPSSO Core 21.13.2\/L*","generator:1"],["meta","name","generator","content","WPSSO RAR 3.3.0\/S","generator:2"],["meta","name","generator","content","WPSSO REST 3.3.0\/S","generator:3"],["meta","name","generator","content","WPSSO BC 5.5.0\/S","generator:4"],["meta","name","generator","content","WPSSO FAQ 7.1.0\/S","generator:5"],["meta","name","generator","content","WPSSO OPM 5.1.0\/S","generator:6"],["meta","name","generator","content","WPSSO SSM 3.4.0\/S","generator:7"],["meta","name","generator","content","WPSSO TIE 4.1.0\/S","generator:8"],["meta","name","generator","content","WPSSO UM 7.3.0\/S","generator:9"],["meta","name","generator","content","WPSSO UL 4.3.0\/S","generator:10"],["link","rel","shortlink","href","https:\/\/tu11.fi\/taekwondo\/et\/?p=6723",""],["meta","property","fb:app_id","content","966242223397117",""],["meta","property","og:time","content","2026-04-30T05:07:53+00:00",""],["meta","property","og:type","content","article",""],["meta","property","og:url","content","https:\/\/tu11.fi\/taekwondo\/et\/2017\/03\/sara-ja-aino-mitaleilla-sofiassa\/",""],["meta","property","og:locale","content","en_US",""],["meta","property","og:site_name","content","Taekwondourheilijat 2011 | Taekwondoa parhaassa seurassa | Helsinki | Espoo | Vantaa",""],["meta","property","og:title","content","Sara ja Aino mitaleilla Sofiassa  &ndash; Taekwondourheilijat 2011 |...",""],["meta","property","og:description","content","TU11 tarjoaa innostavan ymp&auml;rist&ouml;n harjoitella taekwondoa kaikenik&auml;isille ja -tasoisille, aloittelijoista huippu-urheilijoihin. Valmennus on systemaattista ja valmentajat maamme parhaimmistoa. Aloita taekwondo nyt!",""],["meta","property","og:updated_time","content","2017-03-07T16:46:51+00:00",""],["meta","property","og:image:secure_url","content","https:\/\/tu11.fi\/taekwondo\/wp-content\/uploads\/2017\/03\/17091041_204801750002510_1467257213_o-1200x630-cropped.jpg","og:image:1"],["meta","property","og:image:url","content","https:\/\/tu11.fi\/taekwondo\/wp-content\/uploads\/2017\/03\/17091041_204801750002510_1467257213_o-1200x630-cropped.jpg","og:image:1"],["meta","property","og:image","content","https:\/\/tu11.fi\/taekwondo\/wp-content\/uploads\/2017\/03\/17091041_204801750002510_1467257213_o-1200x630-cropped.jpg","og:image:1"],["meta","property","og:image:width","content","1200","og:image:1"],["meta","property","og:image:height","content","630","og:image:1"],["meta","property","og:image:cropped","content","true","og:image:1"],["meta","property","og:image:id","content","6727","og:image:1"],["meta","property","og:image:size_name","content","wpsso-opengraph","og:image:1"],["meta","name","schema:language","content","et",""],["meta","name","schema:type:id","content","sports.team",""],["meta","name","schema:type:url","content","https:\/\/schema.org\/SportsTeam",""],["meta","name","schema:type:context","content","https:\/\/schema.org",""],["meta","name","schema:type:name","content","SportsTeam",""],["meta","name","schema:type:path","content","schema.org\/SportsTeam",""],["meta","property","article:section","content","Sport",""],["meta","property","article:author:name","content","Sampo Pajulampi",""],["meta","property","article:publisher","content","https:\/\/www.facebook.com\/TU11",""],["meta","property","article:published_time","content","2017-03-06T08:08:14+00:00",""],["meta","property","article:modified_time","content","2017-03-07T16:46:51+00:00",""],["meta","property","article:reading_mins","content","1",""],["meta","name","twitter:domain","content","tu11.fi",""],["meta","name","twitter:site","content","@taekwondourh",""],["meta","name","twitter:title","content","Sara ja Aino mitaleilla Sofiassa  &ndash; Taekwondourheilijat 2011 |...",""],["meta","name","twitter:description","content","TU11 tarjoaa innostavan ymp&auml;rist&ouml;n harjoitella taekwondoa kaikenik&auml;isille ja -tasoisille, aloittelijoista huippu-urheilijoihin. Valmennus on systemaattista ja valmentajat maamme parhaimmistoa...",""],["meta","name","twitter:card","content","summary_large_image",""],["meta","name","twitter:image","content","https:\/\/tu11.fi\/taekwondo\/wp-content\/uploads\/2017\/03\/17091041_204801750002510_1467257213_o-1200x630-cropped.jpg?p=6723",""],["meta","name","twitter:label1","content","Written by",""],["meta","name","twitter:data1","content","Sampo Pajulampi",""],["meta","name","twitter:label2","content","Est. reading time",""],["meta","name","twitter:data2","content","1 minute",""],["meta","name","author","content","Sampo Pajulampi",""],["meta","name","thumbnail","content","https:\/\/tu11.fi\/taekwondo\/wp-content\/uploads\/2017\/03\/17091041_204801750002510_1467257213_o-1200x630-cropped.jpg",""]]},"_links":{"self":[{"href":"https:\/\/tu11.fi\/taekwondo\/et\/wp-json\/wp\/v2\/posts\/6723","targetHints":{"allow":["GET"]}}],"collection":[{"href":"https:\/\/tu11.fi\/taekwondo\/et\/wp-json\/wp\/v2\/posts"}],"about":[{"href":"https:\/\/tu11.fi\/taekwondo\/et\/wp-json\/wp\/v2\/types\/post"}],"author":[{"embeddable":true,"href":"https:\/\/tu11.fi\/taekwondo\/et\/wp-json\/wp\/v2\/users\/2"}],"replies":[{"embeddable":true,"href":"https:\/\/tu11.fi\/taekwondo\/et\/wp-json\/wp\/v2\/comments?post=6723"}],"version-history":[{"count":0,"href":"https:\/\/tu11.fi\/taekwondo\/et\/wp-json\/wp\/v2\/posts\/6723\/revisions"}],"wp:featuredmedia":[{"embeddable":true,"href":"https:\/\/tu11.fi\/taekwondo\/et\/wp-json\/wp\/v2\/media\/6727"}],"wp:attachment":[{"href":"https:\/\/tu11.fi\/taekwondo\/et\/wp-json\/wp\/v2\/media?parent=6723"}],"wp:term":[{"taxonomy":"category","embeddable":true,"href":"https:\/\/tu11.fi\/taekwondo\/et\/wp-json\/wp\/v2\/categories?post=6723"},{"taxonomy":"post_tag","embeddable":true,"href":"https:\/\/tu11.fi\/taekwondo\/et\/wp-json\/wp\/v2\/tags?post=6723"}],"curies":[{"name":"wp","href":"https:\/\/api.w.org\/{rel}","templated":true}]}}