{"id":14117,"date":"2021-05-28T05:31:02","date_gmt":"2021-05-28T05:31:02","guid":{"rendered":"https:\/\/tu11.fi\/taekwondo\/?p=14117"},"modified":"2021-05-28T05:31:06","modified_gmt":"2021-05-28T05:31:06","slug":"6%ec%9b%94-%ed%83%9c%ea%b6%8c%eb%8f%84-%ec%84%a0%ec%88%98-%ec%a7%91%ec%a4%91%ea%b3%bc%ec%a0%95%ec%9c%bc%eb%a1%9c-1%ea%b8%89-%ec%bd%94%ec%b9%98%ed%9b%88%eb%a0%a8-%ec%8b%a4%ec%8b%9c","status":"publish","type":"post","link":"https:\/\/tu11.fi\/taekwondo\/ko\/2021\/05\/taekwondourheilijoiden-1-tason-valmentajakoulutus-intensiivikurssina-kesakuussa\/","title":{"rendered":"6\uc6d4 \ud0dc\uad8c\ub3c4 \uc120\uc218\ub97c \uc704\ud55c 1\uae09 \ucf54\uce58 \ud6c8\ub828\uc744 \uc9d1\uc911\uacfc\uc815\uc73c\ub85c \uc9c4\ud589"},"content":{"rendered":"<p>2020\ub144 \uac00\uc744 \ub9d0, \ucf54\ub85c\ub098 \uc0c1\ud669\uc73c\ub85c \uc778\ud574 \uc544\uc27d\uac8c\ub3c4 \ud0dc\uad8c\ub3c4 \uc120\uc218 \ucf54\uce58 \ud6c8\ub828\uc774 \uc911\ub2e8\ub418\uc5c8\uc2b5\ub2c8\ub2e4. \ubd04\uc5d0\ub3c4 \ud6c8\ub828\uc744 \uacc4\uc18d\ud560 \uc218 \uc5c6\uc5c8\uc2b5\ub2c8\ub2e4.<\/p>\n<p>2021\ub144 6\uc6d4\uc5d0\ub294 \ub808\ubca8 1 \uad50\uc721\uc744 \uc9d1\uc911 \uacfc\uc815\uc73c\ub85c \ud3b8\uc131\ud560 \uc608\uc815\uc785\ub2c8\ub2e4. \uc774 \uacfc\uc815\uc740 \uac00\uc744\uc5d0 \ub808\ubca8 1 \uad50\uc721\uc774 \uc911\ub2e8\ub41c \ubaa8\ub4e0 \uc0ac\ub78c\uacfc \ud574\ub2f9 \uc8fc\uc81c\uc5d0 \uad00\uc2ec\uc774 \uc788\ub294 \ubaa8\ub4e0 \uc0ac\ub78c\uc5d0\uac8c \uc801\uc6a9\ub429\ub2c8\ub2e4. \uc6b0\ub9ac\ub294 \ucd5c\uc18c\ud55c \ub808\ub4dc\ubca8\ud2b8\ub97c \uac00\uc9c0\uace0 \uc788\ub294 16\uc138 \uc774\uc0c1\uc758 \ubaa8\ub4e0 \uc5f4\uc815\uc801\uc778 \uc0ac\ub78c\ub4e4\uc758 \ucc38\uc5ec\ub97c \uad8c\uc7a5\ud569\ub2c8\ub2e4. \uc774\ubbf8 \uc720\uc0ac\ud55c \uad50\uc721\uc744 \uc774\uc218\ud55c \uacbd\uc6b0\uc5d0\ub3c4 \uacfc\ubaa9\ubcc4 \ubcc0\uacbd\uc73c\ub85c \uc778\ud574 \uad50\uc721\uc5d0 \ucc38\uc11d\ud558\uc2e4 \uc218 \uc788\uc2b5\ub2c8\ub2e4.<\/p>\n<p>\uba54\ubaa8! 6\uc6d4 DAN \uc2dc\ud5d8\uc5d0 \uc751\uc2dc\ud558\ub294 \ubd84\ub4e4\uc740 \uc774\uc804\uc5d0 \ube44\uc2b7\ud55c \uc131\uacfc\ub97c \ub0b8 \uc801\uc774 \uc5c6\ub2e4\uba74 \ud6c8\ub828\uc774 \ud544\uc218\uc785\ub2c8\ub2e4.\u00a0<\/p>\n<h2>\ubaa9\ud45c \ubc0f \uc8fc\uc81c \uc601\uc5ed<\/h2>\n<ul>\n<li>\uc0ac\ud68c\uc758 \ubc29\uc2dd\uacfc \uad00\ud589\uc744 \ud559\uc2b5<\/li>\n<li>\uc548\uc804\ud558\uace0 \uace0\ubb34\uc801\uc778 \ud6c8\ub828 \ubd84\uc704\uae30\ub97c \uc870\uc131\ud558\ub294 \ubc29\ubc95\uc744 \ud30c\uc545\ud569\ub2c8\ub2e4.<\/li>\n<li>\ubb38\uc81c \uc0c1\ud669\uacfc \uc704\ud5d8\ud55c \uc0c1\ud669(\uc608: \ubd80\uc0c1)\uc5d0 \uac1c\uc785\ud558\ub294 \ubc29\ubc95\uc744 \uc2dd\ubcc4\ud569\ub2c8\ub2e4.<\/li>\n<li>\ubc1c\uc804\uacfc \ucc28\ubcc4\ud654\ub41c \uc6b4\ub3d9\uc744 \ud1b5\ud574 \ud0dc\uad8c\ub3c4 \uae30\uc220\uc744 \uc5f0\uc2b5\ud558\ub294 \ubc29\ubc95\uc744 \ubcf4\uc5ec\uc90d\ub2c8\ub2e4.<\/li>\n<li>\ub2e8\uc77c \uc6b4\ub3d9 \uacc4\ud68d\uc744 \uc704\ud55c \uae30\ubcf8 \ubaa8\ub378 \ud559\uc2b5<\/li>\n<li>\ub2e4\uc591\ud55c \uad50\uc721 \uc2a4\ud0c0\uc77c\uc758 \uae30\ubcf8\uacfc \uc6b4\ub3d9 \uad6c\ud604 \ubc29\ubc95\uc744 \uc54c\uc544\ubcf4\uc138\uc694.<\/li>\n<\/ul>\n<h2>\uc77c\uc815<\/h2>\n<p>\ubaa9 3.6. \u2013 17:00-20:00<br \/>10.6.\ubaa9. \u2013 17:00-20:00<\/p>\n<p>\ub300\uba74 \uad50\uc721 \uc678\uc5d0\ub3c4 \uc218\ud5d8\uc0dd\uc740 \uba87 \uac00\uc9c0 \uc5f0\uc2b5 \uacfc\uc81c\ub97c \ubc1b\uc2b5\ub2c8\ub2e4. \ub9c8\uc9c0\ub9c9 \uc5d0\ud53c\uc18c\ub4dc\uc758 \uc7a5\uc18c\ub294 \ucf54\ub0a0\ub77c \ud0dc\uad8c\ub3c4 \uc120\uc218\ud68c\uad00\uc774\ub2e4.\u00a0<\/p>\n<h2>\ub4f1\ub85d<\/h2>\n<p>info@tu11.fi.main.hoste.fi\ub85c \uc774\uba54\uc77c\uc744 \ubcf4\ub0b4 \uac00\uc785\ud558\uc138\uc694.<\/p>","protected":false},"excerpt":{"rendered":"<p>2020\ub144 \uac00\uc744 \ub9d0, \ucf54\ub85c\ub098 \uc0c1\ud669\uc73c\ub85c \uc778\ud574 \uc544\uc27d\uac8c\ub3c4 \ud0dc\uad8c\ub3c4 \uc120\uc218 \ucf54\uce58 \ud6c8\ub828\uc774 \uc911\ub2e8\ub418\uc5c8\uc2b5\ub2c8\ub2e4. \ubd04\uc5d0\ub3c4 \ud6c8\ub828\uc744 \uacc4\uc18d\ud560 \uc218 \uc5c6\uc5c8\uc2b5\ub2c8\ub2e4. 2021\ub144 6\uc6d4\uc5d0\ub294 \ub808\ubca8 1 \uad50\uc721\uc744 \uc9d1\uc911 \uacfc\uc815\uc73c\ub85c \ud3b8\uc131\ud560 \uc608\uc815\uc785\ub2c8\ub2e4. \uc774 \uacfc\uc815\uc740 \uac00\uc744\uc5d0 \ub808\ubca8 1 \uad50\uc721\uc774 \uc911\ub2e8\ub41c \ubaa8\ub4e0 \uc0ac\ub78c\uacfc \ud574\ub2f9 \uc8fc\uc81c\uc5d0 \uad00\uc2ec\uc774 \uc788\ub294 \ubaa8\ub4e0 \uc0ac\ub78c\uc5d0\uac8c \uc801\uc6a9\ub429\ub2c8\ub2e4. \uc6b0\ub9ac\ub294 \ucd5c\uc18c\ud55c \ub808\ub4dc\ubca8\ud2b8\ub97c \uac16\uace0 \uc788\ub294 16\uc138 \uc774\uc0c1\uc758 \ubaa8\ub4e0 \uc5f4\uc815\uc801\uc778 \uc0ac\ub78c\ub4e4\uc758 \ucc38\uc5ec\ub97c \uad8c\uc7a5\ud569\ub2c8\ub2e4. \uc720\uc0ac\ud55c \uad50\uc721\uc744 \uc774\ubbf8 \uc774\uc218\ud55c \uacbd\uc6b0\uc5d0\ub3c4 \uad50\uc721\uc774 \uc6d0\ud65c\ud558\uac8c \uc9c4\ud589\ub420 \uc218 \uc788\uc2b5\ub2c8\ub2e4.<\/p>","protected":false},"author":7,"featured_media":12879,"comment_status":"closed","ping_status":"closed","sticky":false,"template":"templates\/template-cover.php","format":"standard","meta":{"footnotes":""},"categories":[4,1],"tags":[],"class_list":["post-14117","post","type-post","status-publish","format-standard","has-post-thumbnail","hentry","category-etusivu","category-yleinen"],"yoast_head":"<!-- This site is optimized with the Yoast SEO plugin v27.2 - https:\/\/yoast.com\/product\/yoast-seo-wordpress\/ -->\n<title>Taekwondourheilijoiden 1-tason valmentajakoulutus intensiivikurssina kes\u00e4kuussa - Taekwondourheilijat 2011 | Taekwondoa parhaassa seurassa | Helsinki | Espoo | Vantaa<\/title>\n<meta name=\"description\" content=\"TU11 tarjoaa innostavan ymp\u00e4rist\u00f6n harjoitella taekwondoa kaikenik\u00e4isille ja -tasoisille, aloittelijoista huippu-urheilijoihin. Valmennus on systemaattista ja valmentajat maamme parhaimmistoa. Aloita taekwondo nyt!\" \/>\n<meta name=\"robots\" content=\"index, follow, max-snippet:-1, max-image-preview:large, max-video-preview:-1\" \/>\n<link rel=\"canonical\" href=\"http:\/\/tu11.fi\/taekwondo\/ko\/2021\/05\/6\uc6d4-\ud0dc\uad8c\ub3c4-\uc120\uc218-\uc9d1\uc911\uacfc\uc815\uc73c\ub85c-1\uae09-\ucf54\uce58\ud6c8\ub828-\uc2e4\uc2dc\/\" \/>\n<script type=\"application\/ld+json\" class=\"yoast-schema-graph\">{\"@context\":\"https:\/\/schema.org\",\"@graph\":[]}<\/script>\n<!-- \/ Yoast SEO plugin. -->","yoast_head_json":{"title":"Taekwondourheilijoiden 1-tason valmentajakoulutus intensiivikurssina kes\u00e4kuussa - Taekwondourheilijat 2011 | Taekwondoa parhaassa seurassa | Helsinki | Espoo | Vantaa","description":"TU11\uc740 \ucd08\ubcf4\uc790\ubd80\ud130 \uc5d8\ub9ac\ud2b8 \uc120\uc218\uae4c\uc9c0 \ubaa8\ub4e0 \uc5f0\ub839\uacfc \uc218\uc900\uc758 \ud0dc\uad8c\ub3c4\ub97c \uc5f0\uc2b5\ud560 \uc218 \uc788\ub294 \uc601\uac10\uc744 \uc8fc\ub294 \ud658\uacbd\uc744 \uc81c\uacf5\ud569\ub2c8\ub2e4. \ud6c8\ub828\uc740 \uccb4\uacc4\uc801\uc774\uba70 \ucf54\uce58\uc9c4\uc740 \uc6b0\ub9ac\ub098\ub77c \ucd5c\uace0 \uc218\uc900\uc774\ub2e4. \uc9c0\uae08\ubd80\ud130 \ud0dc\uad8c\ub3c4\ub97c \uc2dc\uc791\ud574 \ubcf4\uc138\uc694!","robots":{"index":"index","follow":"follow","max-snippet":"max-snippet:-1","max-image-preview":"max-image-preview:large","max-video-preview":"max-video-preview:-1"},"canonical":"http:\/\/tu11.fi\/taekwondo\/ko\/2021\/05\/6\uc6d4-\ud0dc\uad8c\ub3c4-\uc120\uc218-\uc9d1\uc911\uacfc\uc815\uc73c\ub85c-1\uae09-\ucf54\uce58\ud6c8\ub828-\uc2e4\uc2dc\/","schema":{"@context":"https:\/\/schema.org","@graph":[]}},"amp_enabled":true,"head":{"html":["<meta name=\"wpsso-begin\" content=\"wpsso structured data begin\"\/>\n","<!-- generator:1 --><meta name=\"generator\" content=\"WPSSO Core 21.12.0\/L*\"\/>\n","<!-- generator:2 --><meta name=\"generator\" content=\"WPSSO RAR 3.3.0\/S\"\/>\n","<!-- generator:3 --><meta name=\"generator\" content=\"WPSSO REST 3.3.0\/S\"\/>\n","<!-- generator:4 --><meta name=\"generator\" content=\"WPSSO BC 5.5.0\/S\"\/>\n","<!-- generator:5 --><meta name=\"generator\" content=\"WPSSO FAQ 7.1.0\/S\"\/>\n","<!-- generator:6 --><meta name=\"generator\" content=\"WPSSO OPM 5.1.0\/S\"\/>\n","<!-- generator:7 --><meta name=\"generator\" content=\"WPSSO SSM 3.4.0\/S\"\/>\n","<!-- generator:8 --><meta name=\"generator\" content=\"WPSSO TIE 4.1.0\/S\"\/>\n","<!-- generator:9 --><meta name=\"generator\" content=\"WPSSO UM 7.3.0\/S\"\/>\n","<!-- generator:10 --><meta name=\"generator\" content=\"WPSSO UL 4.3.0\/S\"\/>\n","<link rel=\"shortlink\" href=\"https:\/\/tu11.fi\/taekwondo\/ko\/?p=14117\"\/>\n","<meta property=\"fb:app_id\" content=\"966242223397117\"\/>\n","<meta property=\"og:type\" content=\"website\"\/>\n","<meta property=\"og:url\" content=\"https:\/\/tu11.fi\/taekwondo\/ko\/2021\/05\/taekwondourheilijoiden-1-tason-valmentajakoulutus-intensiivikurssina-kesakuussa\/\"\/>\n","<meta property=\"og:locale\" content=\"ko_KR\"\/>\n","<meta property=\"og:site_name\" content=\"Taekwondourheilijat 2011 | Taekwondoa parhaassa seurassa | Helsinki | Espoo | Vantaa\"\/>\n","<meta property=\"og:title\" content=\"Taekwondourheilijoiden 1-tason valmentajakoulutus...\"\/>\n","<meta property=\"og:description\" content=\"TU11 tarjoaa innostavan ymp&auml;rist&ouml;n harjoitella taekwondoa kaikenik&auml;isille ja -tasoisille, aloittelijoista huippu-urheilijoihin. Valmennus on systemaattista ja valmentajat maamme parhaimmistoa. Aloita taekwondo nyt!\"\/>\n","<meta property=\"og:updated_time\" content=\"2021-05-28T05:31:06+00:00\"\/>\n","<!-- og:image:1 --><meta property=\"og:image\" content=\"https:\/\/tu11.fi\/taekwondo\/wp-content\/uploads\/2020\/08\/IMG_20200816_170655027-scaled-1200x630-cropped.jpg\"\/>\n","<!-- og:image:1 --><meta property=\"og:image:width\" content=\"1200\"\/>\n","<!-- og:image:1 --><meta property=\"og:image:height\" content=\"630\"\/>\n","<meta name=\"twitter:domain\" content=\"tu11.fi\"\/>\n","<meta name=\"twitter:site\" content=\"@taekwondourh\"\/>\n","<meta name=\"twitter:title\" content=\"Taekwondourheilijoiden 1-tason valmentajakoulutus...\"\/>\n","<meta name=\"twitter:description\" content=\"TU11 tarjoaa innostavan ymp&auml;rist&ouml;n harjoitella taekwondoa kaikenik&auml;isille ja -tasoisille, aloittelijoista huippu-urheilijoihin. Valmennus on systemaattista ja valmentajat maamme parhaimmistoa...\"\/>\n","<meta name=\"twitter:card\" content=\"summary_large_image\"\/>\n","<meta name=\"twitter:image\" content=\"https:\/\/tu11.fi\/taekwondo\/wp-content\/uploads\/2020\/08\/IMG_20200816_170655027-scaled-1200x630-cropped.jpg?p=14117\"\/>\n","<meta name=\"thumbnail\" content=\"https:\/\/tu11.fi\/taekwondo\/wp-content\/uploads\/2020\/08\/IMG_20200816_170655027-scaled-1200x630-cropped.jpg\"\/>\n","<script type=\"application\/ld+json\" id=\"wpsso-schema-graph\">{\n    \"@context\": \"https:\/\/schema.org\",\n    \"@graph\": [\n        {\n            \"@id\": \"#sso\/knowledge-graph\/sports-team\/14117\",\n            \"@context\": \"https:\/\/schema.org\",\n            \"@type\": \"SportsTeam\",\n            \"mainEntityOfPage\": \"https:\/\/tu11.fi\/taekwondo\/ko\/2021\/05\/taekwondourheilijoiden-1-tason-valmentajakoulutus-intensiivikurssina-kesakuussa\/\",\n            \"url\": \"https:\/\/tu11.fi\/taekwondo\/ko\/2021\/05\/taekwondourheilijoiden-1-tason-valmentajakoulutus-intensiivikurssina-kesakuussa\/\",\n            \"sameAs\": [\n                \"https:\/\/tu11.fi\/taekwondo\/ko\/?p=14117\"\n            ],\n            \"name\": \"Taekwondourheilijoiden 1-tason valmentajakoulutus...\",\n            \"alternateName\": \"Taekwondourheilijoiden 1-tason valmentajakoulutus intensiivikurssina kes&auml;kuussa  &ndash; Taekwondourheilijat...\",\n            \"description\": \"TU11 tarjoaa innostavan ymp&auml;rist&ouml;n harjoitella taekwondoa kaikenik&auml;isille ja -tasoisille, aloittelijoista huippu-urheilijoihin. Valmennus on systemaattista ja valmentajat maamme parhaimmistoa. Aloita taekwondo nyt!\",\n            \"image\": [\n                {\n                    \"@id\": \"https:\/\/tu11.fi\/taekwondo\/wp-content\/uploads\/2020\/08\/IMG_20200816_170655027-scaled-1200x1200-cropped.jpg#sso\/image-object\"\n                },\n                {\n                    \"@id\": \"https:\/\/tu11.fi\/taekwondo\/wp-content\/uploads\/2020\/08\/IMG_20200816_170655027-scaled-1200x900-cropped.jpg#sso\/image-object\"\n                },\n                {\n                    \"@id\": \"https:\/\/tu11.fi\/taekwondo\/wp-content\/uploads\/2020\/08\/IMG_20200816_170655027-scaled-1200x675-cropped.jpg#sso\/image-object\"\n                }\n            ]\n        },\n        {\n            \"@id\": \"https:\/\/tu11.fi\/taekwondo\/wp-content\/uploads\/2020\/08\/IMG_20200816_170655027-scaled-1200x1200-cropped.jpg#sso\/image-object\",\n            \"@context\": \"https:\/\/schema.org\",\n            \"@type\": \"ImageObject\",\n            \"url\": \"https:\/\/tu11.fi\/taekwondo\/wp-content\/uploads\/2020\/08\/IMG_20200816_170655027-scaled-1200x1200-cropped.jpg\",\n            \"identifier\": \"12879-wpsso-schema-1x1\",\n            \"name\": \"IMG_20200816_170655027  &ndash; Taekwondourheilijat 2011 | Taekwondoa...\",\n            \"alternateName\": \"IMG_20200816_170655027  &ndash; Taekwondourheilijat 2011 | Taekwondoa parhaassa seurassa | Helsinki | Espoo | Vantaa\",\n            \"description\": \"No Description.\",\n            \"encodingFormat\": \"image\/jpeg\",\n            \"uploadDate\": \"2020-08-17T10:55:45+00:00\",\n            \"width\": [\n                {\n                    \"@id\": \"#sso\/qv-width-px-1200\"\n                }\n            ],\n            \"height\": [\n                {\n                    \"@id\": \"#sso\/qv-height-px-1200\"\n                }\n            ]\n        },\n        {\n            \"@id\": \"#sso\/qv-width-px-1200\",\n            \"@context\": \"https:\/\/schema.org\",\n            \"@type\": \"QuantitativeValue\",\n            \"name\": \"Width\",\n            \"unitText\": \"px\",\n            \"unitCode\": \"E37\",\n            \"value\": \"1200\"\n        },\n        {\n            \"@id\": \"#sso\/qv-height-px-1200\",\n            \"@context\": \"https:\/\/schema.org\",\n            \"@type\": \"QuantitativeValue\",\n            \"name\": \"Height\",\n            \"unitText\": \"px\",\n            \"unitCode\": \"E37\",\n            \"value\": \"1200\"\n        },\n        {\n            \"@id\": \"https:\/\/tu11.fi\/taekwondo\/wp-content\/uploads\/2020\/08\/IMG_20200816_170655027-scaled-1200x900-cropped.jpg#sso\/image-object\",\n            \"@context\": \"https:\/\/schema.org\",\n            \"@type\": \"ImageObject\",\n            \"url\": \"https:\/\/tu11.fi\/taekwondo\/wp-content\/uploads\/2020\/08\/IMG_20200816_170655027-scaled-1200x900-cropped.jpg\",\n            \"identifier\": \"12879-wpsso-schema-4x3\",\n            \"name\": \"IMG_20200816_170655027  &ndash; Taekwondourheilijat 2011 | Taekwondoa...\",\n            \"alternateName\": \"IMG_20200816_170655027  &ndash; Taekwondourheilijat 2011 | Taekwondoa parhaassa seurassa | Helsinki | Espoo | Vantaa\",\n            \"description\": \"No Description.\",\n            \"encodingFormat\": \"image\/jpeg\",\n            \"uploadDate\": \"2020-08-17T10:55:45+00:00\",\n            \"width\": [\n                {\n                    \"@id\": \"#sso\/qv-width-px-1200\"\n                }\n            ],\n            \"height\": [\n                {\n                    \"@id\": \"#sso\/qv-height-px-900\"\n                }\n            ]\n        },\n        {\n            \"@id\": \"#sso\/qv-height-px-900\",\n            \"@context\": \"https:\/\/schema.org\",\n            \"@type\": \"QuantitativeValue\",\n            \"name\": \"Height\",\n            \"unitText\": \"px\",\n            \"unitCode\": \"E37\",\n            \"value\": \"900\"\n        },\n        {\n            \"@id\": \"https:\/\/tu11.fi\/taekwondo\/wp-content\/uploads\/2020\/08\/IMG_20200816_170655027-scaled-1200x675-cropped.jpg#sso\/image-object\",\n            \"@context\": \"https:\/\/schema.org\",\n            \"@type\": \"ImageObject\",\n            \"url\": \"https:\/\/tu11.fi\/taekwondo\/wp-content\/uploads\/2020\/08\/IMG_20200816_170655027-scaled-1200x675-cropped.jpg\",\n            \"identifier\": \"12879-wpsso-schema-16x9\",\n            \"name\": \"IMG_20200816_170655027  &ndash; Taekwondourheilijat 2011 | Taekwondoa...\",\n            \"alternateName\": \"IMG_20200816_170655027  &ndash; Taekwondourheilijat 2011 | Taekwondoa parhaassa seurassa | Helsinki | Espoo | Vantaa\",\n            \"description\": \"No Description.\",\n            \"encodingFormat\": \"image\/jpeg\",\n            \"uploadDate\": \"2020-08-17T10:55:45+00:00\",\n            \"width\": [\n                {\n                    \"@id\": \"#sso\/qv-width-px-1200\"\n                }\n            ],\n            \"height\": [\n                {\n                    \"@id\": \"#sso\/qv-height-px-675\"\n                }\n            ]\n        },\n        {\n            \"@id\": \"#sso\/qv-height-px-675\",\n            \"@context\": \"https:\/\/schema.org\",\n            \"@type\": \"QuantitativeValue\",\n            \"name\": \"Height\",\n            \"unitText\": \"px\",\n            \"unitCode\": \"E37\",\n            \"value\": \"675\"\n        },\n        {\n            \"@id\": \"\/2021\/05\/taekwondourheilijoiden-1-tason-valmentajakoulutus-intensiivikurssina-kesakuussa\/#sso\/breadcrumb.list\/yleinen\",\n            \"@context\": \"https:\/\/schema.org\",\n            \"@type\": \"BreadcrumbList\",\n            \"url\": \"https:\/\/tu11.fi\/taekwondo\/ko\/2021\/05\/taekwondourheilijoiden-1-tason-valmentajakoulutus-intensiivikurssina-kesakuussa\/\",\n            \"itemListElement\": [\n                {\n                    \"@context\": \"https:\/\/schema.org\",\n                    \"@type\": \"ListItem\",\n                    \"position\": 1,\n                    \"name\": \"Home\",\n                    \"item\": \"https:\/\/tu11.fi\/taekwondo\/ko\/\"\n                },\n                {\n                    \"@context\": \"https:\/\/schema.org\",\n                    \"@type\": \"ListItem\",\n                    \"position\": 2,\n                    \"name\": \"Blog\",\n                    \"item\": \"https:\/\/tu11.fi\/taekwondo\/\"\n                },\n                {\n                    \"@context\": \"https:\/\/schema.org\",\n                    \"@type\": \"ListItem\",\n                    \"position\": 3,\n                    \"name\": \"Yleinen Archives   Taekwondourheilijat 2011 | Taekwondoa parhaassa...\",\n                    \"item\": \"https:\/\/tu11.fi\/taekwondo\/ko\/category\/yleinen\/\"\n                },\n                {\n                    \"@context\": \"https:\/\/schema.org\",\n                    \"@type\": \"ListItem\",\n                    \"position\": 4,\n                    \"name\": \"Taekwondourheilijoiden 1-tason valmentajakoulutus...\",\n                    \"item\": \"https:\/\/tu11.fi\/taekwondo\/ko\/2021\/05\/taekwondourheilijoiden-1-tason-valmentajakoulutus-intensiivikurssina-kesakuussa\/\"\n                }\n            ]\n        },\n        {\n            \"@id\": \"\/2021\/05\/taekwondourheilijoiden-1-tason-valmentajakoulutus-intensiivikurssina-kesakuussa\/#sso\/breadcrumb.list\/etusivu\",\n            \"@context\": \"https:\/\/schema.org\",\n            \"@type\": \"BreadcrumbList\",\n            \"url\": \"https:\/\/tu11.fi\/taekwondo\/ko\/2021\/05\/taekwondourheilijoiden-1-tason-valmentajakoulutus-intensiivikurssina-kesakuussa\/\",\n            \"itemListElement\": [\n                {\n                    \"@context\": \"https:\/\/schema.org\",\n                    \"@type\": \"ListItem\",\n                    \"position\": 1,\n                    \"name\": \"Home\",\n                    \"item\": \"https:\/\/tu11.fi\/taekwondo\/ko\/\"\n                },\n                {\n                    \"@context\": \"https:\/\/schema.org\",\n                    \"@type\": \"ListItem\",\n                    \"position\": 2,\n                    \"name\": \"Blog\",\n                    \"item\": \"https:\/\/tu11.fi\/taekwondo\/\"\n                },\n                {\n                    \"@context\": \"https:\/\/schema.org\",\n                    \"@type\": \"ListItem\",\n                    \"position\": 3,\n                    \"name\": \"Etusivu Archives   Taekwondourheilijat 2011 | Taekwondoa parhaassa...\",\n                    \"item\": \"https:\/\/tu11.fi\/taekwondo\/ko\/category\/etusivu\/\"\n                },\n                {\n                    \"@context\": \"https:\/\/schema.org\",\n                    \"@type\": \"ListItem\",\n                    \"position\": 4,\n                    \"name\": \"Taekwondourheilijoiden 1-tason valmentajakoulutus...\",\n                    \"item\": \"https:\/\/tu11.fi\/taekwondo\/ko\/2021\/05\/taekwondourheilijoiden-1-tason-valmentajakoulutus-intensiivikurssina-kesakuussa\/\"\n                }\n            ]\n        }\n    ]\n}<\/script>\n","<meta name=\"wpsso-end\" content=\"wpsso structured data end\"\/>\n","<meta name=\"wpsso-cached\" content=\"no cache for tu11.fi\/taekwondo\"\/>\n"],"json":[{"@context":"https:\/\/schema.org","@graph":[{"@id":"#sso\/knowledge-graph\/sports-team\/14117","@context":"https:\/\/schema.org","@type":"SportsTeam","mainEntityOfPage":"https:\/\/tu11.fi\/taekwondo\/ko\/2021\/05\/taekwondourheilijoiden-1-tason-valmentajakoulutus-intensiivikurssina-kesakuussa\/","url":"https:\/\/tu11.fi\/taekwondo\/ko\/2021\/05\/taekwondourheilijoiden-1-tason-valmentajakoulutus-intensiivikurssina-kesakuussa\/","sameAs":["https:\/\/tu11.fi\/taekwondo\/ko\/?p=14117"],"name":"Taekwondourheilijoiden 1-tason valmentajakoulutus...","alternateName":"Taekwondourheilijoiden 1-tason valmentajakoulutus intensiivikurssina kes&auml;kuussa  &ndash; Taekwondourheilijat...","description":"TU11 tarjoaa innostavan ymp&auml;rist&ouml;n harjoitella taekwondoa kaikenik&auml;isille ja -tasoisille, aloittelijoista huippu-urheilijoihin. Valmennus on systemaattista ja valmentajat maamme parhaimmistoa. Aloita taekwondo nyt!","image":[{"@id":"https:\/\/tu11.fi\/taekwondo\/wp-content\/uploads\/2020\/08\/IMG_20200816_170655027-scaled-1200x1200-cropped.jpg#sso\/image-object"},{"@id":"https:\/\/tu11.fi\/taekwondo\/wp-content\/uploads\/2020\/08\/IMG_20200816_170655027-scaled-1200x900-cropped.jpg#sso\/image-object"},{"@id":"https:\/\/tu11.fi\/taekwondo\/wp-content\/uploads\/2020\/08\/IMG_20200816_170655027-scaled-1200x675-cropped.jpg#sso\/image-object"}]},{"@id":"https:\/\/tu11.fi\/taekwondo\/wp-content\/uploads\/2020\/08\/IMG_20200816_170655027-scaled-1200x1200-cropped.jpg#sso\/image-object","@context":"https:\/\/schema.org","@type":"ImageObject","url":"https:\/\/tu11.fi\/taekwondo\/wp-content\/uploads\/2020\/08\/IMG_20200816_170655027-scaled-1200x1200-cropped.jpg","identifier":"12879-wpsso-schema-1x1","name":"IMG_20200816_170655027  &ndash; Taekwondourheilijat 2011 | Taekwondoa...","alternateName":"IMG_20200816_170655027  &ndash; Taekwondourheilijat 2011 | Taekwondoa parhaassa seurassa | Helsinki | Espoo | Vantaa","description":"No Description.","encodingFormat":"image\/jpeg","uploadDate":"2020-08-17T10:55:45+00:00","width":[{"@id":"#sso\/qv-width-px-1200"}],"height":[{"@id":"#sso\/qv-height-px-1200"}]},{"@id":"#sso\/qv-width-px-1200","@context":"https:\/\/schema.org","@type":"QuantitativeValue","name":"Width","unitText":"px","unitCode":"E37","value":"1200"},{"@id":"#sso\/qv-height-px-1200","@context":"https:\/\/schema.org","@type":"QuantitativeValue","name":"Height","unitText":"px","unitCode":"E37","value":"1200"},{"@id":"https:\/\/tu11.fi\/taekwondo\/wp-content\/uploads\/2020\/08\/IMG_20200816_170655027-scaled-1200x900-cropped.jpg#sso\/image-object","@context":"https:\/\/schema.org","@type":"ImageObject","url":"https:\/\/tu11.fi\/taekwondo\/wp-content\/uploads\/2020\/08\/IMG_20200816_170655027-scaled-1200x900-cropped.jpg","identifier":"12879-wpsso-schema-4x3","name":"IMG_20200816_170655027  &ndash; Taekwondourheilijat 2011 | Taekwondoa...","alternateName":"IMG_20200816_170655027  &ndash; Taekwondourheilijat 2011 | Taekwondoa parhaassa seurassa | Helsinki | Espoo | Vantaa","description":"No Description.","encodingFormat":"image\/jpeg","uploadDate":"2020-08-17T10:55:45+00:00","width":[{"@id":"#sso\/qv-width-px-1200"}],"height":[{"@id":"#sso\/qv-height-px-900"}]},{"@id":"#sso\/qv-height-px-900","@context":"https:\/\/schema.org","@type":"QuantitativeValue","name":"Height","unitText":"px","unitCode":"E37","value":"900"},{"@id":"https:\/\/tu11.fi\/taekwondo\/wp-content\/uploads\/2020\/08\/IMG_20200816_170655027-scaled-1200x675-cropped.jpg#sso\/image-object","@context":"https:\/\/schema.org","@type":"ImageObject","url":"https:\/\/tu11.fi\/taekwondo\/wp-content\/uploads\/2020\/08\/IMG_20200816_170655027-scaled-1200x675-cropped.jpg","identifier":"12879-wpsso-schema-16x9","name":"IMG_20200816_170655027  &ndash; Taekwondourheilijat 2011 | Taekwondoa...","alternateName":"IMG_20200816_170655027  &ndash; Taekwondourheilijat 2011 | Taekwondoa parhaassa seurassa | Helsinki | Espoo | Vantaa","description":"No Description.","encodingFormat":"image\/jpeg","uploadDate":"2020-08-17T10:55:45+00:00","width":[{"@id":"#sso\/qv-width-px-1200"}],"height":[{"@id":"#sso\/qv-height-px-675"}]},{"@id":"#sso\/qv-height-px-675","@context":"https:\/\/schema.org","@type":"QuantitativeValue","name":"Height","unitText":"px","unitCode":"E37","value":"675"},{"@id":"\/2021\/05\/taekwondourheilijoiden-1-tason-valmentajakoulutus-intensiivikurssina-kesakuussa\/#sso\/breadcrumb.list\/yleinen","@context":"https:\/\/schema.org","@type":"BreadcrumbList","url":"https:\/\/tu11.fi\/taekwondo\/ko\/2021\/05\/taekwondourheilijoiden-1-tason-valmentajakoulutus-intensiivikurssina-kesakuussa\/","itemListElement":[{"@context":"https:\/\/schema.org","@type":"ListItem","position":1,"name":"Home","item":"https:\/\/tu11.fi\/taekwondo\/ko\/"},{"@context":"https:\/\/schema.org","@type":"ListItem","position":2,"name":"Blog","item":"https:\/\/tu11.fi\/taekwondo\/"},{"@context":"https:\/\/schema.org","@type":"ListItem","position":3,"name":"Yleinen Archives   Taekwondourheilijat 2011 | Taekwondoa parhaassa...","item":"https:\/\/tu11.fi\/taekwondo\/ko\/category\/yleinen\/"},{"@context":"https:\/\/schema.org","@type":"ListItem","position":4,"name":"Taekwondourheilijoiden 1-tason valmentajakoulutus...","item":"https:\/\/tu11.fi\/taekwondo\/ko\/2021\/05\/taekwondourheilijoiden-1-tason-valmentajakoulutus-intensiivikurssina-kesakuussa\/"}]},{"@id":"\/2021\/05\/taekwondourheilijoiden-1-tason-valmentajakoulutus-intensiivikurssina-kesakuussa\/#sso\/breadcrumb.list\/etusivu","@context":"https:\/\/schema.org","@type":"BreadcrumbList","url":"https:\/\/tu11.fi\/taekwondo\/ko\/2021\/05\/taekwondourheilijoiden-1-tason-valmentajakoulutus-intensiivikurssina-kesakuussa\/","itemListElement":[{"@context":"https:\/\/schema.org","@type":"ListItem","position":1,"name":"Home","item":"https:\/\/tu11.fi\/taekwondo\/ko\/"},{"@context":"https:\/\/schema.org","@type":"ListItem","position":2,"name":"Blog","item":"https:\/\/tu11.fi\/taekwondo\/"},{"@context":"https:\/\/schema.org","@type":"ListItem","position":3,"name":"Etusivu Archives   Taekwondourheilijat 2011 | Taekwondoa parhaassa...","item":"https:\/\/tu11.fi\/taekwondo\/ko\/category\/etusivu\/"},{"@context":"https:\/\/schema.org","@type":"ListItem","position":4,"name":"Taekwondourheilijoiden 1-tason valmentajakoulutus...","item":"https:\/\/tu11.fi\/taekwondo\/ko\/2021\/05\/taekwondourheilijoiden-1-tason-valmentajakoulutus-intensiivikurssina-kesakuussa\/"}]}]}],"parts":[["meta","name","generator","content","WPSSO Core 21.12.0\/L*","generator:1"],["meta","name","generator","content","WPSSO RAR 3.3.0\/S","generator:2"],["meta","name","generator","content","WPSSO REST 3.3.0\/S","generator:3"],["meta","name","generator","content","WPSSO BC 5.5.0\/S","generator:4"],["meta","name","generator","content","WPSSO FAQ 7.1.0\/S","generator:5"],["meta","name","generator","content","WPSSO OPM 5.1.0\/S","generator:6"],["meta","name","generator","content","WPSSO SSM 3.4.0\/S","generator:7"],["meta","name","generator","content","WPSSO TIE 4.1.0\/S","generator:8"],["meta","name","generator","content","WPSSO UM 7.3.0\/S","generator:9"],["meta","name","generator","content","WPSSO UL 4.3.0\/S","generator:10"],["link","rel","shortlink","href","https:\/\/tu11.fi\/taekwondo\/ko\/?p=14117",""],["meta","property","fb:app_id","content","966242223397117",""],["meta","property","og:time","content","2026-04-27T04:37:49+00:00",""],["meta","property","og:type","content","website",""],["meta","property","og:url","content","https:\/\/tu11.fi\/taekwondo\/ko\/2021\/05\/taekwondourheilijoiden-1-tason-valmentajakoulutus-intensiivikurssina-kesakuussa\/",""],["meta","property","og:locale","content","ko_KR",""],["meta","property","og:site_name","content","Taekwondourheilijat 2011 | Taekwondoa parhaassa seurassa | Helsinki | Espoo | Vantaa",""],["meta","property","og:title","content","Taekwondourheilijoiden 1-tason valmentajakoulutus...",""],["meta","property","og:description","content","TU11 tarjoaa innostavan ymp&auml;rist&ouml;n harjoitella taekwondoa kaikenik&auml;isille ja -tasoisille, aloittelijoista huippu-urheilijoihin. Valmennus on systemaattista ja valmentajat maamme parhaimmistoa. Aloita taekwondo nyt!",""],["meta","property","og:updated_time","content","2021-05-28T05:31:06+00:00",""],["meta","property","og:image:secure_url","content","https:\/\/tu11.fi\/taekwondo\/wp-content\/uploads\/2020\/08\/IMG_20200816_170655027-scaled-1200x630-cropped.jpg","og:image:1"],["meta","property","og:image:url","content","https:\/\/tu11.fi\/taekwondo\/wp-content\/uploads\/2020\/08\/IMG_20200816_170655027-scaled-1200x630-cropped.jpg","og:image:1"],["meta","property","og:image","content","https:\/\/tu11.fi\/taekwondo\/wp-content\/uploads\/2020\/08\/IMG_20200816_170655027-scaled-1200x630-cropped.jpg","og:image:1"],["meta","property","og:image:width","content","1200","og:image:1"],["meta","property","og:image:height","content","630","og:image:1"],["meta","property","og:image:cropped","content","true","og:image:1"],["meta","property","og:image:id","content","12879","og:image:1"],["meta","property","og:image:size_name","content","wpsso-opengraph","og:image:1"],["meta","name","schema:language","content","ko_KR",""],["meta","name","schema:type:id","content","sports.team",""],["meta","name","schema:type:url","content","https:\/\/schema.org\/SportsTeam",""],["meta","name","schema:type:context","content","https:\/\/schema.org",""],["meta","name","schema:type:name","content","SportsTeam",""],["meta","name","schema:type:path","content","schema.org\/SportsTeam",""],["meta","property","article:author:name","content","Pauli Raivio",""],["meta","property","article:reading_mins","content","1",""],["meta","name","twitter:domain","content","tu11.fi",""],["meta","name","twitter:site","content","@taekwondourh",""],["meta","name","twitter:title","content","Taekwondourheilijoiden 1-tason valmentajakoulutus...",""],["meta","name","twitter:description","content","TU11 tarjoaa innostavan ymp&auml;rist&ouml;n harjoitella taekwondoa kaikenik&auml;isille ja -tasoisille, aloittelijoista huippu-urheilijoihin. Valmennus on systemaattista ja valmentajat maamme parhaimmistoa...",""],["meta","name","twitter:card","content","summary_large_image",""],["meta","name","twitter:image","content","https:\/\/tu11.fi\/taekwondo\/wp-content\/uploads\/2020\/08\/IMG_20200816_170655027-scaled-1200x630-cropped.jpg?p=14117",""],["meta","name","thumbnail","content","https:\/\/tu11.fi\/taekwondo\/wp-content\/uploads\/2020\/08\/IMG_20200816_170655027-scaled-1200x630-cropped.jpg",""]]},"_links":{"self":[{"href":"https:\/\/tu11.fi\/taekwondo\/ko\/wp-json\/wp\/v2\/posts\/14117","targetHints":{"allow":["GET"]}}],"collection":[{"href":"https:\/\/tu11.fi\/taekwondo\/ko\/wp-json\/wp\/v2\/posts"}],"about":[{"href":"https:\/\/tu11.fi\/taekwondo\/ko\/wp-json\/wp\/v2\/types\/post"}],"author":[{"embeddable":true,"href":"https:\/\/tu11.fi\/taekwondo\/ko\/wp-json\/wp\/v2\/users\/7"}],"replies":[{"embeddable":true,"href":"https:\/\/tu11.fi\/taekwondo\/ko\/wp-json\/wp\/v2\/comments?post=14117"}],"version-history":[{"count":0,"href":"https:\/\/tu11.fi\/taekwondo\/ko\/wp-json\/wp\/v2\/posts\/14117\/revisions"}],"wp:featuredmedia":[{"embeddable":true,"href":"https:\/\/tu11.fi\/taekwondo\/ko\/wp-json\/wp\/v2\/media\/12879"}],"wp:attachment":[{"href":"https:\/\/tu11.fi\/taekwondo\/ko\/wp-json\/wp\/v2\/media?parent=14117"}],"wp:term":[{"taxonomy":"category","embeddable":true,"href":"https:\/\/tu11.fi\/taekwondo\/ko\/wp-json\/wp\/v2\/categories?post=14117"},{"taxonomy":"post_tag","embeddable":true,"href":"https:\/\/tu11.fi\/taekwondo\/ko\/wp-json\/wp\/v2\/tags?post=14117"}],"curies":[{"name":"wp","href":"https:\/\/api.w.org\/{rel}","templated":true}]}}