{"id":5747,"date":"2015-12-15T12:23:04","date_gmt":"2015-12-15T12:23:04","guid":{"rendered":"http:\/\/tu11.fi.srv.hoste.fi\/taekwondo\/?p=5747"},"modified":"2015-12-15T12:24:13","modified_gmt":"2015-12-15T12:24:13","slug":"%ed%83%9c%ea%b6%8c%eb%8f%84-%ec%84%a0%ec%88%98%eb%93%a4%ec%9d%98-%eb%b4%84-%ed%9b%88%eb%a0%a8-%ec%9d%bc%ec%a0%95","status":"publish","type":"post","link":"https:\/\/tu11.fi\/taekwondo\/ko\/2015\/12\/taekwondourheilijoiden-kevaan-harjoituskalenteri\/","title":{"rendered":"\ud0dc\uad8c\ub3c4 \uc120\uc218\ub4e4\uc758 \ubd04 \ud6c8\ub828 \uc77c\uc815"},"content":{"rendered":"<h1>\ubd04 \uc5f0\uc2b5 \uc2dc\uac04 \uc77c\ubd80 \ubcc0\uacbd<\/h1>\n<p>\uac00\uc744 \uc2dc\uc98c\uc774 \uc544\uc9c1 \ub05d\ub098\uac00\uba74\uc11c \uc6b0\ub9ac\ub294 \uc774\ubbf8 \ubbf8\ub798\ub97c \ubc14\ub77c\ubcf4\uace0 \uc788\uc2b5\ub2c8\ub2e4. \ucf54\ub0a0\ub77c\uc758 \ubd04 \ud6c8\ub828 \uc77c\uc815\uc774 \ud3b8\uc9d1\ub418\uc5c8\uc2b5\ub2c8\ub2e4. \uc6b0\ub9ac \uc2a4\ud3ec\uce20\uc758 \ud2b9\uc131\uc0c1 \uadf8\ub8f9\uc758 \uaddc\ubaa8, \uc5f0\ub839 \ubd84\ud3ec, \ubca8\ud2b8 \ubd84\ud3ec\uac00 \ub04a\uc784\uc5c6\uc774 \uc874\uc7ac\ud558\uae30 \ub54c\ubb38\uc5d0 \uc2dc\uc98c\uc774 \ub05d\ub0a0 \ub54c\ub9c8\ub2e4 \ud6c8\ub828 \uc77c\uc815\uc744 \ub2e4\uc2dc \ud655\uc778\ud574\uc57c \ud569\ub2c8\ub2e4. \uc608\ub97c \ub4e4\uc5b4, \uac00\uc744 \ub3d9\uc548 \ub3d9\uc2dc\uc5d0 \uc5f0\uc2b5\ud558\ub294 \ub450 \uadf8\ub8f9\uc774 \ub108\ubb34 \ucee4\uc838\uc11c \ub450 \uadf8\ub8f9 \ubaa8\ub450\ub97c \uc704\ud55c \uccb4\uc721\uad00\uc774 \uc791\uc544\uc9c0\uae30 \uc2dc\uc791\ud588\uae30 \ub54c\ubb38\uc5d0 \uc774\ub7ec\ud55c \ubcc0\ud654 \uc911 \uc77c\ubd80\uac00 \ubc1c\uc0dd\ud588\uc2b5\ub2c8\ub2e4. \ubc18\uba74\uc5d0 \uc77c\ubd80\ub294 \uac15\uc0ac\uc758 \uc77c\uc815 \ubb38\uc81c\uc5d0 \ubfcc\ub9ac\ub97c \ub450\uace0 \uc788\uc2b5\ub2c8\ub2e4. \uba85\ud655\uc131\uc744 \uc704\ud574 \uc5f4\uc131\ud32c\uc774 \ud2b9\uc815 \uc2dc\uac04\uc5d0 \ud6c8\ub828\ud574\uc57c \ud558\ub294 \uadf8\ub8f9\uc774 \uc544\ub798\uc5d0 \ub098\uc5f4\ub418\uc5b4 \uc788\uc2b5\ub2c8\ub2e4.<\/p>\n<p>&nbsp;<\/p>\n<table>\n<tbody>\n<tr>\n<td width=\"94\"><strong>\uadf8\ub8f9<\/strong><\/td>\n<td width=\"123\"><strong>\uc218\uc900<\/strong><\/td>\n<td width=\"425\"><strong>\uc560\ud638\uac00<\/strong><\/td>\n<\/tr>\n<tr>\n<td width=\"94\">0-3<\/td>\n<td width=\"123\">\uc601\uc720\uc544 \ubc0f \uc720\uc544<\/td>\n<td width=\"425\">\uadf8\ub8f9 \uc790\uccb4 \ud398\uc774\uc9c0\uc5d0\uc11c \uc790\uc138\ud55c \uc124\uba85\uc744 \ud655\uc778\ud558\uc138\uc694.<\/td>\n<\/tr>\n<tr>\n<td rowspan=\"2\" width=\"94\">3-6<\/td>\n<td width=\"123\">\ucd08\ubcf4<\/td>\n<td width=\"425\">\ucd08\ubcf4\uc790, \uc6d0\uc2ac\ub9ac\ube0c \ub77c\ubca8 \uc18c\uc720\uc790<\/td>\n<\/tr>\n<tr>\n<td width=\"123\">\uacc4\uc18d<\/td>\n<td width=\"425\">\uc18c\ub9e4 \ubc30\uc9c0 2\uac1c, \ub178\ub780\uc0c9 \ubca8\ud2b8\ubd80\ud130 \uc704\ucabd<\/td>\n<\/tr>\n<tr>\n<td rowspan=\"3\" width=\"94\">7-14<\/td>\n<td width=\"123\">\ucd08\ubcf4<\/td>\n<td width=\"425\">\ud770\uc0c9\uacfc \ub178\ub780\uc0c9 \ubca8\ud2b8<\/td>\n<\/tr>\n<tr>\n<td width=\"123\">\uacc4\uc18d<\/td>\n<td width=\"425\">\ud558\ub098 \ub610\ub294 \ub450 \uac1c\uc758 \ub179\uc0c9 \ub9ac\ubcf8\uc774 \ub2ec\ub9b0 \ub178\ub780\uc0c9 \ubca8\ud2b8<\/td>\n<\/tr>\n<tr>\n<td width=\"123\">\uace0\uae09\uc758<\/td>\n<td width=\"425\">\uadf8\ub9b0\ubca8\ud2b8\uc640 \ub354 \ub192\uc740 \ubca8\ud2b8 \uac00\uce58<\/td>\n<\/tr>\n<tr>\n<td rowspan=\"3\" width=\"94\">14+<\/td>\n<td width=\"123\">\ucd08\ubcf4<\/td>\n<td width=\"425\">\ud770\uc0c9\uacfc \ub178\ub780\uc0c9 \ubca8\ud2b8<\/td>\n<\/tr>\n<tr>\n<td width=\"123\">\uacc4\uc18d<\/td>\n<td width=\"425\">\ub179\uc0c9 \ubc0f \ud30c\ub780\uc0c9 \ubca8\ud2b8<\/td>\n<\/tr>\n<tr>\n<td width=\"123\">\uace0\uae09\uc758<\/td>\n<td width=\"425\">\ube68\uac04\uc0c9\uacfc \uac80\uc740\uc0c9 \ubca8\ud2b8<\/td>\n<\/tr>\n<tr>\n<td rowspan=\"2\" width=\"94\">\uc131\ub0e5<\/td>\n<td width=\"123\">\ubaa8\ub450<\/td>\n<td width=\"425\">\ub178\ub780\uc0c9 \uc774\uc0c1\ubd80\ud130 \uacbd\uae30\uc5d0 \uad00\uc2ec\uc774 \uc788\ub294 \ubaa8\ub4e0 \ubd84<\/td>\n<\/tr>\n<tr>\n<td width=\"123\">\uc5d8\ub9ac\ud2b8<\/td>\n<td width=\"425\">\uad6d\uc81c\uc801 \uc131\uacf5\uc744 \uc704\ud574 \ub178\ub825\ud558\ub294 \uacbd\uc7c1\ub825 \uc788\ub294 \ud300<\/td>\n<\/tr>\n<tr>\n<td rowspan=\"2\" width=\"94\">\ube44\uc988\ub2c8\uc2a4 \uc2dc\ub9ac\uc988<\/td>\n<td width=\"123\">\ubc84\ud504<\/td>\n<td width=\"425\">\ub3d9\uc791 \uc2dc\ud000\uc2a4 \uc5f0\uc2b5\uc5d0 \uad00\uc2ec\uc774 \uc788\ub294 \ubaa8\ub4e0 \ubd84<\/td>\n<\/tr>\n<tr>\n<td width=\"123\">\uc778\uc885 \uadf8\ub8f9<\/td>\n<td width=\"425\">\ube44\uc988\ub2c8\uc2a4 \uc2dc\ub9ac\uc988 \ub300\ud68c\uc5d0\ub294 \ub9e4\ub2c8\uc544\uc640 \uc6b4\ub3d9\uc120\uc218\uac00 \ucc38\uac00\ud569\ub2c8\ub2e4.<\/td>\n<\/tr>\n<\/tbody>\n<\/table>\n<h2><a style=\"font-size: 12px; font-weight: normal; line-height: 18px;\" href=\"http:\/\/tu11.fi.srv.hoste.fi\/taekwondo\/wp-content\/uploads\/2015\/12\/Aikataulu_kev\u00e4t2016.png\"><img decoding=\"async\" class=\"alignleft wp-image-5748 size-large\" src=\"http:\/\/tu11.fi.srv.hoste.fi\/taekwondo\/wp-content\/uploads\/2015\/12\/Aikataulu_kev\u00e4t2016-1024x587.png\" alt=\"\uc77c\uc815_spring2016\" width=\"1024\" height=\"587\" srcset=\"https:\/\/tu11.fi\/taekwondo\/wp-content\/uploads\/2015\/12\/Aikataulu_kev\u00e4t2016-1024x587.png 1024w, https:\/\/tu11.fi\/taekwondo\/wp-content\/uploads\/2015\/12\/Aikataulu_kev\u00e4t2016-300x172.png 300w, https:\/\/tu11.fi\/taekwondo\/wp-content\/uploads\/2015\/12\/Aikataulu_kev\u00e4t2016-uai-150x86.png 150w, https:\/\/tu11.fi\/taekwondo\/wp-content\/uploads\/2015\/12\/Aikataulu_kev\u00e4t2016-uai-828x475.png 828w, https:\/\/tu11.fi\/taekwondo\/wp-content\/uploads\/2015\/12\/Aikataulu_kev\u00e4t2016-uai-375x215.png 375w, https:\/\/tu11.fi\/taekwondo\/wp-content\/uploads\/2015\/12\/Aikataulu_kev\u00e4t2016-1200x688.png 1200w, https:\/\/tu11.fi\/taekwondo\/wp-content\/uploads\/2015\/12\/Aikataulu_kev\u00e4t2016-uai-750x430.png 750w, https:\/\/tu11.fi\/taekwondo\/wp-content\/uploads\/2015\/12\/Aikataulu_kev\u00e4t2016-uai-516x296.png 516w, https:\/\/tu11.fi\/taekwondo\/wp-content\/uploads\/2015\/12\/Aikataulu_kev\u00e4t2016.png 1201w\" sizes=\"(max-width: 1024px) 100vw, 1024px\" \/><\/a>\ubd04 \uc5f0\uc2b5 \uc2dc\uac04<\/h2>","protected":false},"excerpt":{"rendered":"<p>\ubd04 \ud6c8\ub828 \uc2dc\uac04\uc5d0 \ub300\ud55c \uc77c\ubd80 \ubcc0\uacbd \uc0ac\ud56d \uac00\uc744 \uc2dc\uc98c\uc774 \uc544\uc9c1 \ub05d\ub098\uc9c0 \uc54a\uc544 \uc6b0\ub9ac\ub294 \uc774\ubbf8 \ubbf8\ub798\ub97c \ubc14\ub77c\ubcf4\uace0 \uc788\uc2b5\ub2c8\ub2e4. \ucf54\ub0a0\ub77c\uc758 \ubd04 \ud6c8\ub828 \uc77c\uc815\uc774 \ud3b8\uc9d1\ub418\uc5c8\uc2b5\ub2c8\ub2e4. \uc6b0\ub9ac \uc2a4\ud3ec\uce20\uc758 \ud2b9\uc131\uc0c1 \uadf8\ub8f9\uc758 \uaddc\ubaa8, \uc5f0\ub839 \ubd84\ud3ec, \ubca8\ud2b8 \ubd84\ud3ec\uac00 \ub04a\uc784\uc5c6\uc774 \uc874\uc7ac\ud558\uae30 \ub54c\ubb38\uc5d0 \uc2dc\uc98c\uc774 \ub05d\ub0a0 \ub54c\ub9c8\ub2e4 \ud6c8\ub828 \uc77c\uc815\uc744 \ub2e4\uc2dc \ud655\uc778\ud574\uc57c \ud569\ub2c8\ub2e4. \uc608\ub97c \ub4e4\uc5b4, \uc77c\ubd80 \ubcc0\ud654\ub294 \uac00\uc744 \ub3d9\uc548 \ub3d9\uc2dc\uc5d0 \uc5f0\uc2b5\ud558\ub294 \ub450 \uadf8\ub8f9\uc774 \ub108\ubb34 \ucee4\uc838\uc11c...<\/p>","protected":false},"author":2,"featured_media":5748,"comment_status":"closed","ping_status":"closed","sticky":false,"template":"templates\/template-cover.php","format":"standard","meta":{"footnotes":""},"categories":[4,5,438,1],"tags":[55,8,53,12,57,49,50,39,42,14,7,23,22,15],"class_list":["post-5747","post","type-post","status-publish","format-standard","has-post-thumbnail","hentry","category-etusivu","category-slider","category-uutiskirje","category-yleinen","tag-harrastus","tag-helsinki","tag-juniori","tag-juniorit","tag-junnut","tag-kilpailu","tag-kilpailut","tag-kisa","tag-kukkiwon","tag-ottelu","tag-taekwondo","tag-taekwondourheilijat-2011","tag-tu11","tag-wtf"],"yoast_head":"<!-- This site is optimized with the Yoast SEO plugin v27.4 - https:\/\/yoast.com\/product\/yoast-seo-wordpress\/ -->\n<title>Taekwondourheilijoiden kev\u00e4\u00e4n harjoituskalenteri - Taekwondourheilijat 2011 | Taekwondoa parhaassa seurassa | Helsinki | Espoo | Vantaa<\/title>\n<meta name=\"description\" content=\"TU11 tarjoaa innostavan ymp\u00e4rist\u00f6n harjoitella taekwondoa kaikenik\u00e4isille ja -tasoisille, aloittelijoista huippu-urheilijoihin. Valmennus on systemaattista ja valmentajat maamme parhaimmistoa. Aloita taekwondo nyt!\" \/>\n<meta name=\"robots\" content=\"index, follow, max-snippet:-1, max-image-preview:large, max-video-preview:-1\" \/>\n<link rel=\"canonical\" href=\"http:\/\/tu11.fi\/taekwondo\/ko\/2015\/12urheilijoiden-kevaan-harjoituskalenteri\/\" \/>\n<script type=\"application\/ld+json\" class=\"yoast-schema-graph\">{\"@context\":\"https:\\\/\\\/schema.org\",\"@graph\":[]}<\/script>\n<!-- \/ Yoast SEO plugin. -->","yoast_head_json":{"title":"Taekwondourheilijoiden kev\u00e4\u00e4n harjoituskalenteri - Taekwondourheilijat 2011 | Taekwondoa parhaassa seurassa | Helsinki | Espoo | Vantaa","description":"TU11\uc740 \ucd08\ubcf4\uc790\ubd80\ud130 \uc5d8\ub9ac\ud2b8 \uc120\uc218\uae4c\uc9c0 \ubaa8\ub4e0 \uc5f0\ub839\uacfc \uc218\uc900\uc758 \ud0dc\uad8c\ub3c4\ub97c \uc5f0\uc2b5\ud560 \uc218 \uc788\ub294 \uc601\uac10\uc744 \uc8fc\ub294 \ud658\uacbd\uc744 \uc81c\uacf5\ud569\ub2c8\ub2e4. \ud6c8\ub828\uc740 \uccb4\uacc4\uc801\uc774\uba70 \ucf54\uce58\uc9c4\uc740 \uc6b0\ub9ac\ub098\ub77c \ucd5c\uace0 \uc218\uc900\uc774\ub2e4. \uc9c0\uae08\ubd80\ud130 \ud0dc\uad8c\ub3c4\ub97c \uc2dc\uc791\ud574 \ubcf4\uc138\uc694!","robots":{"index":"index","follow":"follow","max-snippet":"max-snippet:-1","max-image-preview":"max-image-preview:large","max-video-preview":"max-video-preview:-1"},"canonical":"http:\/\/tu11.fi\/taekwondo\/ko\/2015\/12urheilijoiden-kevaan-harjoituskalenteri\/","schema":{"@context":"https:\/\/schema.org","@graph":[]}},"amp_enabled":true,"head":{"html":["<meta name=\"wpsso-begin\" content=\"wpsso structured data begin\"\/>\n","<!-- generator:1 --><meta name=\"generator\" content=\"WPSSO Core 21.13.2\/L*\"\/>\n","<!-- generator:2 --><meta name=\"generator\" content=\"WPSSO RAR 3.3.0\/S\"\/>\n","<!-- generator:3 --><meta name=\"generator\" content=\"WPSSO REST 3.3.0\/S\"\/>\n","<!-- generator:4 --><meta name=\"generator\" content=\"WPSSO BC 5.5.0\/S\"\/>\n","<!-- generator:5 --><meta name=\"generator\" content=\"WPSSO FAQ 7.1.0\/S\"\/>\n","<!-- generator:6 --><meta name=\"generator\" content=\"WPSSO OPM 5.1.0\/S\"\/>\n","<!-- generator:7 --><meta name=\"generator\" content=\"WPSSO SSM 3.4.0\/S\"\/>\n","<!-- generator:8 --><meta name=\"generator\" content=\"WPSSO TIE 4.1.0\/S\"\/>\n","<!-- generator:9 --><meta name=\"generator\" content=\"WPSSO UM 7.3.0\/S\"\/>\n","<!-- generator:10 --><meta name=\"generator\" content=\"WPSSO UL 4.3.0\/S\"\/>\n","<link rel=\"shortlink\" href=\"https:\/\/tu11.fi\/taekwondo\/ko\/?p=5747\"\/>\n","<meta property=\"fb:app_id\" content=\"966242223397117\"\/>\n","<meta property=\"og:type\" content=\"article\"\/>\n","<meta property=\"og:url\" content=\"https:\/\/tu11.fi\/taekwondo\/ko\/2015\/12\/taekwondourheilijoiden-kevaan-harjoituskalenteri\/\"\/>\n","<meta property=\"og:locale\" content=\"ko_KR\"\/>\n","<meta property=\"og:site_name\" content=\"Taekwondourheilijat 2011 | Taekwondoa parhaassa seurassa | Helsinki | Espoo | Vantaa\"\/>\n","<meta property=\"og:title\" content=\"Taekwondourheilijoiden kev&auml;&auml;n harjoituskalenteri  &ndash;...\"\/>\n","<meta property=\"og:description\" content=\"TU11 tarjoaa innostavan ymp&auml;rist&ouml;n harjoitella taekwondoa kaikenik&auml;isille ja -tasoisille, aloittelijoista huippu-urheilijoihin. Valmennus on systemaattista ja valmentajat maamme parhaimmistoa. Aloita taekwondo nyt!\"\/>\n","<meta property=\"og:updated_time\" content=\"2015-12-15T12:24:13+00:00\"\/>\n","<!-- og:image:1 --><meta property=\"og:image\" content=\"https:\/\/tu11.fi\/taekwondo\/wp-content\/uploads\/2015\/12\/Aikataulu_kev%C3%A4t2016-1200x630-cropped.png\"\/>\n","<!-- og:image:1 --><meta property=\"og:image:width\" content=\"1200\"\/>\n","<!-- og:image:1 --><meta property=\"og:image:height\" content=\"630\"\/>\n","<meta property=\"article:section\" content=\"Sport\"\/>\n","<meta property=\"article:publisher\" content=\"https:\/\/www.facebook.com\/TU11\"\/>\n","<!-- article:tag:1 --><meta property=\"article:tag\" content=\"harrastus\"\/>\n","<!-- article:tag:2 --><meta property=\"article:tag\" content=\"helsinki\"\/>\n","<!-- article:tag:3 --><meta property=\"article:tag\" content=\"juniori\"\/>\n","<!-- article:tag:4 --><meta property=\"article:tag\" content=\"juniorit\"\/>\n","<!-- article:tag:5 --><meta property=\"article:tag\" content=\"junnut\"\/>\n","<!-- article:tag:6 --><meta property=\"article:tag\" content=\"kilpailu\"\/>\n","<!-- article:tag:7 --><meta property=\"article:tag\" content=\"kilpailut\"\/>\n","<!-- article:tag:8 --><meta property=\"article:tag\" content=\"kisa\"\/>\n","<!-- article:tag:9 --><meta property=\"article:tag\" content=\"kukkiwon\"\/>\n","<!-- article:tag:10 --><meta property=\"article:tag\" content=\"ottelu\"\/>\n","<!-- article:tag:11 --><meta property=\"article:tag\" content=\"taekwondo\"\/>\n","<!-- article:tag:12 --><meta property=\"article:tag\" content=\"taekwondourheilijat 2011\"\/>\n","<!-- article:tag:13 --><meta property=\"article:tag\" content=\"tu11\"\/>\n","<!-- article:tag:14 --><meta property=\"article:tag\" content=\"wtf\"\/>\n","<meta property=\"article:published_time\" content=\"2015-12-15T12:23:04+00:00\"\/>\n","<meta property=\"article:modified_time\" content=\"2015-12-15T12:24:13+00:00\"\/>\n","<meta name=\"twitter:domain\" content=\"tu11.fi\"\/>\n","<meta name=\"twitter:site\" content=\"@taekwondourh\"\/>\n","<meta name=\"twitter:title\" content=\"Taekwondourheilijoiden kev&auml;&auml;n harjoituskalenteri  &ndash;...\"\/>\n","<meta name=\"twitter:description\" content=\"TU11 tarjoaa innostavan ymp&auml;rist&ouml;n harjoitella taekwondoa kaikenik&auml;isille ja -tasoisille, aloittelijoista huippu-urheilijoihin. Valmennus on systemaattista ja valmentajat maamme parhaimmistoa...\"\/>\n","<meta name=\"twitter:card\" content=\"summary_large_image\"\/>\n","<meta name=\"twitter:image\" content=\"https:\/\/tu11.fi\/taekwondo\/wp-content\/uploads\/2015\/12\/Aikataulu_kev%C3%A4t2016-1200x630-cropped.png?p=5747\"\/>\n","<meta name=\"twitter:label1\" content=\"Written by\"\/>\n","<meta name=\"twitter:data1\" content=\"Sampo Pajulampi\"\/>\n","<meta name=\"twitter:label2\" content=\"Est. reading time\"\/>\n","<meta name=\"twitter:data2\" content=\"1 minute\"\/>\n","<meta name=\"author\" content=\"Sampo Pajulampi\"\/>\n","<meta name=\"thumbnail\" content=\"https:\/\/tu11.fi\/taekwondo\/wp-content\/uploads\/2015\/12\/Aikataulu_kev&auml;t2016-1200x630-cropped.png\"\/>\n","<script type=\"application\/ld+json\" id=\"wpsso-schema-graph\">{\n    \"@context\": \"https:\/\/schema.org\",\n    \"@graph\": [\n        {\n            \"@id\": \"#sso\/knowledge-graph\/sports-team\/5747\",\n            \"@context\": \"https:\/\/schema.org\",\n            \"@type\": \"SportsTeam\",\n            \"mainEntityOfPage\": \"https:\/\/tu11.fi\/taekwondo\/ko\/2015\/12\/taekwondourheilijoiden-kevaan-harjoituskalenteri\/\",\n            \"url\": \"https:\/\/tu11.fi\/taekwondo\/ko\/2015\/12\/taekwondourheilijoiden-kevaan-harjoituskalenteri\/\",\n            \"sameAs\": [\n                \"https:\/\/tu11.fi\/taekwondo\/ko\/?p=5747\"\n            ],\n            \"name\": \"Taekwondourheilijoiden kev&auml;&auml;n harjoituskalenteri  &ndash;...\",\n            \"alternateName\": \"Taekwondourheilijoiden kev&auml;&auml;n harjoituskalenteri  &ndash; Taekwondourheilijat 2011 | Taekwondoa parhaassa...\",\n            \"description\": \"TU11 tarjoaa innostavan ymp&auml;rist&ouml;n harjoitella taekwondoa kaikenik&auml;isille ja -tasoisille, aloittelijoista huippu-urheilijoihin. Valmennus on systemaattista ja valmentajat maamme parhaimmistoa. Aloita taekwondo nyt!\",\n            \"image\": [\n                {\n                    \"@id\": \"https:\/\/tu11.fi\/taekwondo\/wp-content\/uploads\/2023\/04\/petteri_tu11-kopio-5-1200x1200-cropped.jpg#sso\/image-object\"\n                },\n                {\n                    \"@id\": \"https:\/\/tu11.fi\/taekwondo\/wp-content\/uploads\/2015\/12\/Aikataulu_kev%C3%A4t2016-1200x900-cropped.png#sso\/image-object\"\n                },\n                {\n                    \"@id\": \"https:\/\/tu11.fi\/taekwondo\/wp-content\/uploads\/2015\/12\/Aikataulu_kev%C3%A4t2016-1200x675-cropped.png#sso\/image-object\"\n                },\n                {\n                    \"@id\": \"https:\/\/tu11.fi\/taekwondo\/wp-content\/uploads\/2015\/12\/Aikataulu_kev%C3%A4t2016-1200x630-cropped.png#sso\/image-object\"\n                }\n            ]\n        },\n        {\n            \"@id\": \"https:\/\/tu11.fi\/taekwondo\/wp-content\/uploads\/2023\/04\/petteri_tu11-kopio-5-1200x1200-cropped.jpg#sso\/image-object\",\n            \"@context\": \"https:\/\/schema.org\",\n            \"@type\": \"ImageObject\",\n            \"url\": \"https:\/\/tu11.fi\/taekwondo\/wp-content\/uploads\/2023\/04\/petteri_tu11-kopio-5-1200x1200-cropped.jpg\",\n            \"identifier\": \"14771-wpsso-schema-1x1\",\n            \"name\": \"petteri_tu11-kopio-5  &ndash; Taekwondourheilijat 2011 | Taekwondoa...\",\n            \"alternateName\": \"petteri_tu11-kopio-5  &ndash; Taekwondourheilijat 2011 | Taekwondoa parhaassa seurassa | Helsinki | Espoo | Vantaa\",\n            \"description\": \"No Description.\",\n            \"encodingFormat\": \"image\/jpeg\",\n            \"uploadDate\": \"2023-09-22T07:10:24+00:00\",\n            \"width\": [\n                {\n                    \"@id\": \"#sso\/qv-width-px-1200\"\n                }\n            ],\n            \"height\": [\n                {\n                    \"@id\": \"#sso\/qv-height-px-1200\"\n                }\n            ]\n        },\n        {\n            \"@id\": \"#sso\/qv-width-px-1200\",\n            \"@context\": \"https:\/\/schema.org\",\n            \"@type\": \"QuantitativeValue\",\n            \"name\": \"Width\",\n            \"unitText\": \"px\",\n            \"unitCode\": \"E37\",\n            \"value\": \"1200\"\n        },\n        {\n            \"@id\": \"#sso\/qv-height-px-1200\",\n            \"@context\": \"https:\/\/schema.org\",\n            \"@type\": \"QuantitativeValue\",\n            \"name\": \"Height\",\n            \"unitText\": \"px\",\n            \"unitCode\": \"E37\",\n            \"value\": \"1200\"\n        },\n        {\n            \"@id\": \"https:\/\/tu11.fi\/taekwondo\/wp-content\/uploads\/2015\/12\/Aikataulu_kev%C3%A4t2016-1200x900-cropped.png#sso\/image-object\",\n            \"@context\": \"https:\/\/schema.org\",\n            \"@type\": \"ImageObject\",\n            \"url\": \"https:\/\/tu11.fi\/taekwondo\/wp-content\/uploads\/2015\/12\/Aikataulu_kev%C3%A4t2016-1200x900-cropped.png\",\n            \"identifier\": \"5748-wpsso-schema-4x3\",\n            \"name\": \"Aikataulu_kev&auml;t2016  &ndash; Taekwondourheilijat 2011 | Taekwondoa...\",\n            \"alternateName\": \"Aikataulu_kev&auml;t2016  &ndash; Taekwondourheilijat 2011 | Taekwondoa parhaassa seurassa | Helsinki | Espoo | Vantaa\",\n            \"description\": \"No Description.\",\n            \"encodingFormat\": \"image\/png\",\n            \"uploadDate\": \"2015-12-15T12:00:00+00:00\",\n            \"width\": [\n                {\n                    \"@id\": \"#sso\/qv-width-px-1200\"\n                }\n            ],\n            \"height\": [\n                {\n                    \"@id\": \"#sso\/qv-height-px-900\"\n                }\n            ]\n        },\n        {\n            \"@id\": \"#sso\/qv-height-px-900\",\n            \"@context\": \"https:\/\/schema.org\",\n            \"@type\": \"QuantitativeValue\",\n            \"name\": \"Height\",\n            \"unitText\": \"px\",\n            \"unitCode\": \"E37\",\n            \"value\": \"900\"\n        },\n        {\n            \"@id\": \"https:\/\/tu11.fi\/taekwondo\/wp-content\/uploads\/2015\/12\/Aikataulu_kev%C3%A4t2016-1200x675-cropped.png#sso\/image-object\",\n            \"@context\": \"https:\/\/schema.org\",\n            \"@type\": \"ImageObject\",\n            \"url\": \"https:\/\/tu11.fi\/taekwondo\/wp-content\/uploads\/2015\/12\/Aikataulu_kev%C3%A4t2016-1200x675-cropped.png\",\n            \"identifier\": \"5748-wpsso-schema-16x9\",\n            \"name\": \"Aikataulu_kev&auml;t2016  &ndash; Taekwondourheilijat 2011 | Taekwondoa...\",\n            \"alternateName\": \"Aikataulu_kev&auml;t2016  &ndash; Taekwondourheilijat 2011 | Taekwondoa parhaassa seurassa | Helsinki | Espoo | Vantaa\",\n            \"description\": \"No Description.\",\n            \"encodingFormat\": \"image\/png\",\n            \"uploadDate\": \"2015-12-15T12:00:00+00:00\",\n            \"width\": [\n                {\n                    \"@id\": \"#sso\/qv-width-px-1200\"\n                }\n            ],\n            \"height\": [\n                {\n                    \"@id\": \"#sso\/qv-height-px-675\"\n                }\n            ]\n        },\n        {\n            \"@id\": \"#sso\/qv-height-px-675\",\n            \"@context\": \"https:\/\/schema.org\",\n            \"@type\": \"QuantitativeValue\",\n            \"name\": \"Height\",\n            \"unitText\": \"px\",\n            \"unitCode\": \"E37\",\n            \"value\": \"675\"\n        },\n        {\n            \"@id\": \"https:\/\/tu11.fi\/taekwondo\/wp-content\/uploads\/2015\/12\/Aikataulu_kev%C3%A4t2016-1200x630-cropped.png#sso\/image-object\",\n            \"@context\": \"https:\/\/schema.org\",\n            \"@type\": \"ImageObject\",\n            \"url\": \"https:\/\/tu11.fi\/taekwondo\/wp-content\/uploads\/2015\/12\/Aikataulu_kev%C3%A4t2016-1200x630-cropped.png\",\n            \"identifier\": \"5748-wpsso-thumbnail\",\n            \"name\": \"Aikataulu_kev&auml;t2016  &ndash; Taekwondourheilijat 2011 | Taekwondoa...\",\n            \"alternateName\": \"Aikataulu_kev&auml;t2016  &ndash; Taekwondourheilijat 2011 | Taekwondoa parhaassa seurassa | Helsinki | Espoo | Vantaa\",\n            \"description\": \"No Description.\",\n            \"encodingFormat\": \"image\/png\",\n            \"uploadDate\": \"2015-12-15T12:00:00+00:00\",\n            \"width\": [\n                {\n                    \"@id\": \"#sso\/qv-width-px-1200\"\n                }\n            ],\n            \"height\": [\n                {\n                    \"@id\": \"#sso\/qv-height-px-630\"\n                }\n            ]\n        },\n        {\n            \"@id\": \"#sso\/qv-height-px-630\",\n            \"@context\": \"https:\/\/schema.org\",\n            \"@type\": \"QuantitativeValue\",\n            \"name\": \"Height\",\n            \"unitText\": \"px\",\n            \"unitCode\": \"E37\",\n            \"value\": \"630\"\n        },\n        {\n            \"@id\": \"\/2015\/12\/taekwondourheilijoiden-kevaan-harjoituskalenteri\/#sso\/breadcrumb.list\/etusivu\",\n            \"@context\": \"https:\/\/schema.org\",\n            \"@type\": \"BreadcrumbList\",\n            \"url\": \"https:\/\/tu11.fi\/taekwondo\/ko\/2015\/12\/taekwondourheilijoiden-kevaan-harjoituskalenteri\/\",\n            \"itemListElement\": [\n                {\n                    \"@context\": \"https:\/\/schema.org\",\n                    \"@type\": \"ListItem\",\n                    \"position\": 1,\n                    \"name\": \"Home\",\n                    \"item\": \"https:\/\/tu11.fi\/taekwondo\/ko\/\"\n                },\n                {\n                    \"@context\": \"https:\/\/schema.org\",\n                    \"@type\": \"ListItem\",\n                    \"position\": 2,\n                    \"name\": \"Blog\",\n                    \"item\": \"https:\/\/tu11.fi\/taekwondo\/\"\n                },\n                {\n                    \"@context\": \"https:\/\/schema.org\",\n                    \"@type\": \"ListItem\",\n                    \"position\": 3,\n                    \"name\": \"Etusivu Archives   Taekwondourheilijat 2011 | Taekwondoa parhaassa...\",\n                    \"item\": \"https:\/\/tu11.fi\/taekwondo\/ko\/category\/etusivu\/\"\n                },\n                {\n                    \"@context\": \"https:\/\/schema.org\",\n                    \"@type\": \"ListItem\",\n                    \"position\": 4,\n                    \"name\": \"Taekwondourheilijoiden kev&auml;&auml;n harjoituskalenteri...\",\n                    \"item\": \"https:\/\/tu11.fi\/taekwondo\/ko\/2015\/12\/taekwondourheilijoiden-kevaan-harjoituskalenteri\/\"\n                }\n            ]\n        },\n        {\n            \"@id\": \"\/2015\/12\/taekwondourheilijoiden-kevaan-harjoituskalenteri\/#sso\/breadcrumb.list\/slider\",\n            \"@context\": \"https:\/\/schema.org\",\n            \"@type\": \"BreadcrumbList\",\n            \"url\": \"https:\/\/tu11.fi\/taekwondo\/ko\/2015\/12\/taekwondourheilijoiden-kevaan-harjoituskalenteri\/\",\n            \"itemListElement\": [\n                {\n                    \"@context\": \"https:\/\/schema.org\",\n                    \"@type\": \"ListItem\",\n                    \"position\": 1,\n                    \"name\": \"Home\",\n                    \"item\": \"https:\/\/tu11.fi\/taekwondo\/ko\/\"\n                },\n                {\n                    \"@context\": \"https:\/\/schema.org\",\n                    \"@type\": \"ListItem\",\n                    \"position\": 2,\n                    \"name\": \"Blog\",\n                    \"item\": \"https:\/\/tu11.fi\/taekwondo\/\"\n                },\n                {\n                    \"@context\": \"https:\/\/schema.org\",\n                    \"@type\": \"ListItem\",\n                    \"position\": 3,\n                    \"name\": \"slider Archives   Taekwondourheilijat 2011 | Taekwondoa parhaassa...\",\n                    \"item\": \"https:\/\/tu11.fi\/taekwondo\/ko\/category\/slider\/\"\n                },\n                {\n                    \"@context\": \"https:\/\/schema.org\",\n                    \"@type\": \"ListItem\",\n                    \"position\": 4,\n                    \"name\": \"Taekwondourheilijoiden kev&auml;&auml;n harjoituskalenteri...\",\n                    \"item\": \"https:\/\/tu11.fi\/taekwondo\/ko\/2015\/12\/taekwondourheilijoiden-kevaan-harjoituskalenteri\/\"\n                }\n            ]\n        },\n        {\n            \"@id\": \"\/2015\/12\/taekwondourheilijoiden-kevaan-harjoituskalenteri\/#sso\/breadcrumb.list\/uutiskirje\",\n            \"@context\": \"https:\/\/schema.org\",\n            \"@type\": \"BreadcrumbList\",\n            \"url\": \"https:\/\/tu11.fi\/taekwondo\/ko\/2015\/12\/taekwondourheilijoiden-kevaan-harjoituskalenteri\/\",\n            \"itemListElement\": [\n                {\n                    \"@context\": \"https:\/\/schema.org\",\n                    \"@type\": \"ListItem\",\n                    \"position\": 1,\n                    \"name\": \"Home\",\n                    \"item\": \"https:\/\/tu11.fi\/taekwondo\/ko\/\"\n                },\n                {\n                    \"@context\": \"https:\/\/schema.org\",\n                    \"@type\": \"ListItem\",\n                    \"position\": 2,\n                    \"name\": \"Blog\",\n                    \"item\": \"https:\/\/tu11.fi\/taekwondo\/\"\n                },\n                {\n                    \"@context\": \"https:\/\/schema.org\",\n                    \"@type\": \"ListItem\",\n                    \"position\": 3,\n                    \"name\": \"Uutiskirje Archives   Taekwondourheilijat 2011 | Taekwondoa...\",\n                    \"item\": \"https:\/\/tu11.fi\/taekwondo\/ko\/category\/uutiskirje\/\"\n                },\n                {\n                    \"@context\": \"https:\/\/schema.org\",\n                    \"@type\": \"ListItem\",\n                    \"position\": 4,\n                    \"name\": \"Taekwondourheilijoiden kev&auml;&auml;n harjoituskalenteri...\",\n                    \"item\": \"https:\/\/tu11.fi\/taekwondo\/ko\/2015\/12\/taekwondourheilijoiden-kevaan-harjoituskalenteri\/\"\n                }\n            ]\n        },\n        {\n            \"@id\": \"\/2015\/12\/taekwondourheilijoiden-kevaan-harjoituskalenteri\/#sso\/breadcrumb.list\/yleinen\",\n            \"@context\": \"https:\/\/schema.org\",\n            \"@type\": \"BreadcrumbList\",\n            \"url\": \"https:\/\/tu11.fi\/taekwondo\/ko\/2015\/12\/taekwondourheilijoiden-kevaan-harjoituskalenteri\/\",\n            \"itemListElement\": [\n                {\n                    \"@context\": \"https:\/\/schema.org\",\n                    \"@type\": \"ListItem\",\n                    \"position\": 1,\n                    \"name\": \"Home\",\n                    \"item\": \"https:\/\/tu11.fi\/taekwondo\/ko\/\"\n                },\n                {\n                    \"@context\": \"https:\/\/schema.org\",\n                    \"@type\": \"ListItem\",\n                    \"position\": 2,\n                    \"name\": \"Blog\",\n                    \"item\": \"https:\/\/tu11.fi\/taekwondo\/\"\n                },\n                {\n                    \"@context\": \"https:\/\/schema.org\",\n                    \"@type\": \"ListItem\",\n                    \"position\": 3,\n                    \"name\": \"Yleinen Archives   Taekwondourheilijat 2011 | Taekwondoa parhaassa...\",\n                    \"item\": \"https:\/\/tu11.fi\/taekwondo\/ko\/category\/yleinen\/\"\n                },\n                {\n                    \"@context\": \"https:\/\/schema.org\",\n                    \"@type\": \"ListItem\",\n                    \"position\": 4,\n                    \"name\": \"Taekwondourheilijoiden kev&auml;&auml;n harjoituskalenteri...\",\n                    \"item\": \"https:\/\/tu11.fi\/taekwondo\/ko\/2015\/12\/taekwondourheilijoiden-kevaan-harjoituskalenteri\/\"\n                }\n            ]\n        }\n    ]\n}<\/script>\n","<meta name=\"wpsso-end\" content=\"wpsso structured data end\"\/>\n","<meta name=\"wpsso-cached\" content=\"no cache for tu11.fi\/taekwondo\"\/>\n"],"json":[{"@context":"https:\/\/schema.org","@graph":[{"@id":"#sso\/knowledge-graph\/sports-team\/5747","@context":"https:\/\/schema.org","@type":"SportsTeam","mainEntityOfPage":"https:\/\/tu11.fi\/taekwondo\/ko\/2015\/12\/taekwondourheilijoiden-kevaan-harjoituskalenteri\/","url":"https:\/\/tu11.fi\/taekwondo\/ko\/2015\/12\/taekwondourheilijoiden-kevaan-harjoituskalenteri\/","sameAs":["https:\/\/tu11.fi\/taekwondo\/ko\/?p=5747"],"name":"Taekwondourheilijoiden kev&auml;&auml;n harjoituskalenteri  &ndash;...","alternateName":"Taekwondourheilijoiden kev&auml;&auml;n harjoituskalenteri  &ndash; Taekwondourheilijat 2011 | Taekwondoa parhaassa...","description":"TU11 tarjoaa innostavan ymp&auml;rist&ouml;n harjoitella taekwondoa kaikenik&auml;isille ja -tasoisille, aloittelijoista huippu-urheilijoihin. Valmennus on systemaattista ja valmentajat maamme parhaimmistoa. Aloita taekwondo nyt!","image":[{"@id":"https:\/\/tu11.fi\/taekwondo\/wp-content\/uploads\/2023\/04\/petteri_tu11-kopio-5-1200x1200-cropped.jpg#sso\/image-object"},{"@id":"https:\/\/tu11.fi\/taekwondo\/wp-content\/uploads\/2015\/12\/Aikataulu_kev%C3%A4t2016-1200x900-cropped.png#sso\/image-object"},{"@id":"https:\/\/tu11.fi\/taekwondo\/wp-content\/uploads\/2015\/12\/Aikataulu_kev%C3%A4t2016-1200x675-cropped.png#sso\/image-object"},{"@id":"https:\/\/tu11.fi\/taekwondo\/wp-content\/uploads\/2015\/12\/Aikataulu_kev%C3%A4t2016-1200x630-cropped.png#sso\/image-object"}]},{"@id":"https:\/\/tu11.fi\/taekwondo\/wp-content\/uploads\/2023\/04\/petteri_tu11-kopio-5-1200x1200-cropped.jpg#sso\/image-object","@context":"https:\/\/schema.org","@type":"ImageObject","url":"https:\/\/tu11.fi\/taekwondo\/wp-content\/uploads\/2023\/04\/petteri_tu11-kopio-5-1200x1200-cropped.jpg","identifier":"14771-wpsso-schema-1x1","name":"petteri_tu11-kopio-5  &ndash; Taekwondourheilijat 2011 | Taekwondoa...","alternateName":"petteri_tu11-kopio-5  &ndash; Taekwondourheilijat 2011 | Taekwondoa parhaassa seurassa | Helsinki | Espoo | Vantaa","description":"No Description.","encodingFormat":"image\/jpeg","uploadDate":"2023-09-22T07:10:24+00:00","width":[{"@id":"#sso\/qv-width-px-1200"}],"height":[{"@id":"#sso\/qv-height-px-1200"}]},{"@id":"#sso\/qv-width-px-1200","@context":"https:\/\/schema.org","@type":"QuantitativeValue","name":"Width","unitText":"px","unitCode":"E37","value":"1200"},{"@id":"#sso\/qv-height-px-1200","@context":"https:\/\/schema.org","@type":"QuantitativeValue","name":"Height","unitText":"px","unitCode":"E37","value":"1200"},{"@id":"https:\/\/tu11.fi\/taekwondo\/wp-content\/uploads\/2015\/12\/Aikataulu_kev%C3%A4t2016-1200x900-cropped.png#sso\/image-object","@context":"https:\/\/schema.org","@type":"ImageObject","url":"https:\/\/tu11.fi\/taekwondo\/wp-content\/uploads\/2015\/12\/Aikataulu_kev%C3%A4t2016-1200x900-cropped.png","identifier":"5748-wpsso-schema-4x3","name":"Aikataulu_kev&auml;t2016  &ndash; Taekwondourheilijat 2011 | Taekwondoa...","alternateName":"Aikataulu_kev&auml;t2016  &ndash; Taekwondourheilijat 2011 | Taekwondoa parhaassa seurassa | Helsinki | Espoo | Vantaa","description":"No Description.","encodingFormat":"image\/png","uploadDate":"2015-12-15T12:00:00+00:00","width":[{"@id":"#sso\/qv-width-px-1200"}],"height":[{"@id":"#sso\/qv-height-px-900"}]},{"@id":"#sso\/qv-height-px-900","@context":"https:\/\/schema.org","@type":"QuantitativeValue","name":"Height","unitText":"px","unitCode":"E37","value":"900"},{"@id":"https:\/\/tu11.fi\/taekwondo\/wp-content\/uploads\/2015\/12\/Aikataulu_kev%C3%A4t2016-1200x675-cropped.png#sso\/image-object","@context":"https:\/\/schema.org","@type":"ImageObject","url":"https:\/\/tu11.fi\/taekwondo\/wp-content\/uploads\/2015\/12\/Aikataulu_kev%C3%A4t2016-1200x675-cropped.png","identifier":"5748-wpsso-schema-16x9","name":"Aikataulu_kev&auml;t2016  &ndash; Taekwondourheilijat 2011 | Taekwondoa...","alternateName":"Aikataulu_kev&auml;t2016  &ndash; Taekwondourheilijat 2011 | Taekwondoa parhaassa seurassa | Helsinki | Espoo | Vantaa","description":"No Description.","encodingFormat":"image\/png","uploadDate":"2015-12-15T12:00:00+00:00","width":[{"@id":"#sso\/qv-width-px-1200"}],"height":[{"@id":"#sso\/qv-height-px-675"}]},{"@id":"#sso\/qv-height-px-675","@context":"https:\/\/schema.org","@type":"QuantitativeValue","name":"Height","unitText":"px","unitCode":"E37","value":"675"},{"@id":"https:\/\/tu11.fi\/taekwondo\/wp-content\/uploads\/2015\/12\/Aikataulu_kev%C3%A4t2016-1200x630-cropped.png#sso\/image-object","@context":"https:\/\/schema.org","@type":"ImageObject","url":"https:\/\/tu11.fi\/taekwondo\/wp-content\/uploads\/2015\/12\/Aikataulu_kev%C3%A4t2016-1200x630-cropped.png","identifier":"5748-wpsso-thumbnail","name":"Aikataulu_kev&auml;t2016  &ndash; Taekwondourheilijat 2011 | Taekwondoa...","alternateName":"Aikataulu_kev&auml;t2016  &ndash; Taekwondourheilijat 2011 | Taekwondoa parhaassa seurassa | Helsinki | Espoo | Vantaa","description":"No Description.","encodingFormat":"image\/png","uploadDate":"2015-12-15T12:00:00+00:00","width":[{"@id":"#sso\/qv-width-px-1200"}],"height":[{"@id":"#sso\/qv-height-px-630"}]},{"@id":"#sso\/qv-height-px-630","@context":"https:\/\/schema.org","@type":"QuantitativeValue","name":"Height","unitText":"px","unitCode":"E37","value":"630"},{"@id":"\/2015\/12\/taekwondourheilijoiden-kevaan-harjoituskalenteri\/#sso\/breadcrumb.list\/etusivu","@context":"https:\/\/schema.org","@type":"BreadcrumbList","url":"https:\/\/tu11.fi\/taekwondo\/ko\/2015\/12\/taekwondourheilijoiden-kevaan-harjoituskalenteri\/","itemListElement":[{"@context":"https:\/\/schema.org","@type":"ListItem","position":1,"name":"Home","item":"https:\/\/tu11.fi\/taekwondo\/ko\/"},{"@context":"https:\/\/schema.org","@type":"ListItem","position":2,"name":"Blog","item":"https:\/\/tu11.fi\/taekwondo\/"},{"@context":"https:\/\/schema.org","@type":"ListItem","position":3,"name":"Etusivu Archives   Taekwondourheilijat 2011 | Taekwondoa parhaassa...","item":"https:\/\/tu11.fi\/taekwondo\/ko\/category\/etusivu\/"},{"@context":"https:\/\/schema.org","@type":"ListItem","position":4,"name":"Taekwondourheilijoiden kev&auml;&auml;n harjoituskalenteri...","item":"https:\/\/tu11.fi\/taekwondo\/ko\/2015\/12\/taekwondourheilijoiden-kevaan-harjoituskalenteri\/"}]},{"@id":"\/2015\/12\/taekwondourheilijoiden-kevaan-harjoituskalenteri\/#sso\/breadcrumb.list\/slider","@context":"https:\/\/schema.org","@type":"BreadcrumbList","url":"https:\/\/tu11.fi\/taekwondo\/ko\/2015\/12\/taekwondourheilijoiden-kevaan-harjoituskalenteri\/","itemListElement":[{"@context":"https:\/\/schema.org","@type":"ListItem","position":1,"name":"Home","item":"https:\/\/tu11.fi\/taekwondo\/ko\/"},{"@context":"https:\/\/schema.org","@type":"ListItem","position":2,"name":"Blog","item":"https:\/\/tu11.fi\/taekwondo\/"},{"@context":"https:\/\/schema.org","@type":"ListItem","position":3,"name":"slider Archives   Taekwondourheilijat 2011 | Taekwondoa parhaassa...","item":"https:\/\/tu11.fi\/taekwondo\/ko\/category\/slider\/"},{"@context":"https:\/\/schema.org","@type":"ListItem","position":4,"name":"Taekwondourheilijoiden kev&auml;&auml;n harjoituskalenteri...","item":"https:\/\/tu11.fi\/taekwondo\/ko\/2015\/12\/taekwondourheilijoiden-kevaan-harjoituskalenteri\/"}]},{"@id":"\/2015\/12\/taekwondourheilijoiden-kevaan-harjoituskalenteri\/#sso\/breadcrumb.list\/uutiskirje","@context":"https:\/\/schema.org","@type":"BreadcrumbList","url":"https:\/\/tu11.fi\/taekwondo\/ko\/2015\/12\/taekwondourheilijoiden-kevaan-harjoituskalenteri\/","itemListElement":[{"@context":"https:\/\/schema.org","@type":"ListItem","position":1,"name":"Home","item":"https:\/\/tu11.fi\/taekwondo\/ko\/"},{"@context":"https:\/\/schema.org","@type":"ListItem","position":2,"name":"Blog","item":"https:\/\/tu11.fi\/taekwondo\/"},{"@context":"https:\/\/schema.org","@type":"ListItem","position":3,"name":"Uutiskirje Archives   Taekwondourheilijat 2011 | Taekwondoa...","item":"https:\/\/tu11.fi\/taekwondo\/ko\/category\/uutiskirje\/"},{"@context":"https:\/\/schema.org","@type":"ListItem","position":4,"name":"Taekwondourheilijoiden kev&auml;&auml;n harjoituskalenteri...","item":"https:\/\/tu11.fi\/taekwondo\/ko\/2015\/12\/taekwondourheilijoiden-kevaan-harjoituskalenteri\/"}]},{"@id":"\/2015\/12\/taekwondourheilijoiden-kevaan-harjoituskalenteri\/#sso\/breadcrumb.list\/yleinen","@context":"https:\/\/schema.org","@type":"BreadcrumbList","url":"https:\/\/tu11.fi\/taekwondo\/ko\/2015\/12\/taekwondourheilijoiden-kevaan-harjoituskalenteri\/","itemListElement":[{"@context":"https:\/\/schema.org","@type":"ListItem","position":1,"name":"Home","item":"https:\/\/tu11.fi\/taekwondo\/ko\/"},{"@context":"https:\/\/schema.org","@type":"ListItem","position":2,"name":"Blog","item":"https:\/\/tu11.fi\/taekwondo\/"},{"@context":"https:\/\/schema.org","@type":"ListItem","position":3,"name":"Yleinen Archives   Taekwondourheilijat 2011 | Taekwondoa parhaassa...","item":"https:\/\/tu11.fi\/taekwondo\/ko\/category\/yleinen\/"},{"@context":"https:\/\/schema.org","@type":"ListItem","position":4,"name":"Taekwondourheilijoiden kev&auml;&auml;n harjoituskalenteri...","item":"https:\/\/tu11.fi\/taekwondo\/ko\/2015\/12\/taekwondourheilijoiden-kevaan-harjoituskalenteri\/"}]}]}],"parts":[["meta","name","generator","content","WPSSO Core 21.13.2\/L*","generator:1"],["meta","name","generator","content","WPSSO RAR 3.3.0\/S","generator:2"],["meta","name","generator","content","WPSSO REST 3.3.0\/S","generator:3"],["meta","name","generator","content","WPSSO BC 5.5.0\/S","generator:4"],["meta","name","generator","content","WPSSO FAQ 7.1.0\/S","generator:5"],["meta","name","generator","content","WPSSO OPM 5.1.0\/S","generator:6"],["meta","name","generator","content","WPSSO SSM 3.4.0\/S","generator:7"],["meta","name","generator","content","WPSSO TIE 4.1.0\/S","generator:8"],["meta","name","generator","content","WPSSO UM 7.3.0\/S","generator:9"],["meta","name","generator","content","WPSSO UL 4.3.0\/S","generator:10"],["link","rel","shortlink","href","https:\/\/tu11.fi\/taekwondo\/ko\/?p=5747",""],["meta","property","fb:app_id","content","966242223397117",""],["meta","property","og:time","content","2026-04-30T08:40:45+00:00",""],["meta","property","og:type","content","article",""],["meta","property","og:url","content","https:\/\/tu11.fi\/taekwondo\/ko\/2015\/12\/taekwondourheilijoiden-kevaan-harjoituskalenteri\/",""],["meta","property","og:locale","content","ko_KR",""],["meta","property","og:site_name","content","Taekwondourheilijat 2011 | Taekwondoa parhaassa seurassa | Helsinki | Espoo | Vantaa",""],["meta","property","og:title","content","Taekwondourheilijoiden kev&auml;&auml;n harjoituskalenteri  &ndash;...",""],["meta","property","og:description","content","TU11 tarjoaa innostavan ymp&auml;rist&ouml;n harjoitella taekwondoa kaikenik&auml;isille ja -tasoisille, aloittelijoista huippu-urheilijoihin. Valmennus on systemaattista ja valmentajat maamme parhaimmistoa. Aloita taekwondo nyt!",""],["meta","property","og:updated_time","content","2015-12-15T12:24:13+00:00",""],["meta","property","og:image:secure_url","content","https:\/\/tu11.fi\/taekwondo\/wp-content\/uploads\/2015\/12\/Aikataulu_kev%C3%A4t2016-1200x630-cropped.png","og:image:1"],["meta","property","og:image:url","content","https:\/\/tu11.fi\/taekwondo\/wp-content\/uploads\/2015\/12\/Aikataulu_kev%C3%A4t2016-1200x630-cropped.png","og:image:1"],["meta","property","og:image","content","https:\/\/tu11.fi\/taekwondo\/wp-content\/uploads\/2015\/12\/Aikataulu_kev%C3%A4t2016-1200x630-cropped.png","og:image:1"],["meta","property","og:image:width","content","1200","og:image:1"],["meta","property","og:image:height","content","630","og:image:1"],["meta","property","og:image:cropped","content","true","og:image:1"],["meta","property","og:image:id","content","5748","og:image:1"],["meta","property","og:image:size_name","content","wpsso-opengraph","og:image:1"],["meta","name","schema:language","content","ko_KR",""],["meta","name","schema:type:id","content","sports.team",""],["meta","name","schema:type:url","content","https:\/\/schema.org\/SportsTeam",""],["meta","name","schema:type:context","content","https:\/\/schema.org",""],["meta","name","schema:type:name","content","SportsTeam",""],["meta","name","schema:type:path","content","schema.org\/SportsTeam",""],["meta","property","article:section","content","Sport",""],["meta","property","article:author:name","content","Sampo Pajulampi",""],["meta","property","article:publisher","content","https:\/\/www.facebook.com\/TU11",""],["meta","property","article:tag","content","harrastus","article:tag:1"],["meta","property","article:tag","content","helsinki","article:tag:2"],["meta","property","article:tag","content","juniori","article:tag:3"],["meta","property","article:tag","content","juniorit","article:tag:4"],["meta","property","article:tag","content","junnut","article:tag:5"],["meta","property","article:tag","content","kilpailu","article:tag:6"],["meta","property","article:tag","content","kilpailut","article:tag:7"],["meta","property","article:tag","content","kisa","article:tag:8"],["meta","property","article:tag","content","kukkiwon","article:tag:9"],["meta","property","article:tag","content","ottelu","article:tag:10"],["meta","property","article:tag","content","taekwondo","article:tag:11"],["meta","property","article:tag","content","taekwondourheilijat 2011","article:tag:12"],["meta","property","article:tag","content","tu11","article:tag:13"],["meta","property","article:tag","content","wtf","article:tag:14"],["meta","property","article:published_time","content","2015-12-15T12:23:04+00:00",""],["meta","property","article:modified_time","content","2015-12-15T12:24:13+00:00",""],["meta","property","article:reading_mins","content","1",""],["meta","name","twitter:domain","content","tu11.fi",""],["meta","name","twitter:site","content","@taekwondourh",""],["meta","name","twitter:title","content","Taekwondourheilijoiden kev&auml;&auml;n harjoituskalenteri  &ndash;...",""],["meta","name","twitter:description","content","TU11 tarjoaa innostavan ymp&auml;rist&ouml;n harjoitella taekwondoa kaikenik&auml;isille ja -tasoisille, aloittelijoista huippu-urheilijoihin. Valmennus on systemaattista ja valmentajat maamme parhaimmistoa...",""],["meta","name","twitter:card","content","summary_large_image",""],["meta","name","twitter:image","content","https:\/\/tu11.fi\/taekwondo\/wp-content\/uploads\/2015\/12\/Aikataulu_kev%C3%A4t2016-1200x630-cropped.png?p=5747",""],["meta","name","twitter:label1","content","Written by",""],["meta","name","twitter:data1","content","Sampo Pajulampi",""],["meta","name","twitter:label2","content","Est. reading time",""],["meta","name","twitter:data2","content","1 minute",""],["meta","name","author","content","Sampo Pajulampi",""],["meta","name","thumbnail","content","https:\/\/tu11.fi\/taekwondo\/wp-content\/uploads\/2015\/12\/Aikataulu_kev&auml;t2016-1200x630-cropped.png",""]]},"_links":{"self":[{"href":"https:\/\/tu11.fi\/taekwondo\/ko\/wp-json\/wp\/v2\/posts\/5747","targetHints":{"allow":["GET"]}}],"collection":[{"href":"https:\/\/tu11.fi\/taekwondo\/ko\/wp-json\/wp\/v2\/posts"}],"about":[{"href":"https:\/\/tu11.fi\/taekwondo\/ko\/wp-json\/wp\/v2\/types\/post"}],"author":[{"embeddable":true,"href":"https:\/\/tu11.fi\/taekwondo\/ko\/wp-json\/wp\/v2\/users\/2"}],"replies":[{"embeddable":true,"href":"https:\/\/tu11.fi\/taekwondo\/ko\/wp-json\/wp\/v2\/comments?post=5747"}],"version-history":[{"count":0,"href":"https:\/\/tu11.fi\/taekwondo\/ko\/wp-json\/wp\/v2\/posts\/5747\/revisions"}],"wp:featuredmedia":[{"embeddable":true,"href":"https:\/\/tu11.fi\/taekwondo\/ko\/wp-json\/wp\/v2\/media\/5748"}],"wp:attachment":[{"href":"https:\/\/tu11.fi\/taekwondo\/ko\/wp-json\/wp\/v2\/media?parent=5747"}],"wp:term":[{"taxonomy":"category","embeddable":true,"href":"https:\/\/tu11.fi\/taekwondo\/ko\/wp-json\/wp\/v2\/categories?post=5747"},{"taxonomy":"post_tag","embeddable":true,"href":"https:\/\/tu11.fi\/taekwondo\/ko\/wp-json\/wp\/v2\/tags?post=5747"}],"curies":[{"name":"wp","href":"https:\/\/api.w.org\/{rel}","templated":true}]}}