{"id":5812,"date":"2016-01-11T14:24:47","date_gmt":"2016-01-11T14:24:47","guid":{"rendered":"http:\/\/tu11.fi.srv.hoste.fi\/taekwondo\/?p=5812"},"modified":"2016-01-11T14:24:47","modified_gmt":"2016-01-11T14:24:47","slug":"jenna-partanen-har-sin-os-drom-i-pera","status":"publish","type":"post","link":"https:\/\/tu11.fi\/taekwondo\/sv\/2016\/01\/jenna-partanen-on-olympiaunelmansa-perassa\/","title":{"rendered":"Jenna Partanen jagar sin OS-dr\u00f6m"},"content":{"rendered":"<p><strong><em>Det finns tusentals idrottare i Finland som offrar allt varje dag f\u00f6r att uppn\u00e5 sin st\u00f6rsta dr\u00f6m: den olympiska dr\u00f6mmen. En s\u00e5dan idrottare \u00e4r Jenna Partanen, en taekwondo-atlet som st\u00f6ds av Lainasto.<\/em><\/strong><\/p>\n<p><a href=\"http:\/\/tu11.fi.srv.hoste.fi\/taekwondo\/wp-content\/uploads\/2016\/01\/Jenna-s15-720x660.jpg\"><img decoding=\"async\" class=\"alignleft size-medium wp-image-5813\" src=\"http:\/\/tu11.fi.srv.hoste.fi\/taekwondo\/wp-content\/uploads\/2016\/01\/Jenna-s15-720x660-300x275.jpg\" alt=\"Jenna Partanen Taekwondo-atleter 2011\" width=\"300\" height=\"275\" srcset=\"https:\/\/tu11.fi\/taekwondo\/wp-content\/uploads\/2016\/01\/Jenna-s15-720x660-300x275.jpg 300w, https:\/\/tu11.fi\/taekwondo\/wp-content\/uploads\/2016\/01\/Jenna-s15-720x660-uai-150x138.jpg 150w, https:\/\/tu11.fi\/taekwondo\/wp-content\/uploads\/2016\/01\/Jenna-s15-720x660-uai-375x344.jpg 375w, https:\/\/tu11.fi\/taekwondo\/wp-content\/uploads\/2016\/01\/Jenna-s15-720x660.jpg 720w\" sizes=\"(max-width: 300px) 100vw, 300px\" \/><\/a><\/p>\n<p>\u00c5ttiotusen m\u00e4nniskor jublar n\u00e4r idrottarna kliver in p\u00e5 den legendariska Maracan\u00e3s gr\u00e4smatta. Miljardpubliken har slagit sig ner p\u00e5 sina soffor, redo att fira starten p\u00e5 den tv\u00e5 veckor l\u00e5nga s\u00e4songen. OS i Rio b\u00f6rjar snart.<\/p>\n<p>\u00c5sk\u00e5dare ser bara idrottarnas glada yta. De ser att alla idrottare \u00e4r exalterade \u00f6ver att vara en del av v\u00e4rldens finaste idrottst\u00e4vling. D\u00e4remot vet de inte hur mycket alla idrottare har k\u00e4mpat f\u00f6r att ens vara en del av den olympiska dr\u00f6mmen.<\/p>\n<p><strong>En m\u00f6jlighet att f\u00f6rverkliga en dr\u00f6m<\/strong><\/p>\n<p>Dessa tider <strong>Jenna Partanen<\/strong> den egna kampen konkretiseras till ett sp\u00e4nningsdrama som m\u00e4ter de sista fysiska och psykologiska resurserna. Sista chansen att ta en OS-plats \u00e4r n\u00e4ra.<\/p>\n<p>Taekwondos sista t\u00e4vlingsplatser, deltagander\u00e4tt f\u00f6r att f\u00f6rf\u00f6lja dina egna dr\u00f6mmar, kommer att delas ut vid den europeiska OS-kvalt\u00e4vlingen i Istanbul den 16-17 januari 2016. De tv\u00e5 b\u00e4sta i varje viktklass f\u00e5r biljetter till OS i Rio de Janeiro.<\/p>\n<p>Konkurrensen \u00e4r h\u00e5rd och skoningsl\u00f6s, men Jenna Partanen, som t\u00e4vlar i viktklassen under 67 kilo, \u00e4r en av de idrottare som har en utm\u00e4rkt chans att sl\u00e5 alla sina konkurrenter och ta en plats i OS. Detta s\u00e4kerst\u00e4lls av de typiska egenskaperna hos en framg\u00e5ngsrik idrottare: talang, h\u00e5rt arbete, engagemang och passion.<\/p>\n<p>Men receptet f\u00f6r en framg\u00e5ngsrik idrottare inneh\u00e5ller ocks\u00e5 mer \u00e4n perfekta egenskaper. Tr\u00e4ningen ska vara i toppklass och idrottaren m\u00e5ste g\u00f6ra uppoffringar.<\/p>\n<p><strong>Partanen f\u00e5r medh\u00e5ll av en duktig duo<\/strong><\/p>\n<p>En idrottare kan best\u00e4mma riktningen f\u00f6r sin egen karri\u00e4rutveckling, men coaching avg\u00f6r takten. Kompetent coachning ger idrottaren f\u00f6ruts\u00e4ttningar att realisera sin fulla potential f\u00f6r framg\u00e5ng.<\/p>\n<p>Partanen, som representerar klubben Taekwondo atleter 2011, \u00e4r omgiven av en kompetent duo vars uppgift \u00e4r att se till att ingen sten l\u00e4mnas ov\u00e4nd och att utvecklingen g\u00e5r i \u00f6nskad takt.<\/p>\n<p>Partanens personliga tr\u00e4nare har kokats i m\u00e5nga buljonger, Teemu Heino, sj\u00e4lv en olympisk idrottare som f\u00f6rbereder sig f\u00f6r OS-kvalet i Istanbul. Den andra tr\u00e4naren \u00e4r Jesus Ramal, OS-tr\u00e4nare f\u00f6r Finlands Taekwondof\u00f6rbund, som har beskrivit Parta som Finlands mest lovande unga taekwondospelare. Det var Ramals f\u00f6rtroende f\u00f6r Partanens f\u00f6rm\u00e5gor som ledde till att Partanens heltidsliv som toppidrottare f\u00f6ljde Ramals l\u00e4ra under h\u00f6sten.<\/p>\n<p><strong>Att flytta in i det ok\u00e4nda<\/strong><\/p>\n<p>N\u00e4r h\u00f6sten kom flyttade Partanen till Madrid f\u00f6r att tr\u00e4na p\u00e5 heltid i Ramals l\u00e4ra. Steget var inte bara atletiskt betydelsefullt, utan ocks\u00e5 en f\u00f6r\u00e4ndring som m\u00e4tte mental styrka. En riktig uppoffring. Den v\u00e4lbekanta milj\u00f6n f\u00f6r\u00e4ndrades till en ny och ok\u00e4nd.<\/p>\n<p>\u201dF\u00f6rutom att jag flyttade f\u00f6r att tr\u00e4na som toppidrottare i ett fr\u00e4mmande land, d\u00e4r all kommunikation sker p\u00e5 ett fr\u00e4mmande spr\u00e5k, flyttade jag ocks\u00e5 hemifr\u00e5n f\u00f6r att bo sj\u00e4lv. Mitt f\u00f6rsta egna hem \u00e4r utomlands i en helt ny milj\u00f6\u201d, avsl\u00f6jar Partanen.<\/p>\n<p>Partanen bor i det lugna omr\u00e5det San Sebastian de los Reyes, tjugo kilometer fr\u00e5n Madrids centrum. Medan de flesta turister bor i centrala Madrid, stannar \u00e4ven engelska spr\u00e5kkunskaper d\u00e4r. F\u00f6rutom vardagliga aff\u00e4rer har detta \u00e4ven synts p\u00e5 utbildningar.<\/p>\n<p>\u201dI b\u00f6rjan var det lite annorlunda att g\u00f6ra \u00f6vningarna, n\u00e4r spr\u00e5ket orsakade sv\u00e5righeter. Jag f\u00f6rstod inte alltid vad jag skulle g\u00f6ra. Som tur var fortsatte Jesus att f\u00f6rklara och visa genom att h\u00e5lla hand. Det har g\u00e5tt riktigt bra med Jesus.&quot;<\/p>\n<p>Livet i en fr\u00e4mmande milj\u00f6 har varit hektiskt. L\u00e4ger- och t\u00e4vlingsresor har tagit Parta \u00f6ver hela Europa och resv\u00e4skorna har inte hunnit st\u00e5 kvar p\u00e5 l\u00e4nge. Trots allt har satsningen gjort Partase till en \u00e4nnu starkare idrottare och person.<\/p>\n<p>&quot;Jag tror att f\u00f6rdelen med den h\u00e4r tr\u00e4ningsresan till Spanien kommer att ses i mitt liv m\u00e5nga g\u00e5nger om, till och med \u00e5r fr\u00e5n nu. Jag har l\u00e4rt mig mycket om sporten jag \u00e4lskar, fr\u00e5n tr\u00e4ning, och som en bonus har jag kunnat anpassa mig till mina egna och mina spr\u00e5kkunskaper. Det \u00e4r fantastiskt att jag f\u00e5r f\u00f6rverkliga min dr\u00f6m \u2013 och jag kan s\u00e4ga att jag har gjort allt jag kan f\u00f6r den h\u00e4r dr\u00f6mmen, str\u00e5lar Partanen.<\/p>\n<p><strong>Resan befinner sig i ett viktigt skede<\/strong><\/p>\n<p>Daglig kamp f\u00f6r att utveckla kropp och psyke. Den olympiska idrottaren har sett m\u00e5nga tuffa dagar p\u00e5 sin resa. Blod, svett, t\u00e5rar. Alla klyschor som blivit verklighet som idrottaren upplevt.<\/p>\n<p>Trots det kommer den sanna dr\u00f6mmen om en olympisk idrottare att g\u00e5 i uppfyllelse f\u00f6rst n\u00e4r den olympiska l\u00e5gan t\u00e4nds den 5 augusti 2016.<\/p>\n<p>Sedan kommer det ocks\u00e5 att ses om Jenna kommer att delta som OS-idrottare i Rio de Janeiro-OS. Den avg\u00f6rande etappen p\u00e5 resan \u00e4r den 16 januari 2016 i Istanbul, d\u00e5 Jenna t\u00e4vlar i det europeiska OS-kvalet.<\/p>\n<p>Partanen och hans tr\u00e4nare \u00e5ker upprymda och sj\u00e4lvs\u00e4kra till Istanbul.<\/p>\n<p>&quot;Jag ser fram emot OS-kvalet i Istanbul. Det h\u00e4r \u00e4r trots allt topp\u00f6gonblicket i min karri\u00e4r s\u00e5 h\u00e4r l\u00e5ngt. Tekniskt sett \u00e4r jag som b\u00e4st just nu. Enligt Jesus har min utveckling g\u00e5tt otroligt fort, s\u00e5 det \u00e4r han v\u00e4ldigt n\u00f6jd med, s\u00e4ger Partanen.<\/p>\n<p><strong>Taekwondo-atleter 2011 och Jennas supporter Lainasto Oy \u00f6nskar Jenna lycka till i kvalet! Kom ih\u00e5g att njuta av resan mot din olympiska dr\u00f6m, kom ih\u00e5g att h\u00e5rt arbete och uppoffringar kommer att l\u00f6na sig i slut\u00e4ndan!<\/strong><\/p>\n<p><em>Lainasto Oy \u00e4r ett finskt finansbolag som har erbjudit finansiella l\u00f6sningar f\u00f6r vardagliga utmaningar och str\u00e4van efter dr\u00f6mmar sedan 2011.<\/em><\/p>\n<p><em><a href=\"http:\/\/www.lainasto.fi\">www.lainasto.fi<\/a><\/em><\/p>\n<p>&nbsp;<\/p>","protected":false},"excerpt":{"rendered":"<p>Det finns tusentals idrottare i Finland som offrar allt varje dag f\u00f6r att uppn\u00e5 sin st\u00f6rsta dr\u00f6m: den olympiska dr\u00f6mmen. En s\u00e5dan idrottare \u00e4r Jenna Partanen, en taekwondo-atlet som st\u00f6ds av Lainasto. \u00c5ttiotusen m\u00e4nniskor jublar n\u00e4r idrottarna kliver in p\u00e5 den legendariska Maracan\u00e3s gr\u00e4smatta. Miljardpubliken har slagit sig ner p\u00e5 sina soffor, redo att fira starten p\u00e5 den tv\u00e5 veckor l\u00e5nga s\u00e4songen. OS i Rio b\u00f6rjar snart. \u00c5sk\u00e5dare ser bara idrottarnas glada yta. De ser att alla...<\/p>","protected":false},"author":2,"featured_media":4786,"comment_status":"closed","ping_status":"closed","sticky":false,"template":"templates\/template-cover.php","format":"standard","meta":{"footnotes":""},"categories":[4,5,438,1],"tags":[],"class_list":["post-5812","post","type-post","status-publish","format-standard","has-post-thumbnail","hentry","category-etusivu","category-slider","category-uutiskirje","category-yleinen"],"yoast_head":"<!-- This site is optimized with the Yoast SEO plugin v27.2 - https:\/\/yoast.com\/product\/yoast-seo-wordpress\/ -->\n<title>Jenna Partanen on olympiaunelmansa per\u00e4ss\u00e4 - Taekwondourheilijat 2011 | Taekwondoa parhaassa seurassa | Helsinki | Espoo | Vantaa<\/title>\n<meta name=\"description\" content=\"TU11 tarjoaa innostavan ymp\u00e4rist\u00f6n harjoitella taekwondoa kaikenik\u00e4isille ja -tasoisille, aloittelijoista huippu-urheilijoihin. Valmennus on systemaattista ja valmentajat maamme parhaimmistoa. Aloita taekwondo nyt!\" \/>\n<meta name=\"robots\" content=\"index, follow, max-snippet:-1, max-image-preview:large, max-video-preview:-1\" \/>\n<link rel=\"canonical\" href=\"https:\/\/tu11.fi\/taekwondo\/sv\/2016\/01\/jenna-partanen-har-sin-os-drom-i-pera\/\" \/>\n<script type=\"application\/ld+json\" class=\"yoast-schema-graph\">{\"@context\":\"https:\/\/schema.org\",\"@graph\":[]}<\/script>\n<!-- \/ Yoast SEO plugin. -->","yoast_head_json":{"title":"Jenna Partanen on olympiaunelmansa per\u00e4ss\u00e4 - Taekwondourheilijat 2011 | Taekwondoa parhaassa seurassa | Helsinki | Espoo | Vantaa","description":"TU11 erbjuder en inspirerande milj\u00f6 f\u00f6r att ut\u00f6va taekwondo f\u00f6r alla \u00e5ldrar och niv\u00e5er, fr\u00e5n nyb\u00f6rjare till elitidrottare. Utbildningen \u00e4r systematisk och tr\u00e4narna \u00e4r de b\u00e4sta i v\u00e5rt land. B\u00f6rja taekwondo nu!","robots":{"index":"index","follow":"follow","max-snippet":"max-snippet:-1","max-image-preview":"max-image-preview:large","max-video-preview":"max-video-preview:-1"},"canonical":"https:\/\/tu11.fi\/taekwondo\/sv\/2016\/01\/jenna-partanen-har-sin-os-drom-i-pera\/","schema":{"@context":"https:\/\/schema.org","@graph":[]}},"amp_enabled":true,"head":{"html":["<meta name=\"wpsso-begin\" content=\"wpsso structured data begin\"\/>\n","<!-- generator:1 --><meta name=\"generator\" content=\"WPSSO Core 21.12.0\/L*\"\/>\n","<!-- generator:2 --><meta name=\"generator\" content=\"WPSSO RAR 3.3.0\/S\"\/>\n","<!-- generator:3 --><meta name=\"generator\" content=\"WPSSO REST 3.3.0\/S\"\/>\n","<!-- generator:4 --><meta name=\"generator\" content=\"WPSSO BC 5.5.0\/S\"\/>\n","<!-- generator:5 --><meta name=\"generator\" content=\"WPSSO FAQ 7.1.0\/S\"\/>\n","<!-- generator:6 --><meta name=\"generator\" content=\"WPSSO OPM 5.1.0\/S\"\/>\n","<!-- generator:7 --><meta name=\"generator\" content=\"WPSSO SSM 3.4.0\/S\"\/>\n","<!-- generator:8 --><meta name=\"generator\" content=\"WPSSO TIE 4.1.0\/S\"\/>\n","<!-- generator:9 --><meta name=\"generator\" content=\"WPSSO UM 7.3.0\/S\"\/>\n","<!-- generator:10 --><meta name=\"generator\" content=\"WPSSO UL 4.3.0\/S\"\/>\n","<link rel=\"shortlink\" href=\"https:\/\/tu11.fi\/taekwondo\/sv\/?p=5812\"\/>\n","<meta property=\"fb:app_id\" content=\"966242223397117\"\/>\n","<meta property=\"og:type\" content=\"article\"\/>\n","<meta property=\"og:url\" content=\"https:\/\/tu11.fi\/taekwondo\/sv\/2016\/01\/jenna-partanen-on-olympiaunelmansa-perassa\/\"\/>\n","<meta property=\"og:locale\" content=\"sv_SE\"\/>\n","<meta property=\"og:site_name\" content=\"Taekwondourheilijat 2011 | Taekwondoa parhaassa seurassa | Helsinki | Espoo | Vantaa\"\/>\n","<meta property=\"og:title\" content=\"Jenna Partanen on olympiaunelmansa per&auml;ss&auml;  &ndash; Taekwondourheilijat...\"\/>\n","<meta property=\"og:description\" content=\"TU11 tarjoaa innostavan ymp&auml;rist&ouml;n harjoitella taekwondoa kaikenik&auml;isille ja -tasoisille, aloittelijoista huippu-urheilijoihin. Valmennus on systemaattista ja valmentajat maamme parhaimmistoa. Aloita taekwondo nyt!\"\/>\n","<meta property=\"og:updated_time\" content=\"2016-01-11T14:24:47+00:00\"\/>\n","<!-- og:image:1 --><meta property=\"og:image\" content=\"https:\/\/tu11.fi\/taekwondo\/wp-content\/uploads\/2012\/11\/Jenna_Partanen_cropped-e1428840188164-1200x630-cropped.jpg\"\/>\n","<!-- og:image:1 --><meta property=\"og:image:width\" content=\"1200\"\/>\n","<!-- og:image:1 --><meta property=\"og:image:height\" content=\"630\"\/>\n","<meta property=\"article:section\" content=\"Sport\"\/>\n","<meta property=\"article:publisher\" content=\"https:\/\/www.facebook.com\/TU11\"\/>\n","<meta property=\"article:published_time\" content=\"2016-01-11T14:24:47+00:00\"\/>\n","<meta property=\"article:modified_time\" content=\"2016-01-11T14:24:47+00:00\"\/>\n","<meta name=\"twitter:domain\" content=\"tu11.fi\"\/>\n","<meta name=\"twitter:site\" content=\"@taekwondourh\"\/>\n","<meta name=\"twitter:title\" content=\"Jenna Partanen on olympiaunelmansa per&auml;ss&auml;  &ndash; Taekwondourheilijat...\"\/>\n","<meta name=\"twitter:description\" content=\"TU11 tarjoaa innostavan ymp&auml;rist&ouml;n harjoitella taekwondoa kaikenik&auml;isille ja -tasoisille, aloittelijoista huippu-urheilijoihin. Valmennus on systemaattista ja valmentajat maamme parhaimmistoa...\"\/>\n","<meta name=\"twitter:card\" content=\"summary\"\/>\n","<meta name=\"twitter:image\" content=\"https:\/\/tu11.fi\/taekwondo\/wp-content\/uploads\/2023\/04\/petteri_tu11-kopio-5-1200x1200-cropped.jpg\"\/>\n","<meta name=\"twitter:label1\" content=\"Written by\"\/>\n","<meta name=\"twitter:data1\" content=\"Sampo Pajulampi\"\/>\n","<meta name=\"twitter:label2\" content=\"Est. reading time\"\/>\n","<meta name=\"twitter:data2\" content=\"4 minutes\"\/>\n","<meta name=\"author\" content=\"Sampo Pajulampi\"\/>\n","<meta name=\"thumbnail\" content=\"https:\/\/tu11.fi\/taekwondo\/wp-content\/uploads\/2012\/11\/Jenna_Partanen_cropped-e1428840188164-1200x630-cropped.jpg\"\/>\n","<script type=\"application\/ld+json\" id=\"wpsso-schema-graph\">{\n    \"@context\": \"https:\/\/schema.org\",\n    \"@graph\": [\n        {\n            \"@id\": \"#sso\/knowledge-graph\/sports-team\/5812\",\n            \"@context\": \"https:\/\/schema.org\",\n            \"@type\": \"SportsTeam\",\n            \"mainEntityOfPage\": \"https:\/\/tu11.fi\/taekwondo\/sv\/2016\/01\/jenna-partanen-on-olympiaunelmansa-perassa\/\",\n            \"url\": \"https:\/\/tu11.fi\/taekwondo\/sv\/2016\/01\/jenna-partanen-on-olympiaunelmansa-perassa\/\",\n            \"sameAs\": [\n                \"https:\/\/tu11.fi\/taekwondo\/sv\/?p=5812\"\n            ],\n            \"name\": \"Jenna Partanen on olympiaunelmansa per&auml;ss&auml;  &ndash; Taekwondourheilijat...\",\n            \"alternateName\": \"Jenna Partanen on olympiaunelmansa per&auml;ss&auml;  &ndash; Taekwondourheilijat 2011 | Taekwondoa parhaassa seurassa |...\",\n            \"description\": \"TU11 tarjoaa innostavan ymp&auml;rist&ouml;n harjoitella taekwondoa kaikenik&auml;isille ja -tasoisille, aloittelijoista huippu-urheilijoihin. Valmennus on systemaattista ja valmentajat maamme parhaimmistoa. Aloita taekwondo nyt!\",\n            \"image\": [\n                {\n                    \"@id\": \"https:\/\/tu11.fi\/taekwondo\/wp-content\/uploads\/2023\/04\/petteri_tu11-kopio-5-1200x1200-cropped.jpg#sso\/image-object\"\n                },\n                {\n                    \"@id\": \"https:\/\/tu11.fi\/taekwondo\/wp-content\/uploads\/2023\/04\/petteri_tu11-kopio-5-1200x900-cropped.jpg#sso\/image-object\"\n                },\n                {\n                    \"@id\": \"https:\/\/tu11.fi\/taekwondo\/wp-content\/uploads\/2023\/04\/petteri_tu11-kopio-5-1200x675-cropped.jpg#sso\/image-object\"\n                }\n            ]\n        },\n        {\n            \"@id\": \"https:\/\/tu11.fi\/taekwondo\/wp-content\/uploads\/2023\/04\/petteri_tu11-kopio-5-1200x1200-cropped.jpg#sso\/image-object\",\n            \"@context\": \"https:\/\/schema.org\",\n            \"@type\": \"ImageObject\",\n            \"url\": \"https:\/\/tu11.fi\/taekwondo\/wp-content\/uploads\/2023\/04\/petteri_tu11-kopio-5-1200x1200-cropped.jpg\",\n            \"identifier\": \"14771-wpsso-schema-1x1\",\n            \"name\": \"petteri_tu11-kopio-5  &ndash; Taekwondourheilijat 2011 | Taekwondoa...\",\n            \"alternateName\": \"petteri_tu11-kopio-5  &ndash; Taekwondourheilijat 2011 | Taekwondoa parhaassa seurassa | Helsinki | Espoo | Vantaa\",\n            \"description\": \"No Description.\",\n            \"encodingFormat\": \"image\/jpeg\",\n            \"uploadDate\": \"2023-09-22T07:10:24+00:00\",\n            \"width\": [\n                {\n                    \"@id\": \"#sso\/qv-width-px-1200\"\n                }\n            ],\n            \"height\": [\n                {\n                    \"@id\": \"#sso\/qv-height-px-1200\"\n                }\n            ]\n        },\n        {\n            \"@id\": \"#sso\/qv-width-px-1200\",\n            \"@context\": \"https:\/\/schema.org\",\n            \"@type\": \"QuantitativeValue\",\n            \"name\": \"Width\",\n            \"unitText\": \"px\",\n            \"unitCode\": \"E37\",\n            \"value\": \"1200\"\n        },\n        {\n            \"@id\": \"#sso\/qv-height-px-1200\",\n            \"@context\": \"https:\/\/schema.org\",\n            \"@type\": \"QuantitativeValue\",\n            \"name\": \"Height\",\n            \"unitText\": \"px\",\n            \"unitCode\": \"E37\",\n            \"value\": \"1200\"\n        },\n        {\n            \"@id\": \"https:\/\/tu11.fi\/taekwondo\/wp-content\/uploads\/2023\/04\/petteri_tu11-kopio-5-1200x900-cropped.jpg#sso\/image-object\",\n            \"@context\": \"https:\/\/schema.org\",\n            \"@type\": \"ImageObject\",\n            \"url\": \"https:\/\/tu11.fi\/taekwondo\/wp-content\/uploads\/2023\/04\/petteri_tu11-kopio-5-1200x900-cropped.jpg\",\n            \"identifier\": \"14771-wpsso-schema-4x3\",\n            \"name\": \"petteri_tu11-kopio-5  &ndash; Taekwondourheilijat 2011 | Taekwondoa...\",\n            \"alternateName\": \"petteri_tu11-kopio-5  &ndash; Taekwondourheilijat 2011 | Taekwondoa parhaassa seurassa | Helsinki | Espoo | Vantaa\",\n            \"description\": \"No Description.\",\n            \"encodingFormat\": \"image\/jpeg\",\n            \"uploadDate\": \"2023-09-22T07:10:24+00:00\",\n            \"width\": [\n                {\n                    \"@id\": \"#sso\/qv-width-px-1200\"\n                }\n            ],\n            \"height\": [\n                {\n                    \"@id\": \"#sso\/qv-height-px-900\"\n                }\n            ]\n        },\n        {\n            \"@id\": \"#sso\/qv-height-px-900\",\n            \"@context\": \"https:\/\/schema.org\",\n            \"@type\": \"QuantitativeValue\",\n            \"name\": \"Height\",\n            \"unitText\": \"px\",\n            \"unitCode\": \"E37\",\n            \"value\": \"900\"\n        },\n        {\n            \"@id\": \"https:\/\/tu11.fi\/taekwondo\/wp-content\/uploads\/2023\/04\/petteri_tu11-kopio-5-1200x675-cropped.jpg#sso\/image-object\",\n            \"@context\": \"https:\/\/schema.org\",\n            \"@type\": \"ImageObject\",\n            \"url\": \"https:\/\/tu11.fi\/taekwondo\/wp-content\/uploads\/2023\/04\/petteri_tu11-kopio-5-1200x675-cropped.jpg\",\n            \"identifier\": \"14771-wpsso-schema-16x9\",\n            \"name\": \"petteri_tu11-kopio-5  &ndash; Taekwondourheilijat 2011 | Taekwondoa...\",\n            \"alternateName\": \"petteri_tu11-kopio-5  &ndash; Taekwondourheilijat 2011 | Taekwondoa parhaassa seurassa | Helsinki | Espoo | Vantaa\",\n            \"description\": \"No Description.\",\n            \"encodingFormat\": \"image\/jpeg\",\n            \"uploadDate\": \"2023-09-22T07:10:24+00:00\",\n            \"width\": [\n                {\n                    \"@id\": \"#sso\/qv-width-px-1200\"\n                }\n            ],\n            \"height\": [\n                {\n                    \"@id\": \"#sso\/qv-height-px-675\"\n                }\n            ]\n        },\n        {\n            \"@id\": \"#sso\/qv-height-px-675\",\n            \"@context\": \"https:\/\/schema.org\",\n            \"@type\": \"QuantitativeValue\",\n            \"name\": \"Height\",\n            \"unitText\": \"px\",\n            \"unitCode\": \"E37\",\n            \"value\": \"675\"\n        },\n        {\n            \"@id\": \"\/2016\/01\/jenna-partanen-on-olympiaunelmansa-perassa\/#sso\/breadcrumb.list\/etusivu\",\n            \"@context\": \"https:\/\/schema.org\",\n            \"@type\": \"BreadcrumbList\",\n            \"url\": \"https:\/\/tu11.fi\/taekwondo\/sv\/2016\/01\/jenna-partanen-on-olympiaunelmansa-perassa\/\",\n            \"itemListElement\": [\n                {\n                    \"@context\": \"https:\/\/schema.org\",\n                    \"@type\": \"ListItem\",\n                    \"position\": 1,\n                    \"name\": \"Home\",\n                    \"item\": \"https:\/\/tu11.fi\/taekwondo\/sv\/\"\n                },\n                {\n                    \"@context\": \"https:\/\/schema.org\",\n                    \"@type\": \"ListItem\",\n                    \"position\": 2,\n                    \"name\": \"Blog\",\n                    \"item\": \"https:\/\/tu11.fi\/taekwondo\/\"\n                },\n                {\n                    \"@context\": \"https:\/\/schema.org\",\n                    \"@type\": \"ListItem\",\n                    \"position\": 3,\n                    \"name\": \"Etusivu Archives   Taekwondourheilijat 2011 | Taekwondoa parhaassa...\",\n                    \"item\": \"https:\/\/tu11.fi\/taekwondo\/sv\/category\/etusivu\/\"\n                },\n                {\n                    \"@context\": \"https:\/\/schema.org\",\n                    \"@type\": \"ListItem\",\n                    \"position\": 4,\n                    \"name\": \"Jenna Partanen on olympiaunelmansa per&auml;ss&auml;   Taekwondourheilijat...\",\n                    \"item\": \"https:\/\/tu11.fi\/taekwondo\/sv\/2016\/01\/jenna-partanen-on-olympiaunelmansa-perassa\/\"\n                }\n            ]\n        },\n        {\n            \"@id\": \"\/2016\/01\/jenna-partanen-on-olympiaunelmansa-perassa\/#sso\/breadcrumb.list\/slider\",\n            \"@context\": \"https:\/\/schema.org\",\n            \"@type\": \"BreadcrumbList\",\n            \"url\": \"https:\/\/tu11.fi\/taekwondo\/sv\/2016\/01\/jenna-partanen-on-olympiaunelmansa-perassa\/\",\n            \"itemListElement\": [\n                {\n                    \"@context\": \"https:\/\/schema.org\",\n                    \"@type\": \"ListItem\",\n                    \"position\": 1,\n                    \"name\": \"Home\",\n                    \"item\": \"https:\/\/tu11.fi\/taekwondo\/sv\/\"\n                },\n                {\n                    \"@context\": \"https:\/\/schema.org\",\n                    \"@type\": \"ListItem\",\n                    \"position\": 2,\n                    \"name\": \"Blog\",\n                    \"item\": \"https:\/\/tu11.fi\/taekwondo\/\"\n                },\n                {\n                    \"@context\": \"https:\/\/schema.org\",\n                    \"@type\": \"ListItem\",\n                    \"position\": 3,\n                    \"name\": \"slider Archives   Taekwondourheilijat 2011 | Taekwondoa parhaassa...\",\n                    \"item\": \"https:\/\/tu11.fi\/taekwondo\/sv\/category\/slider\/\"\n                },\n                {\n                    \"@context\": \"https:\/\/schema.org\",\n                    \"@type\": \"ListItem\",\n                    \"position\": 4,\n                    \"name\": \"Jenna Partanen on olympiaunelmansa per&auml;ss&auml;   Taekwondourheilijat...\",\n                    \"item\": \"https:\/\/tu11.fi\/taekwondo\/sv\/2016\/01\/jenna-partanen-on-olympiaunelmansa-perassa\/\"\n                }\n            ]\n        },\n        {\n            \"@id\": \"\/2016\/01\/jenna-partanen-on-olympiaunelmansa-perassa\/#sso\/breadcrumb.list\/uutiskirje\",\n            \"@context\": \"https:\/\/schema.org\",\n            \"@type\": \"BreadcrumbList\",\n            \"url\": \"https:\/\/tu11.fi\/taekwondo\/sv\/2016\/01\/jenna-partanen-on-olympiaunelmansa-perassa\/\",\n            \"itemListElement\": [\n                {\n                    \"@context\": \"https:\/\/schema.org\",\n                    \"@type\": \"ListItem\",\n                    \"position\": 1,\n                    \"name\": \"Home\",\n                    \"item\": \"https:\/\/tu11.fi\/taekwondo\/sv\/\"\n                },\n                {\n                    \"@context\": \"https:\/\/schema.org\",\n                    \"@type\": \"ListItem\",\n                    \"position\": 2,\n                    \"name\": \"Blog\",\n                    \"item\": \"https:\/\/tu11.fi\/taekwondo\/\"\n                },\n                {\n                    \"@context\": \"https:\/\/schema.org\",\n                    \"@type\": \"ListItem\",\n                    \"position\": 3,\n                    \"name\": \"Uutiskirje Archives   Taekwondourheilijat 2011 | Taekwondoa...\",\n                    \"item\": \"https:\/\/tu11.fi\/taekwondo\/sv\/category\/uutiskirje\/\"\n                },\n                {\n                    \"@context\": \"https:\/\/schema.org\",\n                    \"@type\": \"ListItem\",\n                    \"position\": 4,\n                    \"name\": \"Jenna Partanen on olympiaunelmansa per&auml;ss&auml;   Taekwondourheilijat...\",\n                    \"item\": \"https:\/\/tu11.fi\/taekwondo\/sv\/2016\/01\/jenna-partanen-on-olympiaunelmansa-perassa\/\"\n                }\n            ]\n        },\n        {\n            \"@id\": \"\/2016\/01\/jenna-partanen-on-olympiaunelmansa-perassa\/#sso\/breadcrumb.list\/yleinen\",\n            \"@context\": \"https:\/\/schema.org\",\n            \"@type\": \"BreadcrumbList\",\n            \"url\": \"https:\/\/tu11.fi\/taekwondo\/sv\/2016\/01\/jenna-partanen-on-olympiaunelmansa-perassa\/\",\n            \"itemListElement\": [\n                {\n                    \"@context\": \"https:\/\/schema.org\",\n                    \"@type\": \"ListItem\",\n                    \"position\": 1,\n                    \"name\": \"Home\",\n                    \"item\": \"https:\/\/tu11.fi\/taekwondo\/sv\/\"\n                },\n                {\n                    \"@context\": \"https:\/\/schema.org\",\n                    \"@type\": \"ListItem\",\n                    \"position\": 2,\n                    \"name\": \"Blog\",\n                    \"item\": \"https:\/\/tu11.fi\/taekwondo\/\"\n                },\n                {\n                    \"@context\": \"https:\/\/schema.org\",\n                    \"@type\": \"ListItem\",\n                    \"position\": 3,\n                    \"name\": \"Yleinen Archives   Taekwondourheilijat 2011 | Taekwondoa parhaassa...\",\n                    \"item\": \"https:\/\/tu11.fi\/taekwondo\/sv\/category\/yleinen\/\"\n                },\n                {\n                    \"@context\": \"https:\/\/schema.org\",\n                    \"@type\": \"ListItem\",\n                    \"position\": 4,\n                    \"name\": \"Jenna Partanen on olympiaunelmansa per&auml;ss&auml;   Taekwondourheilijat...\",\n                    \"item\": \"https:\/\/tu11.fi\/taekwondo\/sv\/2016\/01\/jenna-partanen-on-olympiaunelmansa-perassa\/\"\n                }\n            ]\n        }\n    ]\n}<\/script>\n","<meta name=\"wpsso-end\" content=\"wpsso structured data end\"\/>\n","<meta name=\"wpsso-cached\" content=\"no cache for tu11.fi\/taekwondo\"\/>\n"],"json":[{"@context":"https:\/\/schema.org","@graph":[{"@id":"#sso\/knowledge-graph\/sports-team\/5812","@context":"https:\/\/schema.org","@type":"SportsTeam","mainEntityOfPage":"https:\/\/tu11.fi\/taekwondo\/sv\/2016\/01\/jenna-partanen-on-olympiaunelmansa-perassa\/","url":"https:\/\/tu11.fi\/taekwondo\/sv\/2016\/01\/jenna-partanen-on-olympiaunelmansa-perassa\/","sameAs":["https:\/\/tu11.fi\/taekwondo\/sv\/?p=5812"],"name":"Jenna Partanen on olympiaunelmansa per&auml;ss&auml;  &ndash; Taekwondourheilijat...","alternateName":"Jenna Partanen on olympiaunelmansa per&auml;ss&auml;  &ndash; Taekwondourheilijat 2011 | Taekwondoa parhaassa seurassa |...","description":"TU11 tarjoaa innostavan ymp&auml;rist&ouml;n harjoitella taekwondoa kaikenik&auml;isille ja -tasoisille, aloittelijoista huippu-urheilijoihin. Valmennus on systemaattista ja valmentajat maamme parhaimmistoa. Aloita taekwondo nyt!","image":[{"@id":"https:\/\/tu11.fi\/taekwondo\/wp-content\/uploads\/2023\/04\/petteri_tu11-kopio-5-1200x1200-cropped.jpg#sso\/image-object"},{"@id":"https:\/\/tu11.fi\/taekwondo\/wp-content\/uploads\/2023\/04\/petteri_tu11-kopio-5-1200x900-cropped.jpg#sso\/image-object"},{"@id":"https:\/\/tu11.fi\/taekwondo\/wp-content\/uploads\/2023\/04\/petteri_tu11-kopio-5-1200x675-cropped.jpg#sso\/image-object"}]},{"@id":"https:\/\/tu11.fi\/taekwondo\/wp-content\/uploads\/2023\/04\/petteri_tu11-kopio-5-1200x1200-cropped.jpg#sso\/image-object","@context":"https:\/\/schema.org","@type":"ImageObject","url":"https:\/\/tu11.fi\/taekwondo\/wp-content\/uploads\/2023\/04\/petteri_tu11-kopio-5-1200x1200-cropped.jpg","identifier":"14771-wpsso-schema-1x1","name":"petteri_tu11-kopio-5  &ndash; Taekwondourheilijat 2011 | Taekwondoa...","alternateName":"petteri_tu11-kopio-5  &ndash; Taekwondourheilijat 2011 | Taekwondoa parhaassa seurassa | Helsinki | Espoo | Vantaa","description":"No Description.","encodingFormat":"image\/jpeg","uploadDate":"2023-09-22T07:10:24+00:00","width":[{"@id":"#sso\/qv-width-px-1200"}],"height":[{"@id":"#sso\/qv-height-px-1200"}]},{"@id":"#sso\/qv-width-px-1200","@context":"https:\/\/schema.org","@type":"QuantitativeValue","name":"Width","unitText":"px","unitCode":"E37","value":"1200"},{"@id":"#sso\/qv-height-px-1200","@context":"https:\/\/schema.org","@type":"QuantitativeValue","name":"Height","unitText":"px","unitCode":"E37","value":"1200"},{"@id":"https:\/\/tu11.fi\/taekwondo\/wp-content\/uploads\/2023\/04\/petteri_tu11-kopio-5-1200x900-cropped.jpg#sso\/image-object","@context":"https:\/\/schema.org","@type":"ImageObject","url":"https:\/\/tu11.fi\/taekwondo\/wp-content\/uploads\/2023\/04\/petteri_tu11-kopio-5-1200x900-cropped.jpg","identifier":"14771-wpsso-schema-4x3","name":"petteri_tu11-kopio-5  &ndash; Taekwondourheilijat 2011 | Taekwondoa...","alternateName":"petteri_tu11-kopio-5  &ndash; Taekwondourheilijat 2011 | Taekwondoa parhaassa seurassa | Helsinki | Espoo | Vantaa","description":"No Description.","encodingFormat":"image\/jpeg","uploadDate":"2023-09-22T07:10:24+00:00","width":[{"@id":"#sso\/qv-width-px-1200"}],"height":[{"@id":"#sso\/qv-height-px-900"}]},{"@id":"#sso\/qv-height-px-900","@context":"https:\/\/schema.org","@type":"QuantitativeValue","name":"Height","unitText":"px","unitCode":"E37","value":"900"},{"@id":"https:\/\/tu11.fi\/taekwondo\/wp-content\/uploads\/2023\/04\/petteri_tu11-kopio-5-1200x675-cropped.jpg#sso\/image-object","@context":"https:\/\/schema.org","@type":"ImageObject","url":"https:\/\/tu11.fi\/taekwondo\/wp-content\/uploads\/2023\/04\/petteri_tu11-kopio-5-1200x675-cropped.jpg","identifier":"14771-wpsso-schema-16x9","name":"petteri_tu11-kopio-5  &ndash; Taekwondourheilijat 2011 | Taekwondoa...","alternateName":"petteri_tu11-kopio-5  &ndash; Taekwondourheilijat 2011 | Taekwondoa parhaassa seurassa | Helsinki | Espoo | Vantaa","description":"No Description.","encodingFormat":"image\/jpeg","uploadDate":"2023-09-22T07:10:24+00:00","width":[{"@id":"#sso\/qv-width-px-1200"}],"height":[{"@id":"#sso\/qv-height-px-675"}]},{"@id":"#sso\/qv-height-px-675","@context":"https:\/\/schema.org","@type":"QuantitativeValue","name":"Height","unitText":"px","unitCode":"E37","value":"675"},{"@id":"\/2016\/01\/jenna-partanen-on-olympiaunelmansa-perassa\/#sso\/breadcrumb.list\/etusivu","@context":"https:\/\/schema.org","@type":"BreadcrumbList","url":"https:\/\/tu11.fi\/taekwondo\/sv\/2016\/01\/jenna-partanen-on-olympiaunelmansa-perassa\/","itemListElement":[{"@context":"https:\/\/schema.org","@type":"ListItem","position":1,"name":"Home","item":"https:\/\/tu11.fi\/taekwondo\/sv\/"},{"@context":"https:\/\/schema.org","@type":"ListItem","position":2,"name":"Blog","item":"https:\/\/tu11.fi\/taekwondo\/"},{"@context":"https:\/\/schema.org","@type":"ListItem","position":3,"name":"Etusivu Archives   Taekwondourheilijat 2011 | Taekwondoa parhaassa...","item":"https:\/\/tu11.fi\/taekwondo\/sv\/category\/etusivu\/"},{"@context":"https:\/\/schema.org","@type":"ListItem","position":4,"name":"Jenna Partanen on olympiaunelmansa per&auml;ss&auml;   Taekwondourheilijat...","item":"https:\/\/tu11.fi\/taekwondo\/sv\/2016\/01\/jenna-partanen-on-olympiaunelmansa-perassa\/"}]},{"@id":"\/2016\/01\/jenna-partanen-on-olympiaunelmansa-perassa\/#sso\/breadcrumb.list\/slider","@context":"https:\/\/schema.org","@type":"BreadcrumbList","url":"https:\/\/tu11.fi\/taekwondo\/sv\/2016\/01\/jenna-partanen-on-olympiaunelmansa-perassa\/","itemListElement":[{"@context":"https:\/\/schema.org","@type":"ListItem","position":1,"name":"Home","item":"https:\/\/tu11.fi\/taekwondo\/sv\/"},{"@context":"https:\/\/schema.org","@type":"ListItem","position":2,"name":"Blog","item":"https:\/\/tu11.fi\/taekwondo\/"},{"@context":"https:\/\/schema.org","@type":"ListItem","position":3,"name":"slider Archives   Taekwondourheilijat 2011 | Taekwondoa parhaassa...","item":"https:\/\/tu11.fi\/taekwondo\/sv\/category\/slider\/"},{"@context":"https:\/\/schema.org","@type":"ListItem","position":4,"name":"Jenna Partanen on olympiaunelmansa per&auml;ss&auml;   Taekwondourheilijat...","item":"https:\/\/tu11.fi\/taekwondo\/sv\/2016\/01\/jenna-partanen-on-olympiaunelmansa-perassa\/"}]},{"@id":"\/2016\/01\/jenna-partanen-on-olympiaunelmansa-perassa\/#sso\/breadcrumb.list\/uutiskirje","@context":"https:\/\/schema.org","@type":"BreadcrumbList","url":"https:\/\/tu11.fi\/taekwondo\/sv\/2016\/01\/jenna-partanen-on-olympiaunelmansa-perassa\/","itemListElement":[{"@context":"https:\/\/schema.org","@type":"ListItem","position":1,"name":"Home","item":"https:\/\/tu11.fi\/taekwondo\/sv\/"},{"@context":"https:\/\/schema.org","@type":"ListItem","position":2,"name":"Blog","item":"https:\/\/tu11.fi\/taekwondo\/"},{"@context":"https:\/\/schema.org","@type":"ListItem","position":3,"name":"Uutiskirje Archives   Taekwondourheilijat 2011 | Taekwondoa...","item":"https:\/\/tu11.fi\/taekwondo\/sv\/category\/uutiskirje\/"},{"@context":"https:\/\/schema.org","@type":"ListItem","position":4,"name":"Jenna Partanen on olympiaunelmansa per&auml;ss&auml;   Taekwondourheilijat...","item":"https:\/\/tu11.fi\/taekwondo\/sv\/2016\/01\/jenna-partanen-on-olympiaunelmansa-perassa\/"}]},{"@id":"\/2016\/01\/jenna-partanen-on-olympiaunelmansa-perassa\/#sso\/breadcrumb.list\/yleinen","@context":"https:\/\/schema.org","@type":"BreadcrumbList","url":"https:\/\/tu11.fi\/taekwondo\/sv\/2016\/01\/jenna-partanen-on-olympiaunelmansa-perassa\/","itemListElement":[{"@context":"https:\/\/schema.org","@type":"ListItem","position":1,"name":"Home","item":"https:\/\/tu11.fi\/taekwondo\/sv\/"},{"@context":"https:\/\/schema.org","@type":"ListItem","position":2,"name":"Blog","item":"https:\/\/tu11.fi\/taekwondo\/"},{"@context":"https:\/\/schema.org","@type":"ListItem","position":3,"name":"Yleinen Archives   Taekwondourheilijat 2011 | Taekwondoa parhaassa...","item":"https:\/\/tu11.fi\/taekwondo\/sv\/category\/yleinen\/"},{"@context":"https:\/\/schema.org","@type":"ListItem","position":4,"name":"Jenna Partanen on olympiaunelmansa per&auml;ss&auml;   Taekwondourheilijat...","item":"https:\/\/tu11.fi\/taekwondo\/sv\/2016\/01\/jenna-partanen-on-olympiaunelmansa-perassa\/"}]}]}],"parts":[["meta","name","generator","content","WPSSO Core 21.12.0\/L*","generator:1"],["meta","name","generator","content","WPSSO RAR 3.3.0\/S","generator:2"],["meta","name","generator","content","WPSSO REST 3.3.0\/S","generator:3"],["meta","name","generator","content","WPSSO BC 5.5.0\/S","generator:4"],["meta","name","generator","content","WPSSO FAQ 7.1.0\/S","generator:5"],["meta","name","generator","content","WPSSO OPM 5.1.0\/S","generator:6"],["meta","name","generator","content","WPSSO SSM 3.4.0\/S","generator:7"],["meta","name","generator","content","WPSSO TIE 4.1.0\/S","generator:8"],["meta","name","generator","content","WPSSO UM 7.3.0\/S","generator:9"],["meta","name","generator","content","WPSSO UL 4.3.0\/S","generator:10"],["link","rel","shortlink","href","https:\/\/tu11.fi\/taekwondo\/sv\/?p=5812",""],["meta","property","fb:app_id","content","966242223397117",""],["meta","property","og:time","content","2026-04-27T01:07:04+00:00",""],["meta","property","og:type","content","article",""],["meta","property","og:url","content","https:\/\/tu11.fi\/taekwondo\/sv\/2016\/01\/jenna-partanen-on-olympiaunelmansa-perassa\/",""],["meta","property","og:locale","content","sv_SE",""],["meta","property","og:site_name","content","Taekwondourheilijat 2011 | Taekwondoa parhaassa seurassa | Helsinki | Espoo | Vantaa",""],["meta","property","og:title","content","Jenna Partanen on olympiaunelmansa per&auml;ss&auml;  &ndash; Taekwondourheilijat...",""],["meta","property","og:description","content","TU11 tarjoaa innostavan ymp&auml;rist&ouml;n harjoitella taekwondoa kaikenik&auml;isille ja -tasoisille, aloittelijoista huippu-urheilijoihin. Valmennus on systemaattista ja valmentajat maamme parhaimmistoa. Aloita taekwondo nyt!",""],["meta","property","og:updated_time","content","2016-01-11T14:24:47+00:00",""],["meta","property","og:image:secure_url","content","https:\/\/tu11.fi\/taekwondo\/wp-content\/uploads\/2012\/11\/Jenna_Partanen_cropped-e1428840188164-1200x630-cropped.jpg","og:image:1"],["meta","property","og:image:url","content","https:\/\/tu11.fi\/taekwondo\/wp-content\/uploads\/2012\/11\/Jenna_Partanen_cropped-e1428840188164-1200x630-cropped.jpg","og:image:1"],["meta","property","og:image","content","https:\/\/tu11.fi\/taekwondo\/wp-content\/uploads\/2012\/11\/Jenna_Partanen_cropped-e1428840188164-1200x630-cropped.jpg","og:image:1"],["meta","property","og:image:width","content","1200","og:image:1"],["meta","property","og:image:height","content","630","og:image:1"],["meta","property","og:image:cropped","content","true","og:image:1"],["meta","property","og:image:id","content","4786","og:image:1"],["meta","property","og:image:size_name","content","wpsso-opengraph","og:image:1"],["meta","name","schema:language","content","sv_SE",""],["meta","name","schema:type:id","content","sports.team",""],["meta","name","schema:type:url","content","https:\/\/schema.org\/SportsTeam",""],["meta","name","schema:type:context","content","https:\/\/schema.org",""],["meta","name","schema:type:name","content","SportsTeam",""],["meta","name","schema:type:path","content","schema.org\/SportsTeam",""],["meta","property","article:section","content","Sport",""],["meta","property","article:author:name","content","Sampo Pajulampi",""],["meta","property","article:publisher","content","https:\/\/www.facebook.com\/TU11",""],["meta","property","article:published_time","content","2016-01-11T14:24:47+00:00",""],["meta","property","article:modified_time","content","2016-01-11T14:24:47+00:00",""],["meta","property","article:reading_mins","content","4",""],["meta","name","twitter:domain","content","tu11.fi",""],["meta","name","twitter:site","content","@taekwondourh",""],["meta","name","twitter:title","content","Jenna Partanen on olympiaunelmansa per&auml;ss&auml;  &ndash; Taekwondourheilijat...",""],["meta","name","twitter:description","content","TU11 tarjoaa innostavan ymp&auml;rist&ouml;n harjoitella taekwondoa kaikenik&auml;isille ja -tasoisille, aloittelijoista huippu-urheilijoihin. Valmennus on systemaattista ja valmentajat maamme parhaimmistoa...",""],["meta","name","twitter:card","content","summary",""],["meta","name","twitter:image","content","https:\/\/tu11.fi\/taekwondo\/wp-content\/uploads\/2023\/04\/petteri_tu11-kopio-5-1200x1200-cropped.jpg",""],["meta","name","twitter:label1","content","Written by",""],["meta","name","twitter:data1","content","Sampo Pajulampi",""],["meta","name","twitter:label2","content","Est. reading time",""],["meta","name","twitter:data2","content","4 minutes",""],["meta","name","author","content","Sampo Pajulampi",""],["meta","name","thumbnail","content","https:\/\/tu11.fi\/taekwondo\/wp-content\/uploads\/2012\/11\/Jenna_Partanen_cropped-e1428840188164-1200x630-cropped.jpg",""]]},"_links":{"self":[{"href":"https:\/\/tu11.fi\/taekwondo\/sv\/wp-json\/wp\/v2\/posts\/5812","targetHints":{"allow":["GET"]}}],"collection":[{"href":"https:\/\/tu11.fi\/taekwondo\/sv\/wp-json\/wp\/v2\/posts"}],"about":[{"href":"https:\/\/tu11.fi\/taekwondo\/sv\/wp-json\/wp\/v2\/types\/post"}],"author":[{"embeddable":true,"href":"https:\/\/tu11.fi\/taekwondo\/sv\/wp-json\/wp\/v2\/users\/2"}],"replies":[{"embeddable":true,"href":"https:\/\/tu11.fi\/taekwondo\/sv\/wp-json\/wp\/v2\/comments?post=5812"}],"version-history":[{"count":0,"href":"https:\/\/tu11.fi\/taekwondo\/sv\/wp-json\/wp\/v2\/posts\/5812\/revisions"}],"wp:featuredmedia":[{"embeddable":true,"href":"https:\/\/tu11.fi\/taekwondo\/sv\/wp-json\/wp\/v2\/media\/4786"}],"wp:attachment":[{"href":"https:\/\/tu11.fi\/taekwondo\/sv\/wp-json\/wp\/v2\/media?parent=5812"}],"wp:term":[{"taxonomy":"category","embeddable":true,"href":"https:\/\/tu11.fi\/taekwondo\/sv\/wp-json\/wp\/v2\/categories?post=5812"},{"taxonomy":"post_tag","embeddable":true,"href":"https:\/\/tu11.fi\/taekwondo\/sv\/wp-json\/wp\/v2\/tags?post=5812"}],"curies":[{"name":"wp","href":"https:\/\/api.w.org\/{rel}","templated":true}]}}