{"id":8827,"date":"2018-06-15T11:52:20","date_gmt":"2018-06-15T11:52:20","guid":{"rendered":"http:\/\/www.taekwondourheilijat.fi\/taekwondo\/?p=7757"},"modified":"2018-06-15T11:52:20","modified_gmt":"2018-06-15T11:52:20","slug":"akrobatik-minilager-26-27-6","status":"publish","type":"post","link":"https:\/\/tu11.fi\/taekwondo\/sv\/2018\/06\/akrobatia-aiheinen-minileiri-26-27-6\/","title":{"rendered":"Minil\u00e4ger med akrobatiktema 26-27 juni."},"content":{"rendered":"<p>V\u00e5r klubbs f\u00f6re detta idrottare Havu Palviainen leder ett sm\u00e5skaligt akrobatikl\u00e4ger p\u00e5 sommaren, veckan efter midsommar, tis-ons <strong>26.-27.6.<\/strong>, b\u00e5da dagarna kl <strong>15:30-17:00.\u00a0<\/strong>Priset f\u00f6r l\u00e4gret \u00e4r endast \u20ac10, s\u00e5 priset \u00e4r knappast ett hinder f\u00f6r n\u00e5gon. \u00d6vningarna passar entusiaster p\u00e5 alla niv\u00e5er, \u00e4ven om det \u00e4r bra att beh\u00e4rska grundl\u00e4ggande fysiska f\u00e4rdigheter.<\/p>\n<p>Havu studerar just nu cirkus i \u00c5bo och har h\u00e5llit p\u00e5 med akrobatiktr\u00e4ning under l\u00e5ng tid, s\u00e5 det kommer s\u00e4kert att finnas m\u00e5ngsidig och professionell v\u00e4gledning. Havu har ocks\u00e5 en stark bakgrund inom taekwondo och sport; bland annat t.ex. 5:e platsen i pulka-EM och Nordiska m\u00e4sterskapet i pulka i matchen.<\/p>\n<p>Missa inte detta evenemang!<\/p>\n<p>Anm\u00e4l dig genom att skicka ett meddelande till adressen <a href=\"mailto:info@tu11.fi\">info@tu11.fi<\/a><\/p>","protected":false},"excerpt":{"rendered":"<p>V\u00e5r klubbs tidigare idrottare Havu Palviainen kommer att leda ett sm\u00e5skaligt akrobatikl\u00e4ger under sommaren veckan efter midsommar, tis-ons 26-27 juni, b\u00e5da dagarna 15.30-17.00. Priset f\u00f6r l\u00e4gret \u00e4r endast \u20ac10, s\u00e5 priset \u00e4r knappast ett hinder f\u00f6r n\u00e5gon. \u00d6vningarna passar entusiaster p\u00e5 alla niv\u00e5er, \u00e4ven om det \u00e4r bra att beh\u00e4rska grundl\u00e4ggande fysiska f\u00e4rdigheter. Havu studerar just nu cirkus i \u00c5bo och har h\u00e5llit p\u00e5 med akrobatiktr\u00e4ning l\u00e4nge, s\u00e5 m\u00e5ngsidig och professionell v\u00e4gledning...<\/p>","protected":false},"author":7,"featured_media":3443,"comment_status":"closed","ping_status":"closed","sticky":false,"template":"templates\/template-cover.php","format":"standard","meta":{"footnotes":""},"categories":[4,438,1],"tags":[],"class_list":["post-8827","post","type-post","status-publish","format-standard","has-post-thumbnail","hentry","category-etusivu","category-uutiskirje","category-yleinen"],"yoast_head":"<!-- This site is optimized with the Yoast SEO plugin v27.4 - https:\/\/yoast.com\/product\/yoast-seo-wordpress\/ -->\n<title>Akrobatia-aiheinen minileiri 26.-27.6. - Taekwondourheilijat 2011 | Taekwondoa parhaassa seurassa | Helsinki | Espoo | Vantaa<\/title>\n<meta name=\"description\" content=\"Taekwondourheilijat j\u00e4rjest\u00e4\u00e4 juhannuksen j\u00e4lkeisell\u00e4 viikolla akrobatia-aiheisen minileirin 26.-27.6. Ilmoittaudu sin\u00e4kin mukaan!\" \/>\n<meta name=\"robots\" content=\"index, follow, max-snippet:-1, max-image-preview:large, max-video-preview:-1\" \/>\n<link rel=\"canonical\" href=\"https:\/\/tu11.fi\/taekwondo\/sv\/2018\/06\/akrobatik-minilager-26-27-6\/\" \/>\n<script type=\"application\/ld+json\" class=\"yoast-schema-graph\">{\"@context\":\"https:\\\/\\\/schema.org\",\"@graph\":[]}<\/script>\n<!-- \/ Yoast SEO plugin. -->","yoast_head_json":{"title":"Akrobatia-aiheinen minileiri 26.-27.6. - Taekwondourheilijat 2011 | Taekwondoa parhaassa seurassa | Helsinki | Espoo | Vantaa","description":"Veckan efter midsommar anordnar Taekwondo-idrottare ett minil\u00e4ger med akrobatiktema den 26-27 juni. Anm\u00e4l dig ocks\u00e5!","robots":{"index":"index","follow":"follow","max-snippet":"max-snippet:-1","max-image-preview":"max-image-preview:large","max-video-preview":"max-video-preview:-1"},"canonical":"https:\/\/tu11.fi\/taekwondo\/sv\/2018\/06\/akrobatik-minilager-26-27-6\/","schema":{"@context":"https:\/\/schema.org","@graph":[]}},"amp_enabled":true,"head":{"html":["<meta name=\"wpsso-begin\" content=\"wpsso structured data begin\"\/>\n","<!-- generator:1 --><meta name=\"generator\" content=\"WPSSO Core 21.13.2\/L*\"\/>\n","<!-- generator:2 --><meta name=\"generator\" content=\"WPSSO RAR 3.3.0\/S\"\/>\n","<!-- generator:3 --><meta name=\"generator\" content=\"WPSSO REST 3.3.0\/S\"\/>\n","<!-- generator:4 --><meta name=\"generator\" content=\"WPSSO BC 5.5.0\/S\"\/>\n","<!-- generator:5 --><meta name=\"generator\" content=\"WPSSO FAQ 7.1.0\/S\"\/>\n","<!-- generator:6 --><meta name=\"generator\" content=\"WPSSO OPM 5.1.0\/S\"\/>\n","<!-- generator:7 --><meta name=\"generator\" content=\"WPSSO SSM 3.4.0\/S\"\/>\n","<!-- generator:8 --><meta name=\"generator\" content=\"WPSSO TIE 4.1.0\/S\"\/>\n","<!-- generator:9 --><meta name=\"generator\" content=\"WPSSO UM 7.3.0\/S\"\/>\n","<!-- generator:10 --><meta name=\"generator\" content=\"WPSSO UL 4.3.0\/S\"\/>\n","<link rel=\"shortlink\" href=\"https:\/\/tu11.fi\/taekwondo\/sv\/?p=8827\"\/>\n","<meta property=\"fb:app_id\" content=\"966242223397117\"\/>\n","<meta property=\"og:type\" content=\"article\"\/>\n","<meta property=\"og:url\" content=\"https:\/\/tu11.fi\/taekwondo\/sv\/2018\/06\/akrobatia-aiheinen-minileiri-26-27-6\/\"\/>\n","<meta property=\"og:locale\" content=\"sv_SE\"\/>\n","<meta property=\"og:site_name\" content=\"Taekwondourheilijat 2011 | Taekwondoa parhaassa seurassa | Helsinki | Espoo | Vantaa\"\/>\n","<meta property=\"og:title\" content=\"Akrobatia-aiheinen minileiri 26.-27.6.  &ndash; Taekwondourheilijat 2011...\"\/>\n","<meta property=\"og:description\" content=\"Taekwondourheilijat j&auml;rjest&auml;&auml; juhannuksen j&auml;lkeisell&auml; viikolla akrobatia-aiheisen minileirin 26.-27.6. Ilmoittaudu sin&auml;kin mukaan!\"\/>\n","<meta property=\"og:updated_time\" content=\"2018-06-15T11:52:20+00:00\"\/>\n","<!-- og:image:1 --><meta property=\"og:image\" content=\"https:\/\/tu11.fi\/taekwondo\/wp-content\/uploads\/2013\/08\/bannerista_kuvaksi-1200x630-cropped.jpg\"\/>\n","<!-- og:image:1 --><meta property=\"og:image:width\" content=\"1200\"\/>\n","<!-- og:image:1 --><meta property=\"og:image:height\" content=\"630\"\/>\n","<!-- og:image:1 --><meta property=\"og:image:alt\" content=\"Aloita taekwondo!\"\/>\n","<meta property=\"article:section\" content=\"Sport\"\/>\n","<meta property=\"article:publisher\" content=\"https:\/\/www.facebook.com\/TU11\"\/>\n","<meta property=\"article:published_time\" content=\"2018-06-15T11:52:20+00:00\"\/>\n","<meta property=\"article:modified_time\" content=\"2018-06-15T11:52:20+00:00\"\/>\n","<meta name=\"twitter:domain\" content=\"tu11.fi\"\/>\n","<meta name=\"twitter:site\" content=\"@taekwondourh\"\/>\n","<meta name=\"twitter:title\" content=\"Akrobatia-aiheinen minileiri 26.-27.6.  &ndash; Taekwondourheilijat 2011...\"\/>\n","<meta name=\"twitter:description\" content=\"Taekwondourheilijat j&auml;rjest&auml;&auml; juhannuksen j&auml;lkeisell&auml; viikolla akrobatia-aiheisen minileirin 26.-27.6. Ilmoittaudu sin&auml;kin mukaan!\"\/>\n","<meta name=\"twitter:card\" content=\"summary\"\/>\n","<meta name=\"twitter:image\" content=\"https:\/\/tu11.fi\/taekwondo\/wp-content\/uploads\/2023\/04\/petteri_tu11-kopio-5-1200x1200-cropped.jpg\"\/>\n","<meta name=\"twitter:label1\" content=\"Written by\"\/>\n","<meta name=\"twitter:data1\" content=\"Pauli Raivio\"\/>\n","<meta name=\"author\" content=\"Pauli Raivio\"\/>\n","<meta name=\"thumbnail\" content=\"https:\/\/tu11.fi\/taekwondo\/wp-content\/uploads\/2013\/08\/bannerista_kuvaksi-1200x630-cropped.jpg\"\/>\n","<script type=\"application\/ld+json\" id=\"wpsso-schema-graph\">{\n    \"@context\": \"https:\/\/schema.org\",\n    \"@graph\": [\n        {\n            \"@id\": \"#sso\/knowledge-graph\/sports-team\/8827\",\n            \"@context\": \"https:\/\/schema.org\",\n            \"@type\": \"SportsTeam\",\n            \"mainEntityOfPage\": \"https:\/\/tu11.fi\/taekwondo\/sv\/2018\/06\/akrobatia-aiheinen-minileiri-26-27-6\/\",\n            \"url\": \"https:\/\/tu11.fi\/taekwondo\/sv\/2018\/06\/akrobatia-aiheinen-minileiri-26-27-6\/\",\n            \"sameAs\": [\n                \"https:\/\/tu11.fi\/taekwondo\/sv\/?p=8827\"\n            ],\n            \"name\": \"Akrobatia-aiheinen minileiri 26.-27.6.  &ndash; Taekwondourheilijat 2011...\",\n            \"alternateName\": \"Akrobatia-aiheinen minileiri 26.-27.6.  &ndash; Taekwondourheilijat 2011 | Taekwondoa parhaassa seurassa |...\",\n            \"description\": \"Taekwondourheilijat j&auml;rjest&auml;&auml; juhannuksen j&auml;lkeisell&auml; viikolla akrobatia-aiheisen minileirin 26.-27.6. Ilmoittaudu sin&auml;kin mukaan!\",\n            \"image\": [\n                {\n                    \"@id\": \"https:\/\/tu11.fi\/taekwondo\/wp-content\/uploads\/2023\/04\/petteri_tu11-kopio-5-1200x1200-cropped.jpg#sso\/image-object\"\n                },\n                {\n                    \"@id\": \"https:\/\/tu11.fi\/taekwondo\/wp-content\/uploads\/2023\/04\/petteri_tu11-kopio-5-1200x900-cropped.jpg#sso\/image-object\"\n                },\n                {\n                    \"@id\": \"https:\/\/tu11.fi\/taekwondo\/wp-content\/uploads\/2023\/04\/petteri_tu11-kopio-5-1200x675-cropped.jpg#sso\/image-object\"\n                },\n                {\n                    \"@id\": \"https:\/\/tu11.fi\/taekwondo\/wp-content\/uploads\/2013\/08\/bannerista_kuvaksi-1200x630-cropped.jpg#sso\/image-object\"\n                }\n            ]\n        },\n        {\n            \"@id\": \"https:\/\/tu11.fi\/taekwondo\/wp-content\/uploads\/2023\/04\/petteri_tu11-kopio-5-1200x1200-cropped.jpg#sso\/image-object\",\n            \"@context\": \"https:\/\/schema.org\",\n            \"@type\": \"ImageObject\",\n            \"url\": \"https:\/\/tu11.fi\/taekwondo\/wp-content\/uploads\/2023\/04\/petteri_tu11-kopio-5-1200x1200-cropped.jpg\",\n            \"identifier\": \"14771-wpsso-schema-1x1\",\n            \"name\": \"petteri_tu11-kopio-5  &ndash; Taekwondourheilijat 2011 | Taekwondoa...\",\n            \"alternateName\": \"petteri_tu11-kopio-5  &ndash; Taekwondourheilijat 2011 | Taekwondoa parhaassa seurassa | Helsinki | Espoo | Vantaa\",\n            \"description\": \"No Description.\",\n            \"encodingFormat\": \"image\/jpeg\",\n            \"uploadDate\": \"2023-09-22T07:10:24+00:00\",\n            \"width\": [\n                {\n                    \"@id\": \"#sso\/qv-width-px-1200\"\n                }\n            ],\n            \"height\": [\n                {\n                    \"@id\": \"#sso\/qv-height-px-1200\"\n                }\n            ]\n        },\n        {\n            \"@id\": \"#sso\/qv-width-px-1200\",\n            \"@context\": \"https:\/\/schema.org\",\n            \"@type\": \"QuantitativeValue\",\n            \"name\": \"Width\",\n            \"unitText\": \"px\",\n            \"unitCode\": \"E37\",\n            \"value\": \"1200\"\n        },\n        {\n            \"@id\": \"#sso\/qv-height-px-1200\",\n            \"@context\": \"https:\/\/schema.org\",\n            \"@type\": \"QuantitativeValue\",\n            \"name\": \"Height\",\n            \"unitText\": \"px\",\n            \"unitCode\": \"E37\",\n            \"value\": \"1200\"\n        },\n        {\n            \"@id\": \"https:\/\/tu11.fi\/taekwondo\/wp-content\/uploads\/2023\/04\/petteri_tu11-kopio-5-1200x900-cropped.jpg#sso\/image-object\",\n            \"@context\": \"https:\/\/schema.org\",\n            \"@type\": \"ImageObject\",\n            \"url\": \"https:\/\/tu11.fi\/taekwondo\/wp-content\/uploads\/2023\/04\/petteri_tu11-kopio-5-1200x900-cropped.jpg\",\n            \"identifier\": \"14771-wpsso-schema-4x3\",\n            \"name\": \"petteri_tu11-kopio-5  &ndash; Taekwondourheilijat 2011 | Taekwondoa...\",\n            \"alternateName\": \"petteri_tu11-kopio-5  &ndash; Taekwondourheilijat 2011 | Taekwondoa parhaassa seurassa | Helsinki | Espoo | Vantaa\",\n            \"description\": \"No Description.\",\n            \"encodingFormat\": \"image\/jpeg\",\n            \"uploadDate\": \"2023-09-22T07:10:24+00:00\",\n            \"width\": [\n                {\n                    \"@id\": \"#sso\/qv-width-px-1200\"\n                }\n            ],\n            \"height\": [\n                {\n                    \"@id\": \"#sso\/qv-height-px-900\"\n                }\n            ]\n        },\n        {\n            \"@id\": \"#sso\/qv-height-px-900\",\n            \"@context\": \"https:\/\/schema.org\",\n            \"@type\": \"QuantitativeValue\",\n            \"name\": \"Height\",\n            \"unitText\": \"px\",\n            \"unitCode\": \"E37\",\n            \"value\": \"900\"\n        },\n        {\n            \"@id\": \"https:\/\/tu11.fi\/taekwondo\/wp-content\/uploads\/2023\/04\/petteri_tu11-kopio-5-1200x675-cropped.jpg#sso\/image-object\",\n            \"@context\": \"https:\/\/schema.org\",\n            \"@type\": \"ImageObject\",\n            \"url\": \"https:\/\/tu11.fi\/taekwondo\/wp-content\/uploads\/2023\/04\/petteri_tu11-kopio-5-1200x675-cropped.jpg\",\n            \"identifier\": \"14771-wpsso-schema-16x9\",\n            \"name\": \"petteri_tu11-kopio-5  &ndash; Taekwondourheilijat 2011 | Taekwondoa...\",\n            \"alternateName\": \"petteri_tu11-kopio-5  &ndash; Taekwondourheilijat 2011 | Taekwondoa parhaassa seurassa | Helsinki | Espoo | Vantaa\",\n            \"description\": \"No Description.\",\n            \"encodingFormat\": \"image\/jpeg\",\n            \"uploadDate\": \"2023-09-22T07:10:24+00:00\",\n            \"width\": [\n                {\n                    \"@id\": \"#sso\/qv-width-px-1200\"\n                }\n            ],\n            \"height\": [\n                {\n                    \"@id\": \"#sso\/qv-height-px-675\"\n                }\n            ]\n        },\n        {\n            \"@id\": \"#sso\/qv-height-px-675\",\n            \"@context\": \"https:\/\/schema.org\",\n            \"@type\": \"QuantitativeValue\",\n            \"name\": \"Height\",\n            \"unitText\": \"px\",\n            \"unitCode\": \"E37\",\n            \"value\": \"675\"\n        },\n        {\n            \"@id\": \"https:\/\/tu11.fi\/taekwondo\/wp-content\/uploads\/2013\/08\/bannerista_kuvaksi-1200x630-cropped.jpg#sso\/image-object\",\n            \"@context\": \"https:\/\/schema.org\",\n            \"@type\": \"ImageObject\",\n            \"url\": \"https:\/\/tu11.fi\/taekwondo\/wp-content\/uploads\/2013\/08\/bannerista_kuvaksi-1200x630-cropped.jpg\",\n            \"identifier\": \"3443-wpsso-thumbnail\",\n            \"name\": \"Aloita taekwondo!  &ndash; Taekwondourheilijat 2011 | Taekwondoa...\",\n            \"alternateName\": \"Aloita taekwondo!  &ndash; Taekwondourheilijat 2011 | Taekwondoa parhaassa seurassa | Helsinki | Espoo | Vantaa\",\n            \"alternativeHeadline\": \"Aloita taekwondo!\",\n            \"description\": \"Aloita taekwondo!\",\n            \"encodingFormat\": \"image\/jpeg\",\n            \"uploadDate\": \"2013-08-06T06:38:58+00:00\",\n            \"width\": [\n                {\n                    \"@id\": \"#sso\/qv-width-px-1200\"\n                }\n            ],\n            \"height\": [\n                {\n                    \"@id\": \"#sso\/qv-height-px-630\"\n                }\n            ]\n        },\n        {\n            \"@id\": \"#sso\/qv-height-px-630\",\n            \"@context\": \"https:\/\/schema.org\",\n            \"@type\": \"QuantitativeValue\",\n            \"name\": \"Height\",\n            \"unitText\": \"px\",\n            \"unitCode\": \"E37\",\n            \"value\": \"630\"\n        },\n        {\n            \"@id\": \"\/2018\/06\/akrobatia-aiheinen-minileiri-26-27-6\/#sso\/breadcrumb.list\/yleinen\",\n            \"@context\": \"https:\/\/schema.org\",\n            \"@type\": \"BreadcrumbList\",\n            \"url\": \"https:\/\/tu11.fi\/taekwondo\/sv\/2018\/06\/akrobatia-aiheinen-minileiri-26-27-6\/\",\n            \"itemListElement\": [\n                {\n                    \"@context\": \"https:\/\/schema.org\",\n                    \"@type\": \"ListItem\",\n                    \"position\": 1,\n                    \"name\": \"Home\",\n                    \"item\": \"https:\/\/tu11.fi\/taekwondo\/sv\/\"\n                },\n                {\n                    \"@context\": \"https:\/\/schema.org\",\n                    \"@type\": \"ListItem\",\n                    \"position\": 2,\n                    \"name\": \"Blog\",\n                    \"item\": \"https:\/\/tu11.fi\/taekwondo\/\"\n                },\n                {\n                    \"@context\": \"https:\/\/schema.org\",\n                    \"@type\": \"ListItem\",\n                    \"position\": 3,\n                    \"name\": \"Yleinen Archives   Taekwondourheilijat 2011 | Taekwondoa parhaassa...\",\n                    \"item\": \"https:\/\/tu11.fi\/taekwondo\/sv\/category\/yleinen\/\"\n                },\n                {\n                    \"@context\": \"https:\/\/schema.org\",\n                    \"@type\": \"ListItem\",\n                    \"position\": 4,\n                    \"name\": \"Akrobatia-aiheinen minileiri 26.-27.6.   Taekwondourheilijat 2011...\",\n                    \"item\": \"https:\/\/tu11.fi\/taekwondo\/sv\/2018\/06\/akrobatia-aiheinen-minileiri-26-27-6\/\"\n                }\n            ]\n        },\n        {\n            \"@id\": \"\/2018\/06\/akrobatia-aiheinen-minileiri-26-27-6\/#sso\/breadcrumb.list\/etusivu\",\n            \"@context\": \"https:\/\/schema.org\",\n            \"@type\": \"BreadcrumbList\",\n            \"url\": \"https:\/\/tu11.fi\/taekwondo\/sv\/2018\/06\/akrobatia-aiheinen-minileiri-26-27-6\/\",\n            \"itemListElement\": [\n                {\n                    \"@context\": \"https:\/\/schema.org\",\n                    \"@type\": \"ListItem\",\n                    \"position\": 1,\n                    \"name\": \"Home\",\n                    \"item\": \"https:\/\/tu11.fi\/taekwondo\/sv\/\"\n                },\n                {\n                    \"@context\": \"https:\/\/schema.org\",\n                    \"@type\": \"ListItem\",\n                    \"position\": 2,\n                    \"name\": \"Blog\",\n                    \"item\": \"https:\/\/tu11.fi\/taekwondo\/\"\n                },\n                {\n                    \"@context\": \"https:\/\/schema.org\",\n                    \"@type\": \"ListItem\",\n                    \"position\": 3,\n                    \"name\": \"Etusivu Archives   Taekwondourheilijat 2011 | Taekwondoa parhaassa...\",\n                    \"item\": \"https:\/\/tu11.fi\/taekwondo\/sv\/category\/etusivu\/\"\n                },\n                {\n                    \"@context\": \"https:\/\/schema.org\",\n                    \"@type\": \"ListItem\",\n                    \"position\": 4,\n                    \"name\": \"Akrobatia-aiheinen minileiri 26.-27.6.   Taekwondourheilijat 2011...\",\n                    \"item\": \"https:\/\/tu11.fi\/taekwondo\/sv\/2018\/06\/akrobatia-aiheinen-minileiri-26-27-6\/\"\n                }\n            ]\n        },\n        {\n            \"@id\": \"\/2018\/06\/akrobatia-aiheinen-minileiri-26-27-6\/#sso\/breadcrumb.list\/uutiskirje\",\n            \"@context\": \"https:\/\/schema.org\",\n            \"@type\": \"BreadcrumbList\",\n            \"url\": \"https:\/\/tu11.fi\/taekwondo\/sv\/2018\/06\/akrobatia-aiheinen-minileiri-26-27-6\/\",\n            \"itemListElement\": [\n                {\n                    \"@context\": \"https:\/\/schema.org\",\n                    \"@type\": \"ListItem\",\n                    \"position\": 1,\n                    \"name\": \"Home\",\n                    \"item\": \"https:\/\/tu11.fi\/taekwondo\/sv\/\"\n                },\n                {\n                    \"@context\": \"https:\/\/schema.org\",\n                    \"@type\": \"ListItem\",\n                    \"position\": 2,\n                    \"name\": \"Blog\",\n                    \"item\": \"https:\/\/tu11.fi\/taekwondo\/\"\n                },\n                {\n                    \"@context\": \"https:\/\/schema.org\",\n                    \"@type\": \"ListItem\",\n                    \"position\": 3,\n                    \"name\": \"Uutiskirje Archives   Taekwondourheilijat 2011 | Taekwondoa...\",\n                    \"item\": \"https:\/\/tu11.fi\/taekwondo\/sv\/category\/uutiskirje\/\"\n                },\n                {\n                    \"@context\": \"https:\/\/schema.org\",\n                    \"@type\": \"ListItem\",\n                    \"position\": 4,\n                    \"name\": \"Akrobatia-aiheinen minileiri 26.-27.6.   Taekwondourheilijat 2011...\",\n                    \"item\": \"https:\/\/tu11.fi\/taekwondo\/sv\/2018\/06\/akrobatia-aiheinen-minileiri-26-27-6\/\"\n                }\n            ]\n        }\n    ]\n}<\/script>\n","<meta name=\"wpsso-end\" content=\"wpsso structured data end\"\/>\n","<meta name=\"wpsso-cached\" content=\"no cache for tu11.fi\/taekwondo\"\/>\n"],"json":[{"@context":"https:\/\/schema.org","@graph":[{"@id":"#sso\/knowledge-graph\/sports-team\/8827","@context":"https:\/\/schema.org","@type":"SportsTeam","mainEntityOfPage":"https:\/\/tu11.fi\/taekwondo\/sv\/2018\/06\/akrobatia-aiheinen-minileiri-26-27-6\/","url":"https:\/\/tu11.fi\/taekwondo\/sv\/2018\/06\/akrobatia-aiheinen-minileiri-26-27-6\/","sameAs":["https:\/\/tu11.fi\/taekwondo\/sv\/?p=8827"],"name":"Akrobatia-aiheinen minileiri 26.-27.6.  &ndash; Taekwondourheilijat 2011...","alternateName":"Akrobatia-aiheinen minileiri 26.-27.6.  &ndash; Taekwondourheilijat 2011 | Taekwondoa parhaassa seurassa |...","description":"Taekwondourheilijat j&auml;rjest&auml;&auml; juhannuksen j&auml;lkeisell&auml; viikolla akrobatia-aiheisen minileirin 26.-27.6. Ilmoittaudu sin&auml;kin mukaan!","image":[{"@id":"https:\/\/tu11.fi\/taekwondo\/wp-content\/uploads\/2023\/04\/petteri_tu11-kopio-5-1200x1200-cropped.jpg#sso\/image-object"},{"@id":"https:\/\/tu11.fi\/taekwondo\/wp-content\/uploads\/2023\/04\/petteri_tu11-kopio-5-1200x900-cropped.jpg#sso\/image-object"},{"@id":"https:\/\/tu11.fi\/taekwondo\/wp-content\/uploads\/2023\/04\/petteri_tu11-kopio-5-1200x675-cropped.jpg#sso\/image-object"},{"@id":"https:\/\/tu11.fi\/taekwondo\/wp-content\/uploads\/2013\/08\/bannerista_kuvaksi-1200x630-cropped.jpg#sso\/image-object"}]},{"@id":"https:\/\/tu11.fi\/taekwondo\/wp-content\/uploads\/2023\/04\/petteri_tu11-kopio-5-1200x1200-cropped.jpg#sso\/image-object","@context":"https:\/\/schema.org","@type":"ImageObject","url":"https:\/\/tu11.fi\/taekwondo\/wp-content\/uploads\/2023\/04\/petteri_tu11-kopio-5-1200x1200-cropped.jpg","identifier":"14771-wpsso-schema-1x1","name":"petteri_tu11-kopio-5  &ndash; Taekwondourheilijat 2011 | Taekwondoa...","alternateName":"petteri_tu11-kopio-5  &ndash; Taekwondourheilijat 2011 | Taekwondoa parhaassa seurassa | Helsinki | Espoo | Vantaa","description":"No Description.","encodingFormat":"image\/jpeg","uploadDate":"2023-09-22T07:10:24+00:00","width":[{"@id":"#sso\/qv-width-px-1200"}],"height":[{"@id":"#sso\/qv-height-px-1200"}]},{"@id":"#sso\/qv-width-px-1200","@context":"https:\/\/schema.org","@type":"QuantitativeValue","name":"Width","unitText":"px","unitCode":"E37","value":"1200"},{"@id":"#sso\/qv-height-px-1200","@context":"https:\/\/schema.org","@type":"QuantitativeValue","name":"Height","unitText":"px","unitCode":"E37","value":"1200"},{"@id":"https:\/\/tu11.fi\/taekwondo\/wp-content\/uploads\/2023\/04\/petteri_tu11-kopio-5-1200x900-cropped.jpg#sso\/image-object","@context":"https:\/\/schema.org","@type":"ImageObject","url":"https:\/\/tu11.fi\/taekwondo\/wp-content\/uploads\/2023\/04\/petteri_tu11-kopio-5-1200x900-cropped.jpg","identifier":"14771-wpsso-schema-4x3","name":"petteri_tu11-kopio-5  &ndash; Taekwondourheilijat 2011 | Taekwondoa...","alternateName":"petteri_tu11-kopio-5  &ndash; Taekwondourheilijat 2011 | Taekwondoa parhaassa seurassa | Helsinki | Espoo | Vantaa","description":"No Description.","encodingFormat":"image\/jpeg","uploadDate":"2023-09-22T07:10:24+00:00","width":[{"@id":"#sso\/qv-width-px-1200"}],"height":[{"@id":"#sso\/qv-height-px-900"}]},{"@id":"#sso\/qv-height-px-900","@context":"https:\/\/schema.org","@type":"QuantitativeValue","name":"Height","unitText":"px","unitCode":"E37","value":"900"},{"@id":"https:\/\/tu11.fi\/taekwondo\/wp-content\/uploads\/2023\/04\/petteri_tu11-kopio-5-1200x675-cropped.jpg#sso\/image-object","@context":"https:\/\/schema.org","@type":"ImageObject","url":"https:\/\/tu11.fi\/taekwondo\/wp-content\/uploads\/2023\/04\/petteri_tu11-kopio-5-1200x675-cropped.jpg","identifier":"14771-wpsso-schema-16x9","name":"petteri_tu11-kopio-5  &ndash; Taekwondourheilijat 2011 | Taekwondoa...","alternateName":"petteri_tu11-kopio-5  &ndash; Taekwondourheilijat 2011 | Taekwondoa parhaassa seurassa | Helsinki | Espoo | Vantaa","description":"No Description.","encodingFormat":"image\/jpeg","uploadDate":"2023-09-22T07:10:24+00:00","width":[{"@id":"#sso\/qv-width-px-1200"}],"height":[{"@id":"#sso\/qv-height-px-675"}]},{"@id":"#sso\/qv-height-px-675","@context":"https:\/\/schema.org","@type":"QuantitativeValue","name":"Height","unitText":"px","unitCode":"E37","value":"675"},{"@id":"https:\/\/tu11.fi\/taekwondo\/wp-content\/uploads\/2013\/08\/bannerista_kuvaksi-1200x630-cropped.jpg#sso\/image-object","@context":"https:\/\/schema.org","@type":"ImageObject","url":"https:\/\/tu11.fi\/taekwondo\/wp-content\/uploads\/2013\/08\/bannerista_kuvaksi-1200x630-cropped.jpg","identifier":"3443-wpsso-thumbnail","name":"Aloita taekwondo!  &ndash; Taekwondourheilijat 2011 | Taekwondoa...","alternateName":"Aloita taekwondo!  &ndash; Taekwondourheilijat 2011 | Taekwondoa parhaassa seurassa | Helsinki | Espoo | Vantaa","alternativeHeadline":"Aloita taekwondo!","description":"Aloita taekwondo!","encodingFormat":"image\/jpeg","uploadDate":"2013-08-06T06:38:58+00:00","width":[{"@id":"#sso\/qv-width-px-1200"}],"height":[{"@id":"#sso\/qv-height-px-630"}]},{"@id":"#sso\/qv-height-px-630","@context":"https:\/\/schema.org","@type":"QuantitativeValue","name":"Height","unitText":"px","unitCode":"E37","value":"630"},{"@id":"\/2018\/06\/akrobatia-aiheinen-minileiri-26-27-6\/#sso\/breadcrumb.list\/yleinen","@context":"https:\/\/schema.org","@type":"BreadcrumbList","url":"https:\/\/tu11.fi\/taekwondo\/sv\/2018\/06\/akrobatia-aiheinen-minileiri-26-27-6\/","itemListElement":[{"@context":"https:\/\/schema.org","@type":"ListItem","position":1,"name":"Home","item":"https:\/\/tu11.fi\/taekwondo\/sv\/"},{"@context":"https:\/\/schema.org","@type":"ListItem","position":2,"name":"Blog","item":"https:\/\/tu11.fi\/taekwondo\/"},{"@context":"https:\/\/schema.org","@type":"ListItem","position":3,"name":"Yleinen Archives   Taekwondourheilijat 2011 | Taekwondoa parhaassa...","item":"https:\/\/tu11.fi\/taekwondo\/sv\/category\/yleinen\/"},{"@context":"https:\/\/schema.org","@type":"ListItem","position":4,"name":"Akrobatia-aiheinen minileiri 26.-27.6.   Taekwondourheilijat 2011...","item":"https:\/\/tu11.fi\/taekwondo\/sv\/2018\/06\/akrobatia-aiheinen-minileiri-26-27-6\/"}]},{"@id":"\/2018\/06\/akrobatia-aiheinen-minileiri-26-27-6\/#sso\/breadcrumb.list\/etusivu","@context":"https:\/\/schema.org","@type":"BreadcrumbList","url":"https:\/\/tu11.fi\/taekwondo\/sv\/2018\/06\/akrobatia-aiheinen-minileiri-26-27-6\/","itemListElement":[{"@context":"https:\/\/schema.org","@type":"ListItem","position":1,"name":"Home","item":"https:\/\/tu11.fi\/taekwondo\/sv\/"},{"@context":"https:\/\/schema.org","@type":"ListItem","position":2,"name":"Blog","item":"https:\/\/tu11.fi\/taekwondo\/"},{"@context":"https:\/\/schema.org","@type":"ListItem","position":3,"name":"Etusivu Archives   Taekwondourheilijat 2011 | Taekwondoa parhaassa...","item":"https:\/\/tu11.fi\/taekwondo\/sv\/category\/etusivu\/"},{"@context":"https:\/\/schema.org","@type":"ListItem","position":4,"name":"Akrobatia-aiheinen minileiri 26.-27.6.   Taekwondourheilijat 2011...","item":"https:\/\/tu11.fi\/taekwondo\/sv\/2018\/06\/akrobatia-aiheinen-minileiri-26-27-6\/"}]},{"@id":"\/2018\/06\/akrobatia-aiheinen-minileiri-26-27-6\/#sso\/breadcrumb.list\/uutiskirje","@context":"https:\/\/schema.org","@type":"BreadcrumbList","url":"https:\/\/tu11.fi\/taekwondo\/sv\/2018\/06\/akrobatia-aiheinen-minileiri-26-27-6\/","itemListElement":[{"@context":"https:\/\/schema.org","@type":"ListItem","position":1,"name":"Home","item":"https:\/\/tu11.fi\/taekwondo\/sv\/"},{"@context":"https:\/\/schema.org","@type":"ListItem","position":2,"name":"Blog","item":"https:\/\/tu11.fi\/taekwondo\/"},{"@context":"https:\/\/schema.org","@type":"ListItem","position":3,"name":"Uutiskirje Archives   Taekwondourheilijat 2011 | Taekwondoa...","item":"https:\/\/tu11.fi\/taekwondo\/sv\/category\/uutiskirje\/"},{"@context":"https:\/\/schema.org","@type":"ListItem","position":4,"name":"Akrobatia-aiheinen minileiri 26.-27.6.   Taekwondourheilijat 2011...","item":"https:\/\/tu11.fi\/taekwondo\/sv\/2018\/06\/akrobatia-aiheinen-minileiri-26-27-6\/"}]}]}],"parts":[["meta","name","generator","content","WPSSO Core 21.13.2\/L*","generator:1"],["meta","name","generator","content","WPSSO RAR 3.3.0\/S","generator:2"],["meta","name","generator","content","WPSSO REST 3.3.0\/S","generator:3"],["meta","name","generator","content","WPSSO BC 5.5.0\/S","generator:4"],["meta","name","generator","content","WPSSO FAQ 7.1.0\/S","generator:5"],["meta","name","generator","content","WPSSO OPM 5.1.0\/S","generator:6"],["meta","name","generator","content","WPSSO SSM 3.4.0\/S","generator:7"],["meta","name","generator","content","WPSSO TIE 4.1.0\/S","generator:8"],["meta","name","generator","content","WPSSO UM 7.3.0\/S","generator:9"],["meta","name","generator","content","WPSSO UL 4.3.0\/S","generator:10"],["link","rel","shortlink","href","https:\/\/tu11.fi\/taekwondo\/sv\/?p=8827",""],["meta","property","fb:app_id","content","966242223397117",""],["meta","property","og:time","content","2026-04-30T23:06:06+00:00",""],["meta","property","og:type","content","article",""],["meta","property","og:url","content","https:\/\/tu11.fi\/taekwondo\/sv\/2018\/06\/akrobatia-aiheinen-minileiri-26-27-6\/",""],["meta","property","og:locale","content","sv_SE",""],["meta","property","og:site_name","content","Taekwondourheilijat 2011 | Taekwondoa parhaassa seurassa | Helsinki | Espoo | Vantaa",""],["meta","property","og:title","content","Akrobatia-aiheinen minileiri 26.-27.6.  &ndash; Taekwondourheilijat 2011...",""],["meta","property","og:description","content","Taekwondourheilijat j&auml;rjest&auml;&auml; juhannuksen j&auml;lkeisell&auml; viikolla akrobatia-aiheisen minileirin 26.-27.6. Ilmoittaudu sin&auml;kin mukaan!",""],["meta","property","og:updated_time","content","2018-06-15T11:52:20+00:00",""],["meta","property","og:image:secure_url","content","https:\/\/tu11.fi\/taekwondo\/wp-content\/uploads\/2013\/08\/bannerista_kuvaksi-1200x630-cropped.jpg","og:image:1"],["meta","property","og:image:url","content","https:\/\/tu11.fi\/taekwondo\/wp-content\/uploads\/2013\/08\/bannerista_kuvaksi-1200x630-cropped.jpg","og:image:1"],["meta","property","og:image","content","https:\/\/tu11.fi\/taekwondo\/wp-content\/uploads\/2013\/08\/bannerista_kuvaksi-1200x630-cropped.jpg","og:image:1"],["meta","property","og:image:width","content","1200","og:image:1"],["meta","property","og:image:height","content","630","og:image:1"],["meta","property","og:image:cropped","content","true","og:image:1"],["meta","property","og:image:id","content","3443","og:image:1"],["meta","property","og:image:alt","content","Aloita taekwondo!","og:image:1"],["meta","property","og:image:size_name","content","wpsso-opengraph","og:image:1"],["meta","name","schema:language","content","sv_SE",""],["meta","name","schema:type:id","content","sports.team",""],["meta","name","schema:type:url","content","https:\/\/schema.org\/SportsTeam",""],["meta","name","schema:type:context","content","https:\/\/schema.org",""],["meta","name","schema:type:name","content","SportsTeam",""],["meta","name","schema:type:path","content","schema.org\/SportsTeam",""],["meta","property","article:section","content","Sport",""],["meta","property","article:author:name","content","Pauli Raivio",""],["meta","property","article:publisher","content","https:\/\/www.facebook.com\/TU11",""],["meta","property","article:published_time","content","2018-06-15T11:52:20+00:00",""],["meta","property","article:modified_time","content","2018-06-15T11:52:20+00:00",""],["meta","property","article:reading_mins","content","0",""],["meta","name","twitter:domain","content","tu11.fi",""],["meta","name","twitter:site","content","@taekwondourh",""],["meta","name","twitter:title","content","Akrobatia-aiheinen minileiri 26.-27.6.  &ndash; Taekwondourheilijat 2011...",""],["meta","name","twitter:description","content","Taekwondourheilijat j&auml;rjest&auml;&auml; juhannuksen j&auml;lkeisell&auml; viikolla akrobatia-aiheisen minileirin 26.-27.6. Ilmoittaudu sin&auml;kin mukaan!",""],["meta","name","twitter:card","content","summary",""],["meta","name","twitter:image","content","https:\/\/tu11.fi\/taekwondo\/wp-content\/uploads\/2023\/04\/petteri_tu11-kopio-5-1200x1200-cropped.jpg",""],["meta","name","twitter:label1","content","Written by",""],["meta","name","twitter:data1","content","Pauli Raivio",""],["meta","name","author","content","Pauli Raivio",""],["meta","name","thumbnail","content","https:\/\/tu11.fi\/taekwondo\/wp-content\/uploads\/2013\/08\/bannerista_kuvaksi-1200x630-cropped.jpg",""]]},"_links":{"self":[{"href":"https:\/\/tu11.fi\/taekwondo\/sv\/wp-json\/wp\/v2\/posts\/8827","targetHints":{"allow":["GET"]}}],"collection":[{"href":"https:\/\/tu11.fi\/taekwondo\/sv\/wp-json\/wp\/v2\/posts"}],"about":[{"href":"https:\/\/tu11.fi\/taekwondo\/sv\/wp-json\/wp\/v2\/types\/post"}],"author":[{"embeddable":true,"href":"https:\/\/tu11.fi\/taekwondo\/sv\/wp-json\/wp\/v2\/users\/7"}],"replies":[{"embeddable":true,"href":"https:\/\/tu11.fi\/taekwondo\/sv\/wp-json\/wp\/v2\/comments?post=8827"}],"version-history":[{"count":0,"href":"https:\/\/tu11.fi\/taekwondo\/sv\/wp-json\/wp\/v2\/posts\/8827\/revisions"}],"wp:featuredmedia":[{"embeddable":true,"href":"https:\/\/tu11.fi\/taekwondo\/sv\/wp-json\/wp\/v2\/media\/3443"}],"wp:attachment":[{"href":"https:\/\/tu11.fi\/taekwondo\/sv\/wp-json\/wp\/v2\/media?parent=8827"}],"wp:term":[{"taxonomy":"category","embeddable":true,"href":"https:\/\/tu11.fi\/taekwondo\/sv\/wp-json\/wp\/v2\/categories?post=8827"},{"taxonomy":"post_tag","embeddable":true,"href":"https:\/\/tu11.fi\/taekwondo\/sv\/wp-json\/wp\/v2\/tags?post=8827"}],"curies":[{"name":"wp","href":"https:\/\/api.w.org\/{rel}","templated":true}]}}