{"id":8811,"date":"2018-06-09T11:20:23","date_gmt":"2018-06-09T11:20:23","guid":{"rendered":"http:\/\/www.taekwondourheilijat.fi\/taekwondo\/?p=7744"},"modified":"2018-06-09T11:20:23","modified_gmt":"2018-06-09T11:20:23","slug":"kapali-lig","status":"publish","type":"post","link":"https:\/\/tu11.fi\/taekwondo\/tr\/2018\/06\/saliliiga\/","title":{"rendered":"Haziran salon m\u00fcsabakalar\u0131nda salon ligi i\u00e7in harika bir karar"},"content":{"rendered":"<h1>Salon liginin son m\u00fcsabakas\u0131nda sezonun en iyi yar\u0131\u015fmac\u0131lar\u0131 \u00f6d\u00fcllendirildi<\/h1>\n<p>Tekvando sporcular\u0131n\u0131n salikis ligi 9 Haziran Cumartesi g\u00fcn\u00fc bahar d\u00f6nemi i\u00e7in sona erdi. olduk\u00e7a k\u00fc\u00e7\u00fck ama daha co\u015fkulu bir kat\u0131l\u0131mc\u0131 grubunun yard\u0131m\u0131yla. Ma\u00e7lar ne\u015feli bir g\u00f6r\u00fcn\u00fcme sahipti ve a\u00e7\u0131k fikirli aksiyonu izlemek g\u00fczeldi. Yar\u0131\u015fma kafesinin sundu\u011fu leziz ikramlar\u0131n tad\u0131n\u0131 \u00e7\u0131kar\u0131rken ma\u00e7lar\u0131 daha uzun s\u00fcre izlemeyi \u00e7ok isterdim.<\/p>\n<p>G\u00fcn\u00fcn sonunda s\u0131ra sezonun en iyi yar\u0131\u015fmac\u0131lar\u0131n\u0131 \u00f6d\u00fcllendirmeye geldi. Se\u00e7imlerde salon m\u00fcsabakalar\u0131na aktif kat\u0131l\u0131m, ne\u015feli ve a\u00e7\u0131k fikirli ma\u00e7 tutumu, oynanan ma\u00e7 say\u0131s\u0131 ve at\u0131lan puan say\u0131s\u0131 kriterleri kullan\u0131ld\u0131. Yeti\u015fkin oyuncular\u0131n say\u0131s\u0131 daha azken tren oyuncular\u0131 aras\u0131nda pek \u00e7ok \u00f6d\u00fcle de\u011ferdi. Bu nedenle yetkili j\u00fcri, ya\u015flar\u0131na bak\u0131lmaks\u0131z\u0131n kad\u0131n\/k\u0131z ve erkek\/erkek kategorisinden en iyi iki yar\u0131\u015fmac\u0131n\u0131n se\u00e7ilmesine karar verdi. \u00d6d\u00fcller hak etti\u011fi \u015fekilde verildi:<\/p>\n<p><strong>En iyi kad\u0131nlar\/k\u0131zlar:<\/strong><\/p>\n<p>Emilia Lahti \u2013 TU11<br \/>\nVanessa Veps\u00e4 \u2013 TU11<\/p>\n<p><strong>En \u0130yi Erkekler\/Erkekler:<\/p>\n<p><\/strong>V\u00e4in\u00f6 Pihlaja \u2013 Porvoo<br \/>\nVenne Viitaniemi \u2013 TU11<\/p>\n<p><strong>En \u0130yi Hakim:\u00a0<\/strong><\/p>\n<p>Ali Lahti \u2013 TU11<\/p>\n<p>Kazananlar\u0131 tebrik ederiz!<\/p>\n<figure id=\"attachment_7745\" aria-describedby=\"caption-attachment-7745\" style=\"width: 750px\" class=\"wp-caption alignnone\"><a href=\"http:\/\/www.taekwondourheilijat.fi\/taekwondo\/wp-content\/uploads\/2018\/06\/20180609_114055.jpg\"><img decoding=\"async\" class=\"wp-image-7745 size-large\" src=\"http:\/\/www.taekwondourheilijat.fi\/taekwondo\/wp-content\/uploads\/2018\/06\/20180609_114055-1024x768.jpg\" alt=\"\" width=\"750\" height=\"563\" \/><\/a><figcaption id=\"caption-attachment-7745\" class=\"wp-caption-text\">\u00d6d\u00fcl kazananlar ve \u00f6d\u00fcl komitesinin temsilcileri toplu foto\u011frafta<\/figcaption><\/figure>\n<p>Bahar ligine kat\u0131lan herkese \u00e7ok te\u015fekk\u00fcr ederiz. S\u00fcr\u00fc\u015f sonbaharda Ristipellontie 1A&#039;daki yeni e\u011fitim tesislerinde tekrar devam edecek!<\/p>\n<p>\u00d6d\u00fcller Pro Dobok Finlandiya taraf\u0131ndan verildi.<\/p>","protected":false},"excerpt":{"rendered":"<p>Salon liginin son m\u00fcsabakas\u0131nda sezonun en iyi yar\u0131\u015fmac\u0131lar\u0131 \u00f6d\u00fcllendirildi Tekvando sporcular\u0131n\u0131n salon m\u00fcsabakalar\u0131 ligi, bahar d\u00f6nemi 9 Haziran Cumartesi g\u00fcn\u00fc sona erdi. olduk\u00e7a k\u00fc\u00e7\u00fck ama daha da co\u015fkulu bir kat\u0131l\u0131mc\u0131 grubunun yard\u0131m\u0131yla. Ma\u00e7lar ne\u015feli bir g\u00f6r\u00fcn\u00fcme sahipti ve a\u00e7\u0131k fikirli aksiyonu izlemek g\u00fczeldi. Yar\u0131\u015fma kafesinin sundu\u011fu leziz ikramlar\u0131n tad\u0131n\u0131 \u00e7\u0131kar\u0131rken ma\u00e7lar\u0131 daha uzun s\u00fcre izlemeyi \u00e7ok isterdim. G\u00fcn\u00fcn sonunda s\u0131ra sezonun en iyi yar\u0131\u015fmac\u0131lar\u0131n\u0131 \u00f6d\u00fcllendirmeye geldi. Se\u00e7imlerde kriter olarak aktif kat\u0131l\u0131m \u00f6zellikle \u00f6nemliydi...<\/p>","protected":false},"author":7,"featured_media":7745,"comment_status":"closed","ping_status":"closed","sticky":false,"template":"templates\/template-cover.php","format":"standard","meta":{"footnotes":""},"categories":[4,5,438,1],"tags":[],"class_list":["post-8811","post","type-post","status-publish","format-standard","has-post-thumbnail","hentry","category-etusivu","category-slider","category-uutiskirje","category-yleinen"],"yoast_head":"<!-- This site is optimized with the Yoast SEO plugin v27.4 - https:\/\/yoast.com\/product\/yoast-seo-wordpress\/ -->\n<title>Saliliigalle hieno p\u00e4\u00e4t\u00f6s kes\u00e4kuun salikisoissa - Taekwondourheilijat 2011 | Taekwondoa parhaassa seurassa | Helsinki | Espoo | Vantaa<\/title>\n<meta name=\"description\" content=\"Salikisaliiga p\u00e4\u00e4ttyi hienosti kes\u00e4kuun salikisoissa ja parhaat ottelijat palkittiin. Onnittelut voittajille, ja iso kiitos kaikille osallistujille.\" \/>\n<meta name=\"robots\" content=\"index, follow, max-snippet:-1, max-image-preview:large, max-video-preview:-1\" \/>\n<link rel=\"canonical\" href=\"http:\/\/tu11.fi\/taekwondo\/tr\/2018\/06\/kapali-lig\/\" \/>\n<script type=\"application\/ld+json\" class=\"yoast-schema-graph\">{\"@context\":\"https:\\\/\\\/schema.org\",\"@graph\":[]}<\/script>\n<!-- \/ Yoast SEO plugin. -->","yoast_head_json":{"title":"Saliliigalle hieno p\u00e4\u00e4t\u00f6s kes\u00e4kuun salikisoissa - Taekwondourheilijat 2011 | Taekwondoa parhaassa seurassa | Helsinki | Espoo | Vantaa","description":"Spor m\u00fcsabakalar\u0131 ligi, haziran ay\u0131ndaki spor m\u00fcsabakalar\u0131nda g\u00fczel bir \u015fekilde sona erdi ve en iyi yar\u0131\u015fmac\u0131lar \u00f6d\u00fcllendirildi. Kazananlar\u0131 tebrik eder, t\u00fcm kat\u0131l\u0131mc\u0131lara \u00e7ok te\u015fekk\u00fcr ederiz.","robots":{"index":"index","follow":"follow","max-snippet":"max-snippet:-1","max-image-preview":"max-image-preview:large","max-video-preview":"max-video-preview:-1"},"canonical":"http:\/\/tu11.fi\/taekwondo\/tr\/2018\/06\/kapali-lig\/","schema":{"@context":"https:\/\/schema.org","@graph":[]}},"amp_enabled":true,"head":{"html":["<meta name=\"wpsso-begin\" content=\"wpsso structured data begin\"\/>\n","<!-- generator:1 --><meta name=\"generator\" content=\"WPSSO Core 21.13.2\/L*\"\/>\n","<!-- generator:2 --><meta name=\"generator\" content=\"WPSSO RAR 3.3.0\/S\"\/>\n","<!-- generator:3 --><meta name=\"generator\" content=\"WPSSO REST 3.3.0\/S\"\/>\n","<!-- generator:4 --><meta name=\"generator\" content=\"WPSSO BC 5.5.0\/S\"\/>\n","<!-- generator:5 --><meta name=\"generator\" content=\"WPSSO FAQ 7.1.0\/S\"\/>\n","<!-- generator:6 --><meta name=\"generator\" content=\"WPSSO OPM 5.1.0\/S\"\/>\n","<!-- generator:7 --><meta name=\"generator\" content=\"WPSSO SSM 3.4.0\/S\"\/>\n","<!-- generator:8 --><meta name=\"generator\" content=\"WPSSO TIE 4.1.0\/S\"\/>\n","<!-- generator:9 --><meta name=\"generator\" content=\"WPSSO UM 7.3.0\/S\"\/>\n","<!-- generator:10 --><meta name=\"generator\" content=\"WPSSO UL 4.3.0\/S\"\/>\n","<link rel=\"shortlink\" href=\"https:\/\/tu11.fi\/taekwondo\/tr\/?p=8811\"\/>\n","<meta property=\"fb:app_id\" content=\"966242223397117\"\/>\n","<meta property=\"og:type\" content=\"article\"\/>\n","<meta property=\"og:url\" content=\"https:\/\/tu11.fi\/taekwondo\/tr\/2018\/06\/saliliiga\/\"\/>\n","<meta property=\"og:locale\" content=\"tr_TR\"\/>\n","<meta property=\"og:site_name\" content=\"Taekwondourheilijat 2011 | Taekwondoa parhaassa seurassa | Helsinki | Espoo | Vantaa\"\/>\n","<meta property=\"og:title\" content=\"Saliliigalle hieno p&auml;&auml;t&ouml;s kes&auml;kuun salikisoissa  &ndash;...\"\/>\n","<meta property=\"og:description\" content=\"Salikisaliiga p&auml;&auml;ttyi hienosti kes&auml;kuun salikisoissa ja parhaat ottelijat palkittiin. Onnittelut voittajille, ja iso kiitos kaikille osallistujille.\"\/>\n","<meta property=\"og:updated_time\" content=\"2018-06-09T11:20:23+00:00\"\/>\n","<!-- og:image:1 --><meta property=\"og:image\" content=\"https:\/\/tu11.fi\/taekwondo\/wp-content\/uploads\/2023\/04\/petteri_tu11-kopio-5-1200x630-cropped.jpg\"\/>\n","<!-- og:image:1 --><meta property=\"og:image:width\" content=\"1200\"\/>\n","<!-- og:image:1 --><meta property=\"og:image:height\" content=\"630\"\/>\n","<meta property=\"article:section\" content=\"Sport\"\/>\n","<meta property=\"article:publisher\" content=\"https:\/\/www.facebook.com\/TU11\"\/>\n","<meta property=\"article:published_time\" content=\"2018-06-09T11:20:23+00:00\"\/>\n","<meta property=\"article:modified_time\" content=\"2018-06-09T11:20:23+00:00\"\/>\n","<meta name=\"twitter:domain\" content=\"tu11.fi\"\/>\n","<meta name=\"twitter:site\" content=\"@taekwondourh\"\/>\n","<meta name=\"twitter:title\" content=\"Saliliigalle hieno p&auml;&auml;t&ouml;s kes&auml;kuun salikisoissa  &ndash;...\"\/>\n","<meta name=\"twitter:description\" content=\"Salikisaliiga p&auml;&auml;ttyi hienosti kes&auml;kuun salikisoissa ja parhaat ottelijat palkittiin. Onnittelut voittajille, ja iso kiitos kaikille osallistujille.\"\/>\n","<meta name=\"twitter:card\" content=\"summary\"\/>\n","<meta name=\"twitter:image\" content=\"https:\/\/tu11.fi\/taekwondo\/wp-content\/uploads\/2023\/04\/petteri_tu11-kopio-5-1200x1200-cropped.jpg\"\/>\n","<meta name=\"twitter:label1\" content=\"Written by\"\/>\n","<meta name=\"twitter:data1\" content=\"Pauli Raivio\"\/>\n","<meta name=\"twitter:label2\" content=\"Est. reading time\"\/>\n","<meta name=\"twitter:data2\" content=\"1 minute\"\/>\n","<meta name=\"author\" content=\"Pauli Raivio\"\/>\n","<meta name=\"thumbnail\" content=\"https:\/\/tu11.fi\/taekwondo\/wp-content\/uploads\/2023\/04\/petteri_tu11-kopio-5-1200x630-cropped.jpg\"\/>\n","<script type=\"application\/ld+json\" id=\"wpsso-schema-graph\">{\n    \"@context\": \"https:\/\/schema.org\",\n    \"@graph\": [\n        {\n            \"@id\": \"#sso\/knowledge-graph\/sports-team\/8811\",\n            \"@context\": \"https:\/\/schema.org\",\n            \"@type\": \"SportsTeam\",\n            \"mainEntityOfPage\": \"https:\/\/tu11.fi\/taekwondo\/tr\/2018\/06\/saliliiga\/\",\n            \"url\": \"https:\/\/tu11.fi\/taekwondo\/tr\/2018\/06\/saliliiga\/\",\n            \"sameAs\": [\n                \"https:\/\/tu11.fi\/taekwondo\/tr\/?p=8811\"\n            ],\n            \"name\": \"Saliliigalle hieno p&auml;&auml;t&ouml;s kes&auml;kuun salikisoissa  &ndash;...\",\n            \"alternateName\": \"Saliliigalle hieno p&auml;&auml;t&ouml;s kes&auml;kuun salikisoissa  &ndash; Taekwondourheilijat 2011 | Taekwondoa parhaassa...\",\n            \"description\": \"Salikisaliiga p&auml;&auml;ttyi hienosti kes&auml;kuun salikisoissa ja parhaat ottelijat palkittiin. Onnittelut voittajille, ja iso kiitos kaikille osallistujille.\",\n            \"image\": [\n                {\n                    \"@id\": \"https:\/\/tu11.fi\/taekwondo\/wp-content\/uploads\/2023\/04\/petteri_tu11-kopio-5-1200x1200-cropped.jpg#sso\/image-object\"\n                },\n                {\n                    \"@id\": \"https:\/\/tu11.fi\/taekwondo\/wp-content\/uploads\/2023\/04\/petteri_tu11-kopio-5-1200x900-cropped.jpg#sso\/image-object\"\n                },\n                {\n                    \"@id\": \"https:\/\/tu11.fi\/taekwondo\/wp-content\/uploads\/2023\/04\/petteri_tu11-kopio-5-1200x675-cropped.jpg#sso\/image-object\"\n                },\n                {\n                    \"@id\": \"https:\/\/tu11.fi\/taekwondo\/wp-content\/uploads\/2023\/04\/petteri_tu11-kopio-5-1200x630-cropped.jpg#sso\/image-object\"\n                }\n            ]\n        },\n        {\n            \"@id\": \"https:\/\/tu11.fi\/taekwondo\/wp-content\/uploads\/2023\/04\/petteri_tu11-kopio-5-1200x1200-cropped.jpg#sso\/image-object\",\n            \"@context\": \"https:\/\/schema.org\",\n            \"@type\": \"ImageObject\",\n            \"url\": \"https:\/\/tu11.fi\/taekwondo\/wp-content\/uploads\/2023\/04\/petteri_tu11-kopio-5-1200x1200-cropped.jpg\",\n            \"identifier\": \"14771-wpsso-schema-1x1\",\n            \"name\": \"petteri_tu11-kopio-5  &ndash; Taekwondourheilijat 2011 | Taekwondoa...\",\n            \"alternateName\": \"petteri_tu11-kopio-5  &ndash; Taekwondourheilijat 2011 | Taekwondoa parhaassa seurassa | Helsinki | Espoo | Vantaa\",\n            \"description\": \"No Description.\",\n            \"encodingFormat\": \"image\/jpeg\",\n            \"uploadDate\": \"2023-09-22T07:10:24+00:00\",\n            \"width\": [\n                {\n                    \"@id\": \"#sso\/qv-width-px-1200\"\n                }\n            ],\n            \"height\": [\n                {\n                    \"@id\": \"#sso\/qv-height-px-1200\"\n                }\n            ]\n        },\n        {\n            \"@id\": \"#sso\/qv-width-px-1200\",\n            \"@context\": \"https:\/\/schema.org\",\n            \"@type\": \"QuantitativeValue\",\n            \"name\": \"Width\",\n            \"unitText\": \"px\",\n            \"unitCode\": \"E37\",\n            \"value\": \"1200\"\n        },\n        {\n            \"@id\": \"#sso\/qv-height-px-1200\",\n            \"@context\": \"https:\/\/schema.org\",\n            \"@type\": \"QuantitativeValue\",\n            \"name\": \"Height\",\n            \"unitText\": \"px\",\n            \"unitCode\": \"E37\",\n            \"value\": \"1200\"\n        },\n        {\n            \"@id\": \"https:\/\/tu11.fi\/taekwondo\/wp-content\/uploads\/2023\/04\/petteri_tu11-kopio-5-1200x900-cropped.jpg#sso\/image-object\",\n            \"@context\": \"https:\/\/schema.org\",\n            \"@type\": \"ImageObject\",\n            \"url\": \"https:\/\/tu11.fi\/taekwondo\/wp-content\/uploads\/2023\/04\/petteri_tu11-kopio-5-1200x900-cropped.jpg\",\n            \"identifier\": \"14771-wpsso-schema-4x3\",\n            \"name\": \"petteri_tu11-kopio-5  &ndash; Taekwondourheilijat 2011 | Taekwondoa...\",\n            \"alternateName\": \"petteri_tu11-kopio-5  &ndash; Taekwondourheilijat 2011 | Taekwondoa parhaassa seurassa | Helsinki | Espoo | Vantaa\",\n            \"description\": \"No Description.\",\n            \"encodingFormat\": \"image\/jpeg\",\n            \"uploadDate\": \"2023-09-22T07:10:24+00:00\",\n            \"width\": [\n                {\n                    \"@id\": \"#sso\/qv-width-px-1200\"\n                }\n            ],\n            \"height\": [\n                {\n                    \"@id\": \"#sso\/qv-height-px-900\"\n                }\n            ]\n        },\n        {\n            \"@id\": \"#sso\/qv-height-px-900\",\n            \"@context\": \"https:\/\/schema.org\",\n            \"@type\": \"QuantitativeValue\",\n            \"name\": \"Height\",\n            \"unitText\": \"px\",\n            \"unitCode\": \"E37\",\n            \"value\": \"900\"\n        },\n        {\n            \"@id\": \"https:\/\/tu11.fi\/taekwondo\/wp-content\/uploads\/2023\/04\/petteri_tu11-kopio-5-1200x675-cropped.jpg#sso\/image-object\",\n            \"@context\": \"https:\/\/schema.org\",\n            \"@type\": \"ImageObject\",\n            \"url\": \"https:\/\/tu11.fi\/taekwondo\/wp-content\/uploads\/2023\/04\/petteri_tu11-kopio-5-1200x675-cropped.jpg\",\n            \"identifier\": \"14771-wpsso-schema-16x9\",\n            \"name\": \"petteri_tu11-kopio-5  &ndash; Taekwondourheilijat 2011 | Taekwondoa...\",\n            \"alternateName\": \"petteri_tu11-kopio-5  &ndash; Taekwondourheilijat 2011 | Taekwondoa parhaassa seurassa | Helsinki | Espoo | Vantaa\",\n            \"description\": \"No Description.\",\n            \"encodingFormat\": \"image\/jpeg\",\n            \"uploadDate\": \"2023-09-22T07:10:24+00:00\",\n            \"width\": [\n                {\n                    \"@id\": \"#sso\/qv-width-px-1200\"\n                }\n            ],\n            \"height\": [\n                {\n                    \"@id\": \"#sso\/qv-height-px-675\"\n                }\n            ]\n        },\n        {\n            \"@id\": \"#sso\/qv-height-px-675\",\n            \"@context\": \"https:\/\/schema.org\",\n            \"@type\": \"QuantitativeValue\",\n            \"name\": \"Height\",\n            \"unitText\": \"px\",\n            \"unitCode\": \"E37\",\n            \"value\": \"675\"\n        },\n        {\n            \"@id\": \"https:\/\/tu11.fi\/taekwondo\/wp-content\/uploads\/2023\/04\/petteri_tu11-kopio-5-1200x630-cropped.jpg#sso\/image-object\",\n            \"@context\": \"https:\/\/schema.org\",\n            \"@type\": \"ImageObject\",\n            \"url\": \"https:\/\/tu11.fi\/taekwondo\/wp-content\/uploads\/2023\/04\/petteri_tu11-kopio-5-1200x630-cropped.jpg\",\n            \"identifier\": \"14771-wpsso-thumbnail\",\n            \"name\": \"petteri_tu11-kopio-5  &ndash; Taekwondourheilijat 2011 | Taekwondoa...\",\n            \"alternateName\": \"petteri_tu11-kopio-5  &ndash; Taekwondourheilijat 2011 | Taekwondoa parhaassa seurassa | Helsinki | Espoo | Vantaa\",\n            \"description\": \"No Description.\",\n            \"encodingFormat\": \"image\/jpeg\",\n            \"uploadDate\": \"2023-09-22T07:10:24+00:00\",\n            \"width\": [\n                {\n                    \"@id\": \"#sso\/qv-width-px-1200\"\n                }\n            ],\n            \"height\": [\n                {\n                    \"@id\": \"#sso\/qv-height-px-630\"\n                }\n            ]\n        },\n        {\n            \"@id\": \"#sso\/qv-height-px-630\",\n            \"@context\": \"https:\/\/schema.org\",\n            \"@type\": \"QuantitativeValue\",\n            \"name\": \"Height\",\n            \"unitText\": \"px\",\n            \"unitCode\": \"E37\",\n            \"value\": \"630\"\n        },\n        {\n            \"@id\": \"\/2018\/06\/saliliiga\/#sso\/breadcrumb.list\/etusivu\",\n            \"@context\": \"https:\/\/schema.org\",\n            \"@type\": \"BreadcrumbList\",\n            \"url\": \"https:\/\/tu11.fi\/taekwondo\/tr\/2018\/06\/saliliiga\/\",\n            \"itemListElement\": [\n                {\n                    \"@context\": \"https:\/\/schema.org\",\n                    \"@type\": \"ListItem\",\n                    \"position\": 1,\n                    \"name\": \"Home\",\n                    \"item\": \"https:\/\/tu11.fi\/taekwondo\/tr\/\"\n                },\n                {\n                    \"@context\": \"https:\/\/schema.org\",\n                    \"@type\": \"ListItem\",\n                    \"position\": 2,\n                    \"name\": \"Blog\",\n                    \"item\": \"https:\/\/tu11.fi\/taekwondo\/\"\n                },\n                {\n                    \"@context\": \"https:\/\/schema.org\",\n                    \"@type\": \"ListItem\",\n                    \"position\": 3,\n                    \"name\": \"Etusivu Archives   Taekwondourheilijat 2011 | Taekwondoa parhaassa...\",\n                    \"item\": \"https:\/\/tu11.fi\/taekwondo\/tr\/category\/etusivu\/\"\n                },\n                {\n                    \"@context\": \"https:\/\/schema.org\",\n                    \"@type\": \"ListItem\",\n                    \"position\": 4,\n                    \"name\": \"Saliliigalle hieno p&auml;&auml;t&ouml;s kes&auml;kuun salikisoissa...\",\n                    \"item\": \"https:\/\/tu11.fi\/taekwondo\/tr\/2018\/06\/saliliiga\/\"\n                }\n            ]\n        },\n        {\n            \"@id\": \"\/2018\/06\/saliliiga\/#sso\/breadcrumb.list\/slider\",\n            \"@context\": \"https:\/\/schema.org\",\n            \"@type\": \"BreadcrumbList\",\n            \"url\": \"https:\/\/tu11.fi\/taekwondo\/tr\/2018\/06\/saliliiga\/\",\n            \"itemListElement\": [\n                {\n                    \"@context\": \"https:\/\/schema.org\",\n                    \"@type\": \"ListItem\",\n                    \"position\": 1,\n                    \"name\": \"Home\",\n                    \"item\": \"https:\/\/tu11.fi\/taekwondo\/tr\/\"\n                },\n                {\n                    \"@context\": \"https:\/\/schema.org\",\n                    \"@type\": \"ListItem\",\n                    \"position\": 2,\n                    \"name\": \"Blog\",\n                    \"item\": \"https:\/\/tu11.fi\/taekwondo\/\"\n                },\n                {\n                    \"@context\": \"https:\/\/schema.org\",\n                    \"@type\": \"ListItem\",\n                    \"position\": 3,\n                    \"name\": \"slider Archives   Taekwondourheilijat 2011 | Taekwondoa parhaassa...\",\n                    \"item\": \"https:\/\/tu11.fi\/taekwondo\/tr\/category\/slider\/\"\n                },\n                {\n                    \"@context\": \"https:\/\/schema.org\",\n                    \"@type\": \"ListItem\",\n                    \"position\": 4,\n                    \"name\": \"Saliliigalle hieno p&auml;&auml;t&ouml;s kes&auml;kuun salikisoissa...\",\n                    \"item\": \"https:\/\/tu11.fi\/taekwondo\/tr\/2018\/06\/saliliiga\/\"\n                }\n            ]\n        },\n        {\n            \"@id\": \"\/2018\/06\/saliliiga\/#sso\/breadcrumb.list\/uutiskirje\",\n            \"@context\": \"https:\/\/schema.org\",\n            \"@type\": \"BreadcrumbList\",\n            \"url\": \"https:\/\/tu11.fi\/taekwondo\/tr\/2018\/06\/saliliiga\/\",\n            \"itemListElement\": [\n                {\n                    \"@context\": \"https:\/\/schema.org\",\n                    \"@type\": \"ListItem\",\n                    \"position\": 1,\n                    \"name\": \"Home\",\n                    \"item\": \"https:\/\/tu11.fi\/taekwondo\/tr\/\"\n                },\n                {\n                    \"@context\": \"https:\/\/schema.org\",\n                    \"@type\": \"ListItem\",\n                    \"position\": 2,\n                    \"name\": \"Blog\",\n                    \"item\": \"https:\/\/tu11.fi\/taekwondo\/\"\n                },\n                {\n                    \"@context\": \"https:\/\/schema.org\",\n                    \"@type\": \"ListItem\",\n                    \"position\": 3,\n                    \"name\": \"Uutiskirje Archives   Taekwondourheilijat 2011 | Taekwondoa...\",\n                    \"item\": \"https:\/\/tu11.fi\/taekwondo\/tr\/category\/uutiskirje\/\"\n                },\n                {\n                    \"@context\": \"https:\/\/schema.org\",\n                    \"@type\": \"ListItem\",\n                    \"position\": 4,\n                    \"name\": \"Saliliigalle hieno p&auml;&auml;t&ouml;s kes&auml;kuun salikisoissa...\",\n                    \"item\": \"https:\/\/tu11.fi\/taekwondo\/tr\/2018\/06\/saliliiga\/\"\n                }\n            ]\n        },\n        {\n            \"@id\": \"\/2018\/06\/saliliiga\/#sso\/breadcrumb.list\/yleinen\",\n            \"@context\": \"https:\/\/schema.org\",\n            \"@type\": \"BreadcrumbList\",\n            \"url\": \"https:\/\/tu11.fi\/taekwondo\/tr\/2018\/06\/saliliiga\/\",\n            \"itemListElement\": [\n                {\n                    \"@context\": \"https:\/\/schema.org\",\n                    \"@type\": \"ListItem\",\n                    \"position\": 1,\n                    \"name\": \"Home\",\n                    \"item\": \"https:\/\/tu11.fi\/taekwondo\/tr\/\"\n                },\n                {\n                    \"@context\": \"https:\/\/schema.org\",\n                    \"@type\": \"ListItem\",\n                    \"position\": 2,\n                    \"name\": \"Blog\",\n                    \"item\": \"https:\/\/tu11.fi\/taekwondo\/\"\n                },\n                {\n                    \"@context\": \"https:\/\/schema.org\",\n                    \"@type\": \"ListItem\",\n                    \"position\": 3,\n                    \"name\": \"Yleinen Archives   Taekwondourheilijat 2011 | Taekwondoa parhaassa...\",\n                    \"item\": \"https:\/\/tu11.fi\/taekwondo\/tr\/category\/yleinen\/\"\n                },\n                {\n                    \"@context\": \"https:\/\/schema.org\",\n                    \"@type\": \"ListItem\",\n                    \"position\": 4,\n                    \"name\": \"Saliliigalle hieno p&auml;&auml;t&ouml;s kes&auml;kuun salikisoissa...\",\n                    \"item\": \"https:\/\/tu11.fi\/taekwondo\/tr\/2018\/06\/saliliiga\/\"\n                }\n            ]\n        }\n    ]\n}<\/script>\n","<meta name=\"wpsso-end\" content=\"wpsso structured data end\"\/>\n","<meta name=\"wpsso-cached\" content=\"no cache for tu11.fi\/taekwondo\"\/>\n"],"json":[{"@context":"https:\/\/schema.org","@graph":[{"@id":"#sso\/knowledge-graph\/sports-team\/8811","@context":"https:\/\/schema.org","@type":"SportsTeam","mainEntityOfPage":"https:\/\/tu11.fi\/taekwondo\/tr\/2018\/06\/saliliiga\/","url":"https:\/\/tu11.fi\/taekwondo\/tr\/2018\/06\/saliliiga\/","sameAs":["https:\/\/tu11.fi\/taekwondo\/tr\/?p=8811"],"name":"Saliliigalle hieno p&auml;&auml;t&ouml;s kes&auml;kuun salikisoissa  &ndash;...","alternateName":"Saliliigalle hieno p&auml;&auml;t&ouml;s kes&auml;kuun salikisoissa  &ndash; Taekwondourheilijat 2011 | Taekwondoa parhaassa...","description":"Salikisaliiga p&auml;&auml;ttyi hienosti kes&auml;kuun salikisoissa ja parhaat ottelijat palkittiin. Onnittelut voittajille, ja iso kiitos kaikille osallistujille.","image":[{"@id":"https:\/\/tu11.fi\/taekwondo\/wp-content\/uploads\/2023\/04\/petteri_tu11-kopio-5-1200x1200-cropped.jpg#sso\/image-object"},{"@id":"https:\/\/tu11.fi\/taekwondo\/wp-content\/uploads\/2023\/04\/petteri_tu11-kopio-5-1200x900-cropped.jpg#sso\/image-object"},{"@id":"https:\/\/tu11.fi\/taekwondo\/wp-content\/uploads\/2023\/04\/petteri_tu11-kopio-5-1200x675-cropped.jpg#sso\/image-object"},{"@id":"https:\/\/tu11.fi\/taekwondo\/wp-content\/uploads\/2023\/04\/petteri_tu11-kopio-5-1200x630-cropped.jpg#sso\/image-object"}]},{"@id":"https:\/\/tu11.fi\/taekwondo\/wp-content\/uploads\/2023\/04\/petteri_tu11-kopio-5-1200x1200-cropped.jpg#sso\/image-object","@context":"https:\/\/schema.org","@type":"ImageObject","url":"https:\/\/tu11.fi\/taekwondo\/wp-content\/uploads\/2023\/04\/petteri_tu11-kopio-5-1200x1200-cropped.jpg","identifier":"14771-wpsso-schema-1x1","name":"petteri_tu11-kopio-5  &ndash; Taekwondourheilijat 2011 | Taekwondoa...","alternateName":"petteri_tu11-kopio-5  &ndash; Taekwondourheilijat 2011 | Taekwondoa parhaassa seurassa | Helsinki | Espoo | Vantaa","description":"No Description.","encodingFormat":"image\/jpeg","uploadDate":"2023-09-22T07:10:24+00:00","width":[{"@id":"#sso\/qv-width-px-1200"}],"height":[{"@id":"#sso\/qv-height-px-1200"}]},{"@id":"#sso\/qv-width-px-1200","@context":"https:\/\/schema.org","@type":"QuantitativeValue","name":"Width","unitText":"px","unitCode":"E37","value":"1200"},{"@id":"#sso\/qv-height-px-1200","@context":"https:\/\/schema.org","@type":"QuantitativeValue","name":"Height","unitText":"px","unitCode":"E37","value":"1200"},{"@id":"https:\/\/tu11.fi\/taekwondo\/wp-content\/uploads\/2023\/04\/petteri_tu11-kopio-5-1200x900-cropped.jpg#sso\/image-object","@context":"https:\/\/schema.org","@type":"ImageObject","url":"https:\/\/tu11.fi\/taekwondo\/wp-content\/uploads\/2023\/04\/petteri_tu11-kopio-5-1200x900-cropped.jpg","identifier":"14771-wpsso-schema-4x3","name":"petteri_tu11-kopio-5  &ndash; Taekwondourheilijat 2011 | Taekwondoa...","alternateName":"petteri_tu11-kopio-5  &ndash; Taekwondourheilijat 2011 | Taekwondoa parhaassa seurassa | Helsinki | Espoo | Vantaa","description":"No Description.","encodingFormat":"image\/jpeg","uploadDate":"2023-09-22T07:10:24+00:00","width":[{"@id":"#sso\/qv-width-px-1200"}],"height":[{"@id":"#sso\/qv-height-px-900"}]},{"@id":"#sso\/qv-height-px-900","@context":"https:\/\/schema.org","@type":"QuantitativeValue","name":"Height","unitText":"px","unitCode":"E37","value":"900"},{"@id":"https:\/\/tu11.fi\/taekwondo\/wp-content\/uploads\/2023\/04\/petteri_tu11-kopio-5-1200x675-cropped.jpg#sso\/image-object","@context":"https:\/\/schema.org","@type":"ImageObject","url":"https:\/\/tu11.fi\/taekwondo\/wp-content\/uploads\/2023\/04\/petteri_tu11-kopio-5-1200x675-cropped.jpg","identifier":"14771-wpsso-schema-16x9","name":"petteri_tu11-kopio-5  &ndash; Taekwondourheilijat 2011 | Taekwondoa...","alternateName":"petteri_tu11-kopio-5  &ndash; Taekwondourheilijat 2011 | Taekwondoa parhaassa seurassa | Helsinki | Espoo | Vantaa","description":"No Description.","encodingFormat":"image\/jpeg","uploadDate":"2023-09-22T07:10:24+00:00","width":[{"@id":"#sso\/qv-width-px-1200"}],"height":[{"@id":"#sso\/qv-height-px-675"}]},{"@id":"#sso\/qv-height-px-675","@context":"https:\/\/schema.org","@type":"QuantitativeValue","name":"Height","unitText":"px","unitCode":"E37","value":"675"},{"@id":"https:\/\/tu11.fi\/taekwondo\/wp-content\/uploads\/2023\/04\/petteri_tu11-kopio-5-1200x630-cropped.jpg#sso\/image-object","@context":"https:\/\/schema.org","@type":"ImageObject","url":"https:\/\/tu11.fi\/taekwondo\/wp-content\/uploads\/2023\/04\/petteri_tu11-kopio-5-1200x630-cropped.jpg","identifier":"14771-wpsso-thumbnail","name":"petteri_tu11-kopio-5  &ndash; Taekwondourheilijat 2011 | Taekwondoa...","alternateName":"petteri_tu11-kopio-5  &ndash; Taekwondourheilijat 2011 | Taekwondoa parhaassa seurassa | Helsinki | Espoo | Vantaa","description":"No Description.","encodingFormat":"image\/jpeg","uploadDate":"2023-09-22T07:10:24+00:00","width":[{"@id":"#sso\/qv-width-px-1200"}],"height":[{"@id":"#sso\/qv-height-px-630"}]},{"@id":"#sso\/qv-height-px-630","@context":"https:\/\/schema.org","@type":"QuantitativeValue","name":"Height","unitText":"px","unitCode":"E37","value":"630"},{"@id":"\/2018\/06\/saliliiga\/#sso\/breadcrumb.list\/etusivu","@context":"https:\/\/schema.org","@type":"BreadcrumbList","url":"https:\/\/tu11.fi\/taekwondo\/tr\/2018\/06\/saliliiga\/","itemListElement":[{"@context":"https:\/\/schema.org","@type":"ListItem","position":1,"name":"Home","item":"https:\/\/tu11.fi\/taekwondo\/tr\/"},{"@context":"https:\/\/schema.org","@type":"ListItem","position":2,"name":"Blog","item":"https:\/\/tu11.fi\/taekwondo\/"},{"@context":"https:\/\/schema.org","@type":"ListItem","position":3,"name":"Etusivu Archives   Taekwondourheilijat 2011 | Taekwondoa parhaassa...","item":"https:\/\/tu11.fi\/taekwondo\/tr\/category\/etusivu\/"},{"@context":"https:\/\/schema.org","@type":"ListItem","position":4,"name":"Saliliigalle hieno p&auml;&auml;t&ouml;s kes&auml;kuun salikisoissa...","item":"https:\/\/tu11.fi\/taekwondo\/tr\/2018\/06\/saliliiga\/"}]},{"@id":"\/2018\/06\/saliliiga\/#sso\/breadcrumb.list\/slider","@context":"https:\/\/schema.org","@type":"BreadcrumbList","url":"https:\/\/tu11.fi\/taekwondo\/tr\/2018\/06\/saliliiga\/","itemListElement":[{"@context":"https:\/\/schema.org","@type":"ListItem","position":1,"name":"Home","item":"https:\/\/tu11.fi\/taekwondo\/tr\/"},{"@context":"https:\/\/schema.org","@type":"ListItem","position":2,"name":"Blog","item":"https:\/\/tu11.fi\/taekwondo\/"},{"@context":"https:\/\/schema.org","@type":"ListItem","position":3,"name":"slider Archives   Taekwondourheilijat 2011 | Taekwondoa parhaassa...","item":"https:\/\/tu11.fi\/taekwondo\/tr\/category\/slider\/"},{"@context":"https:\/\/schema.org","@type":"ListItem","position":4,"name":"Saliliigalle hieno p&auml;&auml;t&ouml;s kes&auml;kuun salikisoissa...","item":"https:\/\/tu11.fi\/taekwondo\/tr\/2018\/06\/saliliiga\/"}]},{"@id":"\/2018\/06\/saliliiga\/#sso\/breadcrumb.list\/uutiskirje","@context":"https:\/\/schema.org","@type":"BreadcrumbList","url":"https:\/\/tu11.fi\/taekwondo\/tr\/2018\/06\/saliliiga\/","itemListElement":[{"@context":"https:\/\/schema.org","@type":"ListItem","position":1,"name":"Home","item":"https:\/\/tu11.fi\/taekwondo\/tr\/"},{"@context":"https:\/\/schema.org","@type":"ListItem","position":2,"name":"Blog","item":"https:\/\/tu11.fi\/taekwondo\/"},{"@context":"https:\/\/schema.org","@type":"ListItem","position":3,"name":"Uutiskirje Archives   Taekwondourheilijat 2011 | Taekwondoa...","item":"https:\/\/tu11.fi\/taekwondo\/tr\/category\/uutiskirje\/"},{"@context":"https:\/\/schema.org","@type":"ListItem","position":4,"name":"Saliliigalle hieno p&auml;&auml;t&ouml;s kes&auml;kuun salikisoissa...","item":"https:\/\/tu11.fi\/taekwondo\/tr\/2018\/06\/saliliiga\/"}]},{"@id":"\/2018\/06\/saliliiga\/#sso\/breadcrumb.list\/yleinen","@context":"https:\/\/schema.org","@type":"BreadcrumbList","url":"https:\/\/tu11.fi\/taekwondo\/tr\/2018\/06\/saliliiga\/","itemListElement":[{"@context":"https:\/\/schema.org","@type":"ListItem","position":1,"name":"Home","item":"https:\/\/tu11.fi\/taekwondo\/tr\/"},{"@context":"https:\/\/schema.org","@type":"ListItem","position":2,"name":"Blog","item":"https:\/\/tu11.fi\/taekwondo\/"},{"@context":"https:\/\/schema.org","@type":"ListItem","position":3,"name":"Yleinen Archives   Taekwondourheilijat 2011 | Taekwondoa parhaassa...","item":"https:\/\/tu11.fi\/taekwondo\/tr\/category\/yleinen\/"},{"@context":"https:\/\/schema.org","@type":"ListItem","position":4,"name":"Saliliigalle hieno p&auml;&auml;t&ouml;s kes&auml;kuun salikisoissa...","item":"https:\/\/tu11.fi\/taekwondo\/tr\/2018\/06\/saliliiga\/"}]}]}],"parts":[["meta","name","generator","content","WPSSO Core 21.13.2\/L*","generator:1"],["meta","name","generator","content","WPSSO RAR 3.3.0\/S","generator:2"],["meta","name","generator","content","WPSSO REST 3.3.0\/S","generator:3"],["meta","name","generator","content","WPSSO BC 5.5.0\/S","generator:4"],["meta","name","generator","content","WPSSO FAQ 7.1.0\/S","generator:5"],["meta","name","generator","content","WPSSO OPM 5.1.0\/S","generator:6"],["meta","name","generator","content","WPSSO SSM 3.4.0\/S","generator:7"],["meta","name","generator","content","WPSSO TIE 4.1.0\/S","generator:8"],["meta","name","generator","content","WPSSO UM 7.3.0\/S","generator:9"],["meta","name","generator","content","WPSSO UL 4.3.0\/S","generator:10"],["link","rel","shortlink","href","https:\/\/tu11.fi\/taekwondo\/tr\/?p=8811",""],["meta","property","fb:app_id","content","966242223397117",""],["meta","property","og:time","content","2026-04-30T21:19:05+00:00",""],["meta","property","og:type","content","article",""],["meta","property","og:url","content","https:\/\/tu11.fi\/taekwondo\/tr\/2018\/06\/saliliiga\/",""],["meta","property","og:locale","content","tr_TR",""],["meta","property","og:site_name","content","Taekwondourheilijat 2011 | Taekwondoa parhaassa seurassa | Helsinki | Espoo | Vantaa",""],["meta","property","og:title","content","Saliliigalle hieno p&auml;&auml;t&ouml;s kes&auml;kuun salikisoissa  &ndash;...",""],["meta","property","og:description","content","Salikisaliiga p&auml;&auml;ttyi hienosti kes&auml;kuun salikisoissa ja parhaat ottelijat palkittiin. Onnittelut voittajille, ja iso kiitos kaikille osallistujille.",""],["meta","property","og:updated_time","content","2018-06-09T11:20:23+00:00",""],["meta","property","og:image:secure_url","content","https:\/\/tu11.fi\/taekwondo\/wp-content\/uploads\/2023\/04\/petteri_tu11-kopio-5-1200x630-cropped.jpg","og:image:1"],["meta","property","og:image:url","content","https:\/\/tu11.fi\/taekwondo\/wp-content\/uploads\/2023\/04\/petteri_tu11-kopio-5-1200x630-cropped.jpg","og:image:1"],["meta","property","og:image","content","https:\/\/tu11.fi\/taekwondo\/wp-content\/uploads\/2023\/04\/petteri_tu11-kopio-5-1200x630-cropped.jpg","og:image:1"],["meta","property","og:image:width","content","1200","og:image:1"],["meta","property","og:image:height","content","630","og:image:1"],["meta","property","og:image:cropped","content","true","og:image:1"],["meta","property","og:image:id","content","14771","og:image:1"],["meta","property","og:image:size_name","content","wpsso-opengraph","og:image:1"],["meta","name","schema:language","content","tr_TR",""],["meta","name","schema:type:id","content","sports.team",""],["meta","name","schema:type:url","content","https:\/\/schema.org\/SportsTeam",""],["meta","name","schema:type:context","content","https:\/\/schema.org",""],["meta","name","schema:type:name","content","SportsTeam",""],["meta","name","schema:type:path","content","schema.org\/SportsTeam",""],["meta","property","article:section","content","Sport",""],["meta","property","article:author:name","content","Pauli Raivio",""],["meta","property","article:publisher","content","https:\/\/www.facebook.com\/TU11",""],["meta","property","article:published_time","content","2018-06-09T11:20:23+00:00",""],["meta","property","article:modified_time","content","2018-06-09T11:20:23+00:00",""],["meta","property","article:reading_mins","content","1",""],["meta","name","twitter:domain","content","tu11.fi",""],["meta","name","twitter:site","content","@taekwondourh",""],["meta","name","twitter:title","content","Saliliigalle hieno p&auml;&auml;t&ouml;s kes&auml;kuun salikisoissa  &ndash;...",""],["meta","name","twitter:description","content","Salikisaliiga p&auml;&auml;ttyi hienosti kes&auml;kuun salikisoissa ja parhaat ottelijat palkittiin. Onnittelut voittajille, ja iso kiitos kaikille osallistujille.",""],["meta","name","twitter:card","content","summary",""],["meta","name","twitter:image","content","https:\/\/tu11.fi\/taekwondo\/wp-content\/uploads\/2023\/04\/petteri_tu11-kopio-5-1200x1200-cropped.jpg",""],["meta","name","twitter:label1","content","Written by",""],["meta","name","twitter:data1","content","Pauli Raivio",""],["meta","name","twitter:label2","content","Est. reading time",""],["meta","name","twitter:data2","content","1 minute",""],["meta","name","author","content","Pauli Raivio",""],["meta","name","thumbnail","content","https:\/\/tu11.fi\/taekwondo\/wp-content\/uploads\/2023\/04\/petteri_tu11-kopio-5-1200x630-cropped.jpg",""]]},"_links":{"self":[{"href":"https:\/\/tu11.fi\/taekwondo\/tr\/wp-json\/wp\/v2\/posts\/8811","targetHints":{"allow":["GET"]}}],"collection":[{"href":"https:\/\/tu11.fi\/taekwondo\/tr\/wp-json\/wp\/v2\/posts"}],"about":[{"href":"https:\/\/tu11.fi\/taekwondo\/tr\/wp-json\/wp\/v2\/types\/post"}],"author":[{"embeddable":true,"href":"https:\/\/tu11.fi\/taekwondo\/tr\/wp-json\/wp\/v2\/users\/7"}],"replies":[{"embeddable":true,"href":"https:\/\/tu11.fi\/taekwondo\/tr\/wp-json\/wp\/v2\/comments?post=8811"}],"version-history":[{"count":0,"href":"https:\/\/tu11.fi\/taekwondo\/tr\/wp-json\/wp\/v2\/posts\/8811\/revisions"}],"wp:featuredmedia":[{"embeddable":true,"href":"https:\/\/tu11.fi\/taekwondo\/tr\/wp-json\/"}],"wp:attachment":[{"href":"https:\/\/tu11.fi\/taekwondo\/tr\/wp-json\/wp\/v2\/media?parent=8811"}],"wp:term":[{"taxonomy":"category","embeddable":true,"href":"https:\/\/tu11.fi\/taekwondo\/tr\/wp-json\/wp\/v2\/categories?post=8811"},{"taxonomy":"post_tag","embeddable":true,"href":"https:\/\/tu11.fi\/taekwondo\/tr\/wp-json\/wp\/v2\/tags?post=8811"}],"curies":[{"name":"wp","href":"https:\/\/api.w.org\/{rel}","templated":true}]}}