{"id":2500,"date":"2013-02-22T07:58:29","date_gmt":"2013-02-22T07:58:29","guid":{"rendered":"http:\/\/tu11.fi.srv.hoste.fi\/taekwondo\/?p=2500"},"modified":"2013-03-09T13:24:43","modified_gmt":"2013-03-09T13:24:43","slug":"taekwondourheilijoiden-kevapaivan-ohjelma-9-3","status":"publish","type":"post","link":"https:\/\/tu11.fi\/taekwondo\/2013\/02\/taekwondourheilijoiden-kevapaivan-ohjelma-9-3\/","title":{"rendered":"Taekwondourheilijoiden kev\u00e4tp\u00e4iv\u00e4n ohjelma 9.3."},"content":{"rendered":"<h6><a href=\"http:\/\/tu11.fi.srv.hoste.fi\/taekwondo\/wp-content\/uploads\/2013\/02\/leskenlehti.jpg\"><img decoding=\"async\" class=\"alignleft size-medium wp-image-2449\" alt=\"taekwondo\" src=\"http:\/\/tu11.fi.srv.hoste.fi\/taekwondo\/wp-content\/uploads\/2013\/02\/leskenlehti-300x225.jpg\" width=\"300\" height=\"225\" srcset=\"https:\/\/tu11.fi\/taekwondo\/wp-content\/uploads\/2013\/02\/leskenlehti-300x225.jpg 300w, https:\/\/tu11.fi\/taekwondo\/wp-content\/uploads\/2013\/02\/leskenlehti-uai-150x113.jpg 150w, https:\/\/tu11.fi\/taekwondo\/wp-content\/uploads\/2013\/02\/leskenlehti-uai-375x281.jpg 375w, https:\/\/tu11.fi\/taekwondo\/wp-content\/uploads\/2013\/02\/leskenlehti-uai-516x387.jpg 516w, https:\/\/tu11.fi\/taekwondo\/wp-content\/uploads\/2013\/02\/leskenlehti.jpg 600w\" sizes=\"(max-width: 300px) 100vw, 300px\" \/><\/a>Taekwondourheilijoiden kev\u00e4tp\u00e4iv\u00e4<\/h6>\n<p>Viet\u00e4mme seuran ensimm\u00e4ist\u00e4 kev\u00e4tp\u00e4iv\u00e4\u00e4 lauantaina 9.3. Ohjelmassa on mukavaa touhua yhdess\u00e4 ja illalla menemme saunomaan. Tapahtuma on tarkoitettu kaikille seurassamme harrastaville ja heid\u00e4n perheenj\u00e4senilleen. Iltaohjelma on tarkoitettu vain t\u00e4ysi-ik\u00e4isille.<\/p>\n<h6>Ohjelma<\/h6>\n<p>11.00-12.30 Treeni harrastajille<\/p>\n<p>12.30-14.30 Lounas ja infotilaisuus harrastajille ja harrastajien perheenj\u00e4senille<\/p>\n<p>14.30-16.00 Treeni harrastajille ja harrastajien perheenj\u00e4senille<\/p>\n<p>17.30 Sauna T\u00f6\u00f6l\u00f6n Kisahallilla, pient\u00e4 purtavaa<\/p>\n<p>Kiitoksena 2012 liigafinaalien talkoolaisille tarjoamme saunan yhteydess\u00e4 saunajuomat!<\/p>\n<p>Ensimm\u00e4inen harjoitus on tarkoitettu kaikille seurassamme lajia harjoitteleville. Luvassa on v\u00e4h\u00e4n erikoisempaa harjoittelua aamup\u00e4iv\u00e4ll\u00e4 sek\u00e4 kaikille suunnattu kevyempi leikkimielinen treeni kaikille seuralaisille ja heid\u00e4n perheenj\u00e4senilleen.<\/p>\n<h6>Ilmoittaudu salilla<\/h6>\n<p>Salin palvelutiskill\u00e4 on lista, johon voit ilmoittautua. N\u00e4in varmistamme ett\u00e4 tarjoilua riitt\u00e4\u00e4 kaikille. Merkitse listaan erikseen perheesi osallistujam\u00e4\u00e4r\u00e4, iltaohjelmaan osallistujat \u00a0sek\u00e4 Liigafinaali-talkoisiin osaa ottaneet iltaohjelmaan osallistujat.<\/p>\n<p>Tapahtuma on harrastajillemme\u00a0ja heid\u00e4n perheenj\u00e4senilleen ilmainen!<\/p>\n","protected":false},"excerpt":{"rendered":"<p>Taekwondourheilijoiden kev\u00e4tp\u00e4iv\u00e4 Viet\u00e4mme seuran ensimm\u00e4ist\u00e4 kev\u00e4tp\u00e4iv\u00e4\u00e4 lauantaina 9.3. Ohjelmassa on mukavaa touhua yhdess\u00e4 ja illalla menemme saunomaan. Tapahtuma on tarkoitettu kaikille seurassamme harrastaville ja heid\u00e4n perheenj\u00e4senilleen. Iltaohjelma on tarkoitettu vain t\u00e4ysi-ik\u00e4isille. Ohjelma 11.00-12.30 Treeni harrastajille 12.30-14.30 Lounas ja infotilaisuus harrastajille ja harrastajien perheenj\u00e4senille 14.30-16.00 Treeni harrastajille ja harrastajien perheenj\u00e4senille 17.30 Sauna T\u00f6\u00f6l\u00f6n Kisahallilla, pient\u00e4 purtavaa&hellip;<\/p>\n","protected":false},"author":2,"featured_media":2449,"comment_status":"closed","ping_status":"open","sticky":false,"template":"templates\/template-cover.php","format":"standard","meta":{"footnotes":""},"categories":[1],"tags":[10,8,53,12,57,92,49,50,39,62,56,48,14,13,7,23,22,9,15],"class_list":["post-2500","post","type-post","status-publish","format-standard","has-post-thumbnail","hentry","category-yleinen","tag-espoo","tag-helsinki","tag-juniori","tag-juniorit","tag-junnut","tag-kamppailu","tag-kilpailu","tag-kilpailut","tag-kisa","tag-kjorogii","tag-lapset","tag-leiri","tag-ottelu","tag-taekwond","tag-taekwondo","tag-taekwondourheilijat-2011","tag-tu11","tag-vantaa","tag-wtf"],"yoast_head":"<!-- This site is optimized with the Yoast SEO plugin v27.2 - https:\/\/yoast.com\/product\/yoast-seo-wordpress\/ -->\n<title>Taekwondourheilijoiden kev\u00e4tp\u00e4iv\u00e4n ohjelma 9.3.  - Taekwondourheilijat 2011 | Taekwondoa parhaassa seurassa | Helsinki | Espoo | Vantaa<\/title>\n<meta name=\"description\" content=\"Viet\u00e4mme seuran ensimm\u00e4ist\u00e4 kev\u00e4tp\u00e4iv\u00e4\u00e4 lauantaina 9.3. Ohjelmassa on mukavaa touhua yhdess\u00e4 ja illalla menemme saunomaan. Tapahtuma on tarkoitettu kaikille seurassamme harrastaville ja heid\u00e4n perheenj\u00e4senilleen. Iltaohjelma on tarkoitettu vain t\u00e4ysi-ik\u00e4isille.\" \/>\n<meta name=\"robots\" content=\"index, follow, max-snippet:-1, max-image-preview:large, max-video-preview:-1\" \/>\n<link rel=\"canonical\" href=\"https:\/\/tu11.fi\/taekwondo\/2013\/02urheilijoiden-kevapaivan-ohjelma-9-3\/\" \/>\n<script type=\"application\/ld+json\" class=\"yoast-schema-graph\">{\"@context\":\"https:\/\/schema.org\",\"@graph\":[]}<\/script>\n<!-- \/ Yoast SEO plugin. -->","yoast_head_json":{"title":"Taekwondourheilijoiden kev\u00e4tp\u00e4iv\u00e4n ohjelma 9.3.  - Taekwondourheilijat 2011 | Taekwondoa parhaassa seurassa | Helsinki | Espoo | Vantaa","description":"Viet\u00e4mme seuran ensimm\u00e4ist\u00e4 kev\u00e4tp\u00e4iv\u00e4\u00e4 lauantaina 9.3. Ohjelmassa on mukavaa touhua yhdess\u00e4 ja illalla menemme saunomaan. Tapahtuma on tarkoitettu kaikille seurassamme harrastaville ja heid\u00e4n perheenj\u00e4senilleen. Iltaohjelma on tarkoitettu vain t\u00e4ysi-ik\u00e4isille.","robots":{"index":"index","follow":"follow","max-snippet":"max-snippet:-1","max-image-preview":"max-image-preview:large","max-video-preview":"max-video-preview:-1"},"canonical":"https:\/\/tu11.fi\/taekwondo\/2013\/02urheilijoiden-kevapaivan-ohjelma-9-3\/","schema":{"@context":"https:\/\/schema.org","@graph":[]}},"amp_enabled":true,"head":{"html":["<meta name=\"wpsso-begin\" content=\"wpsso structured data begin\"\/>\n","<!-- generator:1 --><meta name=\"generator\" content=\"WPSSO Core 21.12.0\/L*\"\/>\n","<!-- generator:2 --><meta name=\"generator\" content=\"WPSSO RAR 3.3.0\/S\"\/>\n","<!-- generator:3 --><meta name=\"generator\" content=\"WPSSO REST 3.3.0\/S\"\/>\n","<!-- generator:4 --><meta name=\"generator\" content=\"WPSSO BC 5.5.0\/S\"\/>\n","<!-- generator:5 --><meta name=\"generator\" content=\"WPSSO FAQ 7.1.0\/S\"\/>\n","<!-- generator:6 --><meta name=\"generator\" content=\"WPSSO OPM 5.1.0\/S\"\/>\n","<!-- generator:7 --><meta name=\"generator\" content=\"WPSSO SSM 3.4.0\/S\"\/>\n","<!-- generator:8 --><meta name=\"generator\" content=\"WPSSO TIE 4.1.0\/S\"\/>\n","<!-- generator:9 --><meta name=\"generator\" content=\"WPSSO UM 7.3.0\/S\"\/>\n","<!-- generator:10 --><meta name=\"generator\" content=\"WPSSO UL 4.3.0\/S\"\/>\n","<link rel=\"shortlink\" href=\"https:\/\/tu11.fi\/taekwondo\/?p=2500\"\/>\n","<meta property=\"fb:app_id\" content=\"966242223397117\"\/>\n","<meta property=\"og:type\" content=\"article\"\/>\n","<meta property=\"og:url\" content=\"https:\/\/tu11.fi\/taekwondo\/2013\/02\/taekwondourheilijoiden-kevapaivan-ohjelma-9-3\/\"\/>\n","<meta property=\"og:locale\" content=\"fi_FI\"\/>\n","<meta property=\"og:site_name\" content=\"Taekwondourheilijat 2011 | Taekwondoa parhaassa seurassa | Helsinki | Espoo | Vantaa\"\/>\n","<meta property=\"og:title\" content=\"Taekwondourheilijoiden kev&auml;tp&auml;iv&auml;n ohjelma 9.3.  &ndash;...\"\/>\n","<meta property=\"og:description\" content=\"Viet&auml;mme seuran ensimm&auml;ist&auml; kev&auml;tp&auml;iv&auml;&auml; lauantaina 9.3. Ohjelmassa on mukavaa touhua yhdess&auml; ja illalla menemme saunomaan. Tapahtuma on tarkoitettu kaikille seurassamme harrastaville ja heid&auml;n perheenj&auml;senilleen. Iltaohjelma on tarkoitettu vain t&auml;ysi-ik&auml;isille.\"\/>\n","<meta property=\"og:updated_time\" content=\"2013-03-09T13:24:43+00:00\"\/>\n","<!-- og:image:1 --><meta property=\"og:image\" content=\"https:\/\/tu11.fi\/taekwondo\/wp-content\/uploads\/2013\/02\/leskenlehti-1200x630-cropped.jpg\"\/>\n","<!-- og:image:1 --><meta property=\"og:image:width\" content=\"1200\"\/>\n","<!-- og:image:1 --><meta property=\"og:image:height\" content=\"630\"\/>\n","<meta property=\"article:section\" content=\"Sport\"\/>\n","<meta property=\"article:publisher\" content=\"https:\/\/www.facebook.com\/TU11\"\/>\n","<!-- article:tag:1 --><meta property=\"article:tag\" content=\"espoo\"\/>\n","<!-- article:tag:2 --><meta property=\"article:tag\" content=\"helsinki\"\/>\n","<!-- article:tag:3 --><meta property=\"article:tag\" content=\"juniori\"\/>\n","<!-- article:tag:4 --><meta property=\"article:tag\" content=\"juniorit\"\/>\n","<!-- article:tag:5 --><meta property=\"article:tag\" content=\"junnut\"\/>\n","<!-- article:tag:6 --><meta property=\"article:tag\" content=\"kamppailu\"\/>\n","<!-- article:tag:7 --><meta property=\"article:tag\" content=\"kilpailu\"\/>\n","<!-- article:tag:8 --><meta property=\"article:tag\" content=\"kilpailut\"\/>\n","<!-- article:tag:9 --><meta property=\"article:tag\" content=\"kisa\"\/>\n","<!-- article:tag:10 --><meta property=\"article:tag\" content=\"kjorogii\"\/>\n","<!-- article:tag:11 --><meta property=\"article:tag\" content=\"lapset\"\/>\n","<!-- article:tag:12 --><meta property=\"article:tag\" content=\"leiri\"\/>\n","<!-- article:tag:13 --><meta property=\"article:tag\" content=\"ottelu\"\/>\n","<!-- article:tag:14 --><meta property=\"article:tag\" content=\"taekwond\"\/>\n","<!-- article:tag:15 --><meta property=\"article:tag\" content=\"taekwondo\"\/>\n","<!-- article:tag:16 --><meta property=\"article:tag\" content=\"taekwondourheilijat 2011\"\/>\n","<!-- article:tag:17 --><meta property=\"article:tag\" content=\"tu11\"\/>\n","<!-- article:tag:18 --><meta property=\"article:tag\" content=\"vantaa\"\/>\n","<!-- article:tag:19 --><meta property=\"article:tag\" content=\"wtf\"\/>\n","<meta property=\"article:published_time\" content=\"2013-02-22T07:58:29+00:00\"\/>\n","<meta property=\"article:modified_time\" content=\"2013-03-09T13:24:43+00:00\"\/>\n","<meta name=\"twitter:domain\" content=\"tu11.fi\"\/>\n","<meta name=\"twitter:site\" content=\"@taekwondourh\"\/>\n","<meta name=\"twitter:title\" content=\"Taekwondourheilijoiden kev&auml;tp&auml;iv&auml;n ohjelma 9.3.  &ndash;...\"\/>\n","<meta name=\"twitter:description\" content=\"Viet&auml;mme seuran ensimm&auml;ist&auml; kev&auml;tp&auml;iv&auml;&auml; lauantaina 9.3. Ohjelmassa on mukavaa touhua yhdess&auml; ja illalla menemme saunomaan. Tapahtuma on tarkoitettu kaikille seurassamme harrastaville ja heid&auml;n...\"\/>\n","<meta name=\"twitter:card\" content=\"summary\"\/>\n","<meta name=\"twitter:image\" content=\"https:\/\/tu11.fi\/taekwondo\/wp-content\/uploads\/2023\/04\/petteri_tu11-kopio-5-1200x1200-cropped.jpg\"\/>\n","<meta name=\"twitter:label1\" content=\"Written by\"\/>\n","<meta name=\"twitter:data1\" content=\"Sampo Pajulampi\"\/>\n","<meta name=\"twitter:label2\" content=\"Est. reading time\"\/>\n","<meta name=\"twitter:data2\" content=\"1 minute\"\/>\n","<meta name=\"author\" content=\"Sampo Pajulampi\"\/>\n","<meta name=\"thumbnail\" content=\"https:\/\/tu11.fi\/taekwondo\/wp-content\/uploads\/2013\/02\/leskenlehti-1200x630-cropped.jpg\"\/>\n","<script type=\"application\/ld+json\" id=\"wpsso-schema-graph\">{\n    \"@context\": \"https:\/\/schema.org\",\n    \"@graph\": [\n        {\n            \"@id\": \"#sso\/knowledge-graph\/sports-team\/2500\",\n            \"@context\": \"https:\/\/schema.org\",\n            \"@type\": \"SportsTeam\",\n            \"mainEntityOfPage\": \"https:\/\/tu11.fi\/taekwondo\/2013\/02\/taekwondourheilijoiden-kevapaivan-ohjelma-9-3\/\",\n            \"url\": \"https:\/\/tu11.fi\/taekwondo\/2013\/02\/taekwondourheilijoiden-kevapaivan-ohjelma-9-3\/\",\n            \"sameAs\": [\n                \"https:\/\/tu11.fi\/taekwondo\/?p=2500\"\n            ],\n            \"name\": \"Taekwondourheilijoiden kev&auml;tp&auml;iv&auml;n ohjelma 9.3.  &ndash;...\",\n            \"alternateName\": \"Taekwondourheilijoiden kev&auml;tp&auml;iv&auml;n ohjelma 9.3.  &ndash; Taekwondourheilijat 2011 | Taekwondoa parhaassa...\",\n            \"description\": \"Viet&auml;mme seuran ensimm&auml;ist&auml; kev&auml;tp&auml;iv&auml;&auml; lauantaina 9.3. Ohjelmassa on mukavaa touhua yhdess&auml; ja illalla menemme saunomaan. Tapahtuma on tarkoitettu kaikille seurassamme harrastaville ja heid&auml;n perheenj&auml;senilleen. Iltaohjelma on tarkoitettu vain t&auml;ysi-ik&auml;isille.\",\n            \"image\": [\n                {\n                    \"@id\": \"\/wp-content\/uploads\/2023\/04\/petteri_tu11-kopio-5-1200x1200-cropped.jpg#sso\/image-object\"\n                },\n                {\n                    \"@id\": \"\/wp-content\/uploads\/2023\/04\/petteri_tu11-kopio-5-1200x900-cropped.jpg#sso\/image-object\"\n                },\n                {\n                    \"@id\": \"\/wp-content\/uploads\/2023\/04\/petteri_tu11-kopio-5-1200x675-cropped.jpg#sso\/image-object\"\n                }\n            ]\n        },\n        {\n            \"@id\": \"\/wp-content\/uploads\/2023\/04\/petteri_tu11-kopio-5-1200x1200-cropped.jpg#sso\/image-object\",\n            \"@context\": \"https:\/\/schema.org\",\n            \"@type\": \"ImageObject\",\n            \"url\": \"https:\/\/tu11.fi\/taekwondo\/wp-content\/uploads\/2023\/04\/petteri_tu11-kopio-5-1200x1200-cropped.jpg\",\n            \"identifier\": \"14771-wpsso-schema-1x1\",\n            \"name\": \"petteri_tu11-kopio-5  &ndash; Taekwondourheilijat 2011 | Taekwondoa...\",\n            \"alternateName\": \"petteri_tu11-kopio-5  &ndash; Taekwondourheilijat 2011 | Taekwondoa parhaassa seurassa | Helsinki | Espoo | Vantaa\",\n            \"description\": \"No Description.\",\n            \"encodingFormat\": \"image\/jpeg\",\n            \"uploadDate\": \"2023-09-22T07:10:24+00:00\",\n            \"width\": [\n                {\n                    \"@id\": \"#sso\/qv-width-px-1200\"\n                }\n            ],\n            \"height\": [\n                {\n                    \"@id\": \"#sso\/qv-height-px-1200\"\n                }\n            ]\n        },\n        {\n            \"@id\": \"#sso\/qv-width-px-1200\",\n            \"@context\": \"https:\/\/schema.org\",\n            \"@type\": \"QuantitativeValue\",\n            \"name\": \"Width\",\n            \"unitText\": \"px\",\n            \"unitCode\": \"E37\",\n            \"value\": \"1200\"\n        },\n        {\n            \"@id\": \"#sso\/qv-height-px-1200\",\n            \"@context\": \"https:\/\/schema.org\",\n            \"@type\": \"QuantitativeValue\",\n            \"name\": \"Height\",\n            \"unitText\": \"px\",\n            \"unitCode\": \"E37\",\n            \"value\": \"1200\"\n        },\n        {\n            \"@id\": \"\/wp-content\/uploads\/2023\/04\/petteri_tu11-kopio-5-1200x900-cropped.jpg#sso\/image-object\",\n            \"@context\": \"https:\/\/schema.org\",\n            \"@type\": \"ImageObject\",\n            \"url\": \"https:\/\/tu11.fi\/taekwondo\/wp-content\/uploads\/2023\/04\/petteri_tu11-kopio-5-1200x900-cropped.jpg\",\n            \"identifier\": \"14771-wpsso-schema-4x3\",\n            \"name\": \"petteri_tu11-kopio-5  &ndash; Taekwondourheilijat 2011 | Taekwondoa...\",\n            \"alternateName\": \"petteri_tu11-kopio-5  &ndash; Taekwondourheilijat 2011 | Taekwondoa parhaassa seurassa | Helsinki | Espoo | Vantaa\",\n            \"description\": \"No Description.\",\n            \"encodingFormat\": \"image\/jpeg\",\n            \"uploadDate\": \"2023-09-22T07:10:24+00:00\",\n            \"width\": [\n                {\n                    \"@id\": \"#sso\/qv-width-px-1200\"\n                }\n            ],\n            \"height\": [\n                {\n                    \"@id\": \"#sso\/qv-height-px-900\"\n                }\n            ]\n        },\n        {\n            \"@id\": \"#sso\/qv-height-px-900\",\n            \"@context\": \"https:\/\/schema.org\",\n            \"@type\": \"QuantitativeValue\",\n            \"name\": \"Height\",\n            \"unitText\": \"px\",\n            \"unitCode\": \"E37\",\n            \"value\": \"900\"\n        },\n        {\n            \"@id\": \"\/wp-content\/uploads\/2023\/04\/petteri_tu11-kopio-5-1200x675-cropped.jpg#sso\/image-object\",\n            \"@context\": \"https:\/\/schema.org\",\n            \"@type\": \"ImageObject\",\n            \"url\": \"https:\/\/tu11.fi\/taekwondo\/wp-content\/uploads\/2023\/04\/petteri_tu11-kopio-5-1200x675-cropped.jpg\",\n            \"identifier\": \"14771-wpsso-schema-16x9\",\n            \"name\": \"petteri_tu11-kopio-5  &ndash; Taekwondourheilijat 2011 | Taekwondoa...\",\n            \"alternateName\": \"petteri_tu11-kopio-5  &ndash; Taekwondourheilijat 2011 | Taekwondoa parhaassa seurassa | Helsinki | Espoo | Vantaa\",\n            \"description\": \"No Description.\",\n            \"encodingFormat\": \"image\/jpeg\",\n            \"uploadDate\": \"2023-09-22T07:10:24+00:00\",\n            \"width\": [\n                {\n                    \"@id\": \"#sso\/qv-width-px-1200\"\n                }\n            ],\n            \"height\": [\n                {\n                    \"@id\": \"#sso\/qv-height-px-675\"\n                }\n            ]\n        },\n        {\n            \"@id\": \"#sso\/qv-height-px-675\",\n            \"@context\": \"https:\/\/schema.org\",\n            \"@type\": \"QuantitativeValue\",\n            \"name\": \"Height\",\n            \"unitText\": \"px\",\n            \"unitCode\": \"E37\",\n            \"value\": \"675\"\n        },\n        {\n            \"@id\": \"\/2013\/02\/taekwondourheilijoiden-kevapaivan-ohjelma-9-3\/#sso\/breadcrumb.list\/yleinen\",\n            \"@context\": \"https:\/\/schema.org\",\n            \"@type\": \"BreadcrumbList\",\n            \"url\": \"https:\/\/tu11.fi\/taekwondo\/2013\/02\/taekwondourheilijoiden-kevapaivan-ohjelma-9-3\/\",\n            \"itemListElement\": [\n                {\n                    \"@context\": \"https:\/\/schema.org\",\n                    \"@type\": \"ListItem\",\n                    \"position\": 1,\n                    \"name\": \"Home\",\n                    \"item\": \"https:\/\/tu11.fi\/taekwondo\/\"\n                },\n                {\n                    \"@context\": \"https:\/\/schema.org\",\n                    \"@type\": \"ListItem\",\n                    \"position\": 2,\n                    \"name\": \"Yleinen Archives   Taekwondourheilijat 2011 | Taekwondoa parhaassa...\",\n                    \"item\": \"https:\/\/tu11.fi\/taekwondo\/category\/yleinen\/\"\n                },\n                {\n                    \"@context\": \"https:\/\/schema.org\",\n                    \"@type\": \"ListItem\",\n                    \"position\": 3,\n                    \"name\": \"Taekwondourheilijoiden kev&auml;tp&auml;iv&auml;n ohjelma 9.3...\",\n                    \"item\": \"https:\/\/tu11.fi\/taekwondo\/2013\/02\/taekwondourheilijoiden-kevapaivan-ohjelma-9-3\/\"\n                }\n            ]\n        }\n    ]\n}<\/script>\n","<meta name=\"wpsso-end\" content=\"wpsso structured data end\"\/>\n","<meta name=\"wpsso-cached\" content=\"no cache for tu11.fi\/taekwondo\"\/>\n"],"json":[{"@context":"https:\/\/schema.org","@graph":[{"@id":"#sso\/knowledge-graph\/sports-team\/2500","@context":"https:\/\/schema.org","@type":"SportsTeam","mainEntityOfPage":"https:\/\/tu11.fi\/taekwondo\/2013\/02\/taekwondourheilijoiden-kevapaivan-ohjelma-9-3\/","url":"https:\/\/tu11.fi\/taekwondo\/2013\/02\/taekwondourheilijoiden-kevapaivan-ohjelma-9-3\/","sameAs":["https:\/\/tu11.fi\/taekwondo\/?p=2500"],"name":"Taekwondourheilijoiden kev&auml;tp&auml;iv&auml;n ohjelma 9.3.  &ndash;...","alternateName":"Taekwondourheilijoiden kev&auml;tp&auml;iv&auml;n ohjelma 9.3.  &ndash; Taekwondourheilijat 2011 | Taekwondoa parhaassa...","description":"Viet&auml;mme seuran ensimm&auml;ist&auml; kev&auml;tp&auml;iv&auml;&auml; lauantaina 9.3. Ohjelmassa on mukavaa touhua yhdess&auml; ja illalla menemme saunomaan. Tapahtuma on tarkoitettu kaikille seurassamme harrastaville ja heid&auml;n perheenj&auml;senilleen. Iltaohjelma on tarkoitettu vain t&auml;ysi-ik&auml;isille.","image":[{"@id":"\/wp-content\/uploads\/2023\/04\/petteri_tu11-kopio-5-1200x1200-cropped.jpg#sso\/image-object"},{"@id":"\/wp-content\/uploads\/2023\/04\/petteri_tu11-kopio-5-1200x900-cropped.jpg#sso\/image-object"},{"@id":"\/wp-content\/uploads\/2023\/04\/petteri_tu11-kopio-5-1200x675-cropped.jpg#sso\/image-object"}]},{"@id":"\/wp-content\/uploads\/2023\/04\/petteri_tu11-kopio-5-1200x1200-cropped.jpg#sso\/image-object","@context":"https:\/\/schema.org","@type":"ImageObject","url":"https:\/\/tu11.fi\/taekwondo\/wp-content\/uploads\/2023\/04\/petteri_tu11-kopio-5-1200x1200-cropped.jpg","identifier":"14771-wpsso-schema-1x1","name":"petteri_tu11-kopio-5  &ndash; Taekwondourheilijat 2011 | Taekwondoa...","alternateName":"petteri_tu11-kopio-5  &ndash; Taekwondourheilijat 2011 | Taekwondoa parhaassa seurassa | Helsinki | Espoo | Vantaa","description":"No Description.","encodingFormat":"image\/jpeg","uploadDate":"2023-09-22T07:10:24+00:00","width":[{"@id":"#sso\/qv-width-px-1200"}],"height":[{"@id":"#sso\/qv-height-px-1200"}]},{"@id":"#sso\/qv-width-px-1200","@context":"https:\/\/schema.org","@type":"QuantitativeValue","name":"Width","unitText":"px","unitCode":"E37","value":"1200"},{"@id":"#sso\/qv-height-px-1200","@context":"https:\/\/schema.org","@type":"QuantitativeValue","name":"Height","unitText":"px","unitCode":"E37","value":"1200"},{"@id":"\/wp-content\/uploads\/2023\/04\/petteri_tu11-kopio-5-1200x900-cropped.jpg#sso\/image-object","@context":"https:\/\/schema.org","@type":"ImageObject","url":"https:\/\/tu11.fi\/taekwondo\/wp-content\/uploads\/2023\/04\/petteri_tu11-kopio-5-1200x900-cropped.jpg","identifier":"14771-wpsso-schema-4x3","name":"petteri_tu11-kopio-5  &ndash; Taekwondourheilijat 2011 | Taekwondoa...","alternateName":"petteri_tu11-kopio-5  &ndash; Taekwondourheilijat 2011 | Taekwondoa parhaassa seurassa | Helsinki | Espoo | Vantaa","description":"No Description.","encodingFormat":"image\/jpeg","uploadDate":"2023-09-22T07:10:24+00:00","width":[{"@id":"#sso\/qv-width-px-1200"}],"height":[{"@id":"#sso\/qv-height-px-900"}]},{"@id":"#sso\/qv-height-px-900","@context":"https:\/\/schema.org","@type":"QuantitativeValue","name":"Height","unitText":"px","unitCode":"E37","value":"900"},{"@id":"\/wp-content\/uploads\/2023\/04\/petteri_tu11-kopio-5-1200x675-cropped.jpg#sso\/image-object","@context":"https:\/\/schema.org","@type":"ImageObject","url":"https:\/\/tu11.fi\/taekwondo\/wp-content\/uploads\/2023\/04\/petteri_tu11-kopio-5-1200x675-cropped.jpg","identifier":"14771-wpsso-schema-16x9","name":"petteri_tu11-kopio-5  &ndash; Taekwondourheilijat 2011 | Taekwondoa...","alternateName":"petteri_tu11-kopio-5  &ndash; Taekwondourheilijat 2011 | Taekwondoa parhaassa seurassa | Helsinki | Espoo | Vantaa","description":"No Description.","encodingFormat":"image\/jpeg","uploadDate":"2023-09-22T07:10:24+00:00","width":[{"@id":"#sso\/qv-width-px-1200"}],"height":[{"@id":"#sso\/qv-height-px-675"}]},{"@id":"#sso\/qv-height-px-675","@context":"https:\/\/schema.org","@type":"QuantitativeValue","name":"Height","unitText":"px","unitCode":"E37","value":"675"},{"@id":"\/2013\/02\/taekwondourheilijoiden-kevapaivan-ohjelma-9-3\/#sso\/breadcrumb.list\/yleinen","@context":"https:\/\/schema.org","@type":"BreadcrumbList","url":"https:\/\/tu11.fi\/taekwondo\/2013\/02\/taekwondourheilijoiden-kevapaivan-ohjelma-9-3\/","itemListElement":[{"@context":"https:\/\/schema.org","@type":"ListItem","position":1,"name":"Home","item":"https:\/\/tu11.fi\/taekwondo\/"},{"@context":"https:\/\/schema.org","@type":"ListItem","position":2,"name":"Yleinen Archives   Taekwondourheilijat 2011 | Taekwondoa parhaassa...","item":"https:\/\/tu11.fi\/taekwondo\/category\/yleinen\/"},{"@context":"https:\/\/schema.org","@type":"ListItem","position":3,"name":"Taekwondourheilijoiden kev&auml;tp&auml;iv&auml;n ohjelma 9.3...","item":"https:\/\/tu11.fi\/taekwondo\/2013\/02\/taekwondourheilijoiden-kevapaivan-ohjelma-9-3\/"}]}]}],"parts":[["meta","name","generator","content","WPSSO Core 21.12.0\/L*","generator:1"],["meta","name","generator","content","WPSSO RAR 3.3.0\/S","generator:2"],["meta","name","generator","content","WPSSO REST 3.3.0\/S","generator:3"],["meta","name","generator","content","WPSSO BC 5.5.0\/S","generator:4"],["meta","name","generator","content","WPSSO FAQ 7.1.0\/S","generator:5"],["meta","name","generator","content","WPSSO OPM 5.1.0\/S","generator:6"],["meta","name","generator","content","WPSSO SSM 3.4.0\/S","generator:7"],["meta","name","generator","content","WPSSO TIE 4.1.0\/S","generator:8"],["meta","name","generator","content","WPSSO UM 7.3.0\/S","generator:9"],["meta","name","generator","content","WPSSO UL 4.3.0\/S","generator:10"],["link","rel","shortlink","href","https:\/\/tu11.fi\/taekwondo\/?p=2500",""],["meta","property","fb:app_id","content","966242223397117",""],["meta","property","og:time","content","2026-04-25T04:42:56+00:00",""],["meta","property","og:type","content","article",""],["meta","property","og:url","content","https:\/\/tu11.fi\/taekwondo\/2013\/02\/taekwondourheilijoiden-kevapaivan-ohjelma-9-3\/",""],["meta","property","og:locale","content","fi_FI",""],["meta","property","og:site_name","content","Taekwondourheilijat 2011 | Taekwondoa parhaassa seurassa | Helsinki | Espoo | Vantaa",""],["meta","property","og:title","content","Taekwondourheilijoiden kev&auml;tp&auml;iv&auml;n ohjelma 9.3.  &ndash;...",""],["meta","property","og:description","content","Viet&auml;mme seuran ensimm&auml;ist&auml; kev&auml;tp&auml;iv&auml;&auml; lauantaina 9.3. Ohjelmassa on mukavaa touhua yhdess&auml; ja illalla menemme saunomaan. Tapahtuma on tarkoitettu kaikille seurassamme harrastaville ja heid&auml;n perheenj&auml;senilleen. Iltaohjelma on tarkoitettu vain t&auml;ysi-ik&auml;isille.",""],["meta","property","og:updated_time","content","2013-03-09T13:24:43+00:00",""],["meta","property","og:image:secure_url","content","https:\/\/tu11.fi\/taekwondo\/wp-content\/uploads\/2013\/02\/leskenlehti-1200x630-cropped.jpg","og:image:1"],["meta","property","og:image:url","content","https:\/\/tu11.fi\/taekwondo\/wp-content\/uploads\/2013\/02\/leskenlehti-1200x630-cropped.jpg","og:image:1"],["meta","property","og:image","content","https:\/\/tu11.fi\/taekwondo\/wp-content\/uploads\/2013\/02\/leskenlehti-1200x630-cropped.jpg","og:image:1"],["meta","property","og:image:width","content","1200","og:image:1"],["meta","property","og:image:height","content","630","og:image:1"],["meta","property","og:image:cropped","content","true","og:image:1"],["meta","property","og:image:id","content","2449","og:image:1"],["meta","property","og:image:size_name","content","wpsso-opengraph","og:image:1"],["meta","name","schema:language","content","fi",""],["meta","name","schema:type:id","content","sports.team",""],["meta","name","schema:type:url","content","https:\/\/schema.org\/SportsTeam",""],["meta","name","schema:type:context","content","https:\/\/schema.org",""],["meta","name","schema:type:name","content","SportsTeam",""],["meta","name","schema:type:path","content","schema.org\/SportsTeam",""],["meta","property","article:section","content","Sport",""],["meta","property","article:author:name","content","Sampo Pajulampi",""],["meta","property","article:publisher","content","https:\/\/www.facebook.com\/TU11",""],["meta","property","article:tag","content","espoo","article:tag:1"],["meta","property","article:tag","content","helsinki","article:tag:2"],["meta","property","article:tag","content","juniori","article:tag:3"],["meta","property","article:tag","content","juniorit","article:tag:4"],["meta","property","article:tag","content","junnut","article:tag:5"],["meta","property","article:tag","content","kamppailu","article:tag:6"],["meta","property","article:tag","content","kilpailu","article:tag:7"],["meta","property","article:tag","content","kilpailut","article:tag:8"],["meta","property","article:tag","content","kisa","article:tag:9"],["meta","property","article:tag","content","kjorogii","article:tag:10"],["meta","property","article:tag","content","lapset","article:tag:11"],["meta","property","article:tag","content","leiri","article:tag:12"],["meta","property","article:tag","content","ottelu","article:tag:13"],["meta","property","article:tag","content","taekwond","article:tag:14"],["meta","property","article:tag","content","taekwondo","article:tag:15"],["meta","property","article:tag","content","taekwondourheilijat 2011","article:tag:16"],["meta","property","article:tag","content","tu11","article:tag:17"],["meta","property","article:tag","content","vantaa","article:tag:18"],["meta","property","article:tag","content","wtf","article:tag:19"],["meta","property","article:published_time","content","2013-02-22T07:58:29+00:00",""],["meta","property","article:modified_time","content","2013-03-09T13:24:43+00:00",""],["meta","property","article:reading_mins","content","1",""],["meta","name","twitter:domain","content","tu11.fi",""],["meta","name","twitter:site","content","@taekwondourh",""],["meta","name","twitter:title","content","Taekwondourheilijoiden kev&auml;tp&auml;iv&auml;n ohjelma 9.3.  &ndash;...",""],["meta","name","twitter:description","content","Viet&auml;mme seuran ensimm&auml;ist&auml; kev&auml;tp&auml;iv&auml;&auml; lauantaina 9.3. Ohjelmassa on mukavaa touhua yhdess&auml; ja illalla menemme saunomaan. Tapahtuma on tarkoitettu kaikille seurassamme harrastaville ja heid&auml;n...",""],["meta","name","twitter:card","content","summary",""],["meta","name","twitter:image","content","https:\/\/tu11.fi\/taekwondo\/wp-content\/uploads\/2023\/04\/petteri_tu11-kopio-5-1200x1200-cropped.jpg",""],["meta","name","twitter:label1","content","Written by",""],["meta","name","twitter:data1","content","Sampo Pajulampi",""],["meta","name","twitter:label2","content","Est. reading time",""],["meta","name","twitter:data2","content","1 minute",""],["meta","name","author","content","Sampo Pajulampi",""],["meta","name","thumbnail","content","https:\/\/tu11.fi\/taekwondo\/wp-content\/uploads\/2013\/02\/leskenlehti-1200x630-cropped.jpg",""]]},"_links":{"self":[{"href":"https:\/\/tu11.fi\/taekwondo\/wp-json\/wp\/v2\/posts\/2500","targetHints":{"allow":["GET"]}}],"collection":[{"href":"https:\/\/tu11.fi\/taekwondo\/wp-json\/wp\/v2\/posts"}],"about":[{"href":"https:\/\/tu11.fi\/taekwondo\/wp-json\/wp\/v2\/types\/post"}],"author":[{"embeddable":true,"href":"https:\/\/tu11.fi\/taekwondo\/wp-json\/wp\/v2\/users\/2"}],"replies":[{"embeddable":true,"href":"https:\/\/tu11.fi\/taekwondo\/wp-json\/wp\/v2\/comments?post=2500"}],"version-history":[{"count":0,"href":"https:\/\/tu11.fi\/taekwondo\/wp-json\/wp\/v2\/posts\/2500\/revisions"}],"wp:featuredmedia":[{"embeddable":true,"href":"https:\/\/tu11.fi\/taekwondo\/wp-json\/wp\/v2\/media\/2449"}],"wp:attachment":[{"href":"https:\/\/tu11.fi\/taekwondo\/wp-json\/wp\/v2\/media?parent=2500"}],"wp:term":[{"taxonomy":"category","embeddable":true,"href":"https:\/\/tu11.fi\/taekwondo\/wp-json\/wp\/v2\/categories?post=2500"},{"taxonomy":"post_tag","embeddable":true,"href":"https:\/\/tu11.fi\/taekwondo\/wp-json\/wp\/v2\/tags?post=2500"}],"curies":[{"name":"wp","href":"https:\/\/api.w.org\/{rel}","templated":true}]}}