{"id":6452,"date":"2016-11-12T19:13:50","date_gmt":"2016-11-12T19:13:50","guid":{"rendered":"http:\/\/tu11.fi.srv.hoste.fi\/taekwondo\/?p=6452"},"modified":"2016-11-13T20:56:27","modified_gmt":"2016-11-13T20:56:27","slug":"jattisaalis-pokaaleja-ambassadors-cupista","status":"publish","type":"post","link":"https:\/\/tu11.fi\/taekwondo\/2016\/11\/jattisaalis-pokaaleja-ambassadors-cupista\/","title":{"rendered":"J\u00e4ttisaalis pokaaleja Ambassador&#8217;s Cupista"},"content":{"rendered":"<p>Toista kertaa j\u00e4rjestetty Ambassador\u00b4s Cup ker\u00e4si \u00a0taekwondov\u00e4en kilpailemaan niin liikesarjoissa kuin ottelussa Vantaan Tikkurilassa 12.11.2016. Taekwondourheilijoilla oli molemissa kilpailumuodoissa vahva edustus, ja p\u00e4iv\u00e4n suorituksiin voidaan olla eritt\u00e4in tyytyv\u00e4isi\u00e4.<\/p>\n<h2>Ottelijat hyv\u00e4ss\u00e4 vauhdissa<\/h2>\n<p>Taekwondourheilijoilla oli ottelusarjoissa per\u00e4ti 29 edustusta, joten vipin\u00e4\u00e4 riitti koko p\u00e4iv\u00e4ksi. Valtava pokaalisaalis kertoo, ett\u00e4 huippuhetki\u00e4 ja onnistumisia riitti kerrakseen. Kiireinen valmentaja ei ihan kaikkia kerke\u00e4 huomata, mutta ainakin Paulin mieleen j\u00e4iv\u00e4t Vennen sisukas kolmen voiton taistelu sarjavoittoon, Laurin tarkat pisteosumat, Iineksen hurja potkuvoima, Jennyn huikea itseluottamus, Janikan taktinen osaaminen, Plumin vankka ty\u00f6moraali, Aleksin voitontahto, Bardian v\u00e4\u00e4nt\u00f6 Viron hyrr\u00e4\u00e4 vastaan sek\u00e4 Jaden, Markuksen ja Kaislan rohkea ensikosketus kansallisilla kisamatoilla. Moni muukin asia loksahteli kohdilleen, ja kuten sanottu, yhden valmentajan silm\u00e4 ei riit\u00e4 kaikkien n\u00e4kemiseen.<\/p>\n<p>Valmennuksesta ottelun puolella vastasivat Sampo, Pauli, Juho, Riina, Petteri ja Teemu. Valmentajien keskin\u00e4inen sananvaihto kisojen j\u00e4lkeen oli eritt\u00e4in my\u00f6nteist\u00e4. Kauden taittuessa loppua kohti, voidaan jo monien tavoitteiden katsoa toteutuneen syksyn osalta. Valmennustiimilt\u00e4 viel\u00e4 iso kiitos kaikille ottelijoille ja onnittelut menestyksest\u00e4!<\/p>\n<h2>Liikesarjoissa tehokas ja tyylik\u00e4s joukkue<\/h2>\n<p>Taekwondourheilijoiden liikesarjajoukkue ehostautui joukkeen virallisen stylistin Somporn Kopiston k\u00e4sittelyss\u00e4 kisakuntoon. Joukkue oli helposti kisojen tyylikk\u00e4in eik\u00e4 tehokkuudestakaan j\u00e4\u00e4nyt ep\u00e4ilyst\u00e4. Valmentajina toimivat Juho Ranta sek\u00e4\u00a0Essi Labart. Essi toki ehti ennen t\u00e4t\u00e4 napata kultaa molemmista sarjoistaan. Yleisesti ottaen koko syksyn jatkunut nousukiito liikesarjaurheilijoiden kohdalla sai j\u00e4lleen jatkoa Ambassador&#8217;s Cupissa. Essi oli tyytyv\u00e4inen ja ylpe\u00e4 joukkueen suorituksista, eik\u00e4 Juhokaan s\u00e4\u00e4stellyt ylisanoja my\u00f6hemm\u00e4ss\u00e4 raportissaan.<\/p>\n<p>Seura ja valmennustiimi onnittelevat menestyji\u00e4!<\/p>\n<p><a href=\"http:\/\/tu11.fi.srv.hoste.fi\/taekwondo\/wp-content\/uploads\/2016\/11\/Janika.jpg\"><img decoding=\"async\" class=\"alignnone size-full wp-image-6455\" src=\"http:\/\/tu11.fi.srv.hoste.fi\/taekwondo\/wp-content\/uploads\/2016\/11\/Janika.jpg\" alt=\"janika\" width=\"349\" height=\"395\" srcset=\"https:\/\/tu11.fi\/taekwondo\/wp-content\/uploads\/2016\/11\/Janika.jpg 349w, https:\/\/tu11.fi\/taekwondo\/wp-content\/uploads\/2016\/11\/Janika-265x300.jpg 265w\" sizes=\"(max-width: 349px) 100vw, 349px\" \/><\/a> <a href=\"http:\/\/tu11.fi.srv.hoste.fi\/taekwondo\/wp-content\/uploads\/2016\/11\/Sofia.jpg\"><img decoding=\"async\" class=\"alignnone wp-image-6456 size-medium\" src=\"http:\/\/tu11.fi.srv.hoste.fi\/taekwondo\/wp-content\/uploads\/2016\/11\/Sofia-169x300.jpg\" alt=\"sofia\" width=\"169\" height=\"300\" srcset=\"https:\/\/tu11.fi\/taekwondo\/wp-content\/uploads\/2016\/11\/Sofia-169x300.jpg 169w, https:\/\/tu11.fi\/taekwondo\/wp-content\/uploads\/2016\/11\/Sofia.jpg 540w\" sizes=\"(max-width: 169px) 100vw, 169px\" \/><\/a> \u00a0<a href=\"http:\/\/tu11.fi.srv.hoste.fi\/taekwondo\/wp-content\/uploads\/2016\/11\/Hiustyyli.jpg\"><img decoding=\"async\" class=\"alignnone wp-image-6458 size-medium\" src=\"http:\/\/tu11.fi.srv.hoste.fi\/taekwondo\/wp-content\/uploads\/2016\/11\/Hiustyyli-225x300.jpg\" alt=\"hiustyyli\" width=\"225\" height=\"300\" srcset=\"https:\/\/tu11.fi\/taekwondo\/wp-content\/uploads\/2016\/11\/Hiustyyli-225x300.jpg 225w, https:\/\/tu11.fi\/taekwondo\/wp-content\/uploads\/2016\/11\/Hiustyyli.jpg 720w\" sizes=\"(max-width: 225px) 100vw, 225px\" \/><\/a> <a href=\"http:\/\/tu11.fi.srv.hoste.fi\/taekwondo\/wp-content\/uploads\/2016\/11\/Tyt\u00f6t.jpg\"><img decoding=\"async\" class=\"alignnone wp-image-6459 size-medium\" src=\"http:\/\/tu11.fi.srv.hoste.fi\/taekwondo\/wp-content\/uploads\/2016\/11\/Tyt\u00f6t-225x300.jpg\" alt=\"tytot\" width=\"225\" height=\"300\" srcset=\"https:\/\/tu11.fi\/taekwondo\/wp-content\/uploads\/2016\/11\/Tyt\u00f6t-225x300.jpg 225w, https:\/\/tu11.fi\/taekwondo\/wp-content\/uploads\/2016\/11\/Tyt\u00f6t.jpg 720w\" sizes=\"(max-width: 225px) 100vw, 225px\" \/><img decoding=\"async\" class=\"alignnone wp-image-6457 size-medium\" src=\"http:\/\/tu11.fi.srv.hoste.fi\/taekwondo\/wp-content\/uploads\/2016\/11\/Plum-300x225.jpg\" alt=\"plum\" width=\"300\" height=\"225\" srcset=\"https:\/\/tu11.fi\/taekwondo\/wp-content\/uploads\/2016\/11\/Plum-300x225.jpg 300w, https:\/\/tu11.fi\/taekwondo\/wp-content\/uploads\/2016\/11\/Plum-uai-150x113.jpg 150w, https:\/\/tu11.fi\/taekwondo\/wp-content\/uploads\/2016\/11\/Plum-uai-828x621.jpg 828w, https:\/\/tu11.fi\/taekwondo\/wp-content\/uploads\/2016\/11\/Plum-uai-750x563.jpg 750w, https:\/\/tu11.fi\/taekwondo\/wp-content\/uploads\/2016\/11\/Plum-1200x900-cropped.jpg 1200w, https:\/\/tu11.fi\/taekwondo\/wp-content\/uploads\/2016\/11\/Plum.jpg 960w\" sizes=\"(max-width: 300px) 100vw, 300px\" \/><\/a><\/p>\n<p>Erityiskiitos Subarulle, joka tarjosi joukkueelle subit kisan p\u00e4\u00e4tteeksi! #kiitossubaru<\/p>\n<h2>Kaikki sijoitukset<\/h2>\n<table>\n<tbody>\n<tr>\n<td width=\"141\"><strong>Kilpailija \/ ottelu<\/strong><\/td>\n<td width=\"130\"><strong>sarja<\/strong><\/td>\n<td width=\"60\"><strong>Sijoitus<\/strong><\/td>\n<\/tr>\n<tr>\n<td width=\"141\">Venne Viitaniemi<\/td>\n<td width=\"130\">D2 &#8211; Kids -30 Kg<\/td>\n<td width=\"60\">1.<\/td>\n<\/tr>\n<tr>\n<td width=\"141\">Venne Viitaniemi<\/td>\n<td width=\"130\">D2 &#8211; Kids -35 Kg<\/td>\n<td width=\"60\">9.<\/td>\n<\/tr>\n<tr>\n<td width=\"141\">Lauri Hulikkala<\/td>\n<td width=\"130\">C2 &#8211; Kids -44 Kg<\/p>\n<p>&nbsp;<\/td>\n<td width=\"60\">1.<\/td>\n<\/tr>\n<tr>\n<td width=\"141\">Henri Hulikkala<\/td>\n<td width=\"130\">D2 \u2013 Kids -40kg<\/p>\n<p>&nbsp;<\/td>\n<td width=\"60\">5.<\/td>\n<\/tr>\n<tr>\n<td width=\"141\">Iines Korhonen<\/td>\n<td width=\"130\">D2 &#8211; Kids -30 Kg<\/p>\n<p>&nbsp;<\/td>\n<td width=\"60\">1.<\/td>\n<\/tr>\n<tr>\n<td width=\"141\">Jenny Vettenniemi<\/td>\n<td width=\"130\">D1 &#8211; Kids -30 Kg<\/p>\n<p>&nbsp;<\/td>\n<td width=\"60\">1.<\/td>\n<\/tr>\n<tr>\n<td width=\"141\">Sofia Sarala<\/td>\n<td width=\"130\">D1 &#8211; Kids -30 Kg<\/p>\n<p>&nbsp;<\/td>\n<td width=\"60\">3.<\/td>\n<\/tr>\n<tr>\n<td width=\"141\">Sofia Sarala<\/td>\n<td width=\"130\">D1 &#8211; Kids -28 Kg<\/p>\n<p>&nbsp;<\/td>\n<td width=\"60\">1.<\/td>\n<\/tr>\n<tr>\n<td width=\"141\">Aino Kortelainen<\/td>\n<td width=\"130\">D1 &#8211; Kids -30 Kg<\/p>\n<p>&nbsp;<\/td>\n<td width=\"60\">3.<\/td>\n<\/tr>\n<tr>\n<td width=\"141\">Janika Tatti<\/td>\n<td width=\"130\">D1 &#8211; Kids -37 Kg<\/p>\n<p>&nbsp;<\/td>\n<td width=\"60\">2.<\/td>\n<\/tr>\n<tr>\n<td width=\"141\">Janika Tatti<\/td>\n<td width=\"130\">C2 &#8211; Kids -36 Kg<\/p>\n<p>&nbsp;<\/td>\n<td width=\"60\">1.<\/td>\n<\/tr>\n<tr>\n<td width=\"141\">Markus Liuko<\/td>\n<td width=\"130\">E1 &#8211; Kids -26 Kg<\/td>\n<td width=\"60\">9.<\/td>\n<\/tr>\n<tr>\n<td width=\"141\">Frans Orjasniemi<\/td>\n<td width=\"130\">D2 &#8211; Kids -35 Kg<\/td>\n<td width=\"60\">5.<\/td>\n<\/tr>\n<tr>\n<td width=\"141\">Aleksi Koskelainen<\/td>\n<td width=\"130\">D2 &#8211; Kids -45 Kg<\/td>\n<td width=\"60\">1.<\/td>\n<\/tr>\n<tr>\n<td width=\"141\">Kaisla Seimola<\/td>\n<td width=\"130\">D2 &#8211; Kids -30 Kg<\/p>\n<p>&nbsp;<\/td>\n<td width=\"60\">3.<\/td>\n<\/tr>\n<tr>\n<td width=\"141\">Jade Salko<\/td>\n<td width=\"130\">C2 &#8211; Kids -42 Kg<\/p>\n<p>&nbsp;<\/td>\n<td width=\"60\">3.<\/td>\n<\/tr>\n<tr>\n<td width=\"141\">Plum Kopisto<\/td>\n<td width=\"130\">C1 &#8211; Cadets -41 Kg<\/p>\n<p>&nbsp;<\/td>\n<td width=\"60\">3.<\/td>\n<\/tr>\n<tr>\n<td width=\"141\">Plum Kopisto<\/td>\n<td width=\"130\">C1 &#8211; Cadets -45 Kg<\/p>\n<p>&nbsp;<\/td>\n<td width=\"60\">1.<\/td>\n<\/tr>\n<tr>\n<td width=\"141\">Ali Pirveisi<\/td>\n<td width=\"130\">C1 &#8211; Cadets -53 Kg<\/p>\n<p>&nbsp;<\/td>\n<td width=\"60\">1.<\/td>\n<\/tr>\n<tr>\n<td width=\"141\">Bardia Mirzaei<\/td>\n<td width=\"130\">R1 &#8211; Seniors -68 Kg<\/p>\n<p>&nbsp;<\/td>\n<td width=\"60\">3.<\/td>\n<\/tr>\n<tr>\n<td width=\"141\">Aino Kortelainen<\/td>\n<td width=\"130\">C1 &#8211; Cadets -33 Kg<\/p>\n<p>&nbsp;<\/td>\n<td width=\"60\">1.<\/td>\n<\/tr>\n<tr>\n<td width=\"141\">Emilia Lahti<\/td>\n<td width=\"130\">C1 &#8211; Cadets -51 Kg<\/p>\n<p>&nbsp;<\/td>\n<td width=\"60\">2.<\/td>\n<\/tr>\n<tr>\n<td width=\"141\">Emilia Lahti<\/td>\n<td width=\"130\">B1 &#8211; Juniors -52 Kg<\/p>\n<p>&nbsp;<\/td>\n<td width=\"60\">2.<\/td>\n<\/tr>\n<tr>\n<td width=\"141\">Luca Leskinen<\/td>\n<td width=\"130\">C1 &#8211; Cadets -33 Kg<\/p>\n<p>&nbsp;<\/td>\n<td width=\"60\">2.<\/td>\n<\/tr>\n<tr>\n<td width=\"141\">Luca Leskinen<\/td>\n<td width=\"130\">C1 &#8211; Cadets -37 Kg<\/p>\n<p>&nbsp;<\/td>\n<td width=\"60\">3.<\/td>\n<\/tr>\n<tr>\n<td width=\"141\">Jenny Vettenniemi<\/td>\n<td width=\"130\">C1 &#8211; Cadets -29 Kg<\/p>\n<p>&nbsp;<\/td>\n<td width=\"60\">2.<\/td>\n<\/tr>\n<tr>\n<td width=\"141\">Severi Sarala<\/td>\n<td width=\"130\">B1 &#8211; Juniors -63 Kg<\/p>\n<p>&nbsp;<\/td>\n<td width=\"60\">2.<\/td>\n<\/tr>\n<tr>\n<td width=\"141\">Sara Quinones<\/td>\n<td width=\"130\">C1 &#8211; Cadets -41 Kg<\/p>\n<p>&nbsp;<\/td>\n<td width=\"60\">2.<\/td>\n<\/tr>\n<tr>\n<td width=\"141\">Tuikku Holopainen<\/td>\n<td width=\"130\">C1 &#8211; Cadets -47 Kg<\/p>\n<p>&nbsp;<\/td>\n<td width=\"60\">5.<\/td>\n<\/tr>\n<tr>\n<td width=\"141\"><strong>Kilpailija \/ Liikesarjat<\/strong><\/td>\n<td width=\"130\"><\/td>\n<td width=\"60\"><strong>Mitalisija<\/strong><\/td>\n<\/tr>\n<tr>\n<td width=\"141\">Plum Kopisto<\/td>\n<td width=\"130\">Cadets Male<\/td>\n<td width=\"60\">3.<\/td>\n<\/tr>\n<tr>\n<td width=\"141\">Christian Kamphuis<\/td>\n<td width=\"130\">U30 Male<\/td>\n<td width=\"60\">2.<\/td>\n<\/tr>\n<tr>\n<td width=\"141\">Essi Labart<\/td>\n<td width=\"130\">U30 Female<\/td>\n<td width=\"60\">1.<\/td>\n<\/tr>\n<tr>\n<td width=\"141\">Aino Kortelainen<\/td>\n<td width=\"130\">Kids Blue Female<\/td>\n<td width=\"60\">2.<\/td>\n<\/tr>\n<tr>\n<td width=\"141\">Bella Buuri<\/td>\n<td width=\"130\">Kids Green Female<\/td>\n<td width=\"60\">2.<\/td>\n<\/tr>\n<tr>\n<td width=\"141\">Victoria Hentunen<\/td>\n<td width=\"130\">Kids Green Female<\/td>\n<td width=\"60\">&#8211;<\/td>\n<\/tr>\n<tr>\n<td width=\"141\">Sofia Sarala<\/td>\n<td width=\"130\">Kids Blue Female<\/td>\n<td width=\"60\">3.<\/td>\n<\/tr>\n<tr>\n<td width=\"141\">Aino Kortelainen<\/td>\n<td width=\"130\">Blue Belts Female<\/td>\n<td width=\"60\">1<\/td>\n<\/tr>\n<tr>\n<td width=\"141\">Sara Quinones<\/td>\n<td width=\"130\">Kids Red-Black Female<\/td>\n<td width=\"60\">2.<\/td>\n<\/tr>\n<tr>\n<td width=\"141\">Essi Labart &amp; Christian Kamphuis<\/td>\n<td width=\"130\">U30 Pair<\/td>\n<td width=\"60\">1.<\/td>\n<\/tr>\n<tr>\n<td width=\"141\">Bella Buuri &amp; Victoria Hentunen<\/td>\n<td width=\"130\">Kids Pair<\/td>\n<td width=\"60\">3.<\/td>\n<\/tr>\n<tr>\n<td width=\"141\">Aino Kortelainen &amp; Sofia Sarala<\/td>\n<td width=\"130\">Kids Pair<\/td>\n<td width=\"60\">&#8211;<\/td>\n<\/tr>\n<tr>\n<td width=\"141\">Sara Quinones &amp; Mia Knuttson (Espoo Hwarang Team)<\/td>\n<td width=\"130\">Kids Pair<\/td>\n<td width=\"60\">1.<\/td>\n<\/tr>\n<tr>\n<td width=\"141\">Bella, Victoria, Sofia<\/td>\n<td width=\"130\">Kids Team<\/td>\n<td width=\"60\">&#8211;<\/td>\n<\/tr>\n<tr>\n<td width=\"141\">Aino, Sara, Mia (Espoo Hwarang Team)<\/td>\n<td width=\"130\">Kids Team<\/td>\n<td width=\"60\">1.<\/td>\n<\/tr>\n<tr>\n<td width=\"141\">Christian Kamhuis<\/td>\n<td width=\"130\">Freestyle<\/td>\n<td width=\"60\">1.<\/td>\n<\/tr>\n<\/tbody>\n<\/table>\n<p>&nbsp;<\/p>\n","protected":false},"excerpt":{"rendered":"<p>Toista kertaa j\u00e4rjestetty Ambassador\u00b4s Cup ker\u00e4si \u00a0taekwondov\u00e4en kilpailemaan niin liikesarjoissa kuin ottelussa Vantaan Tikkurilassa 12.11.2016. Taekwondourheilijoilla oli molemissa kilpailumuodoissa vahva edustus, ja p\u00e4iv\u00e4n suorituksiin voidaan olla eritt\u00e4in tyytyv\u00e4isi\u00e4. Ottelijat hyv\u00e4ss\u00e4 vauhdissa Taekwondourheilijoilla oli ottelusarjoissa per\u00e4ti 29 edustusta, joten vipin\u00e4\u00e4 riitti koko p\u00e4iv\u00e4ksi. Valtava pokaalisaalis kertoo, ett\u00e4 huippuhetki\u00e4 ja onnistumisia riitti kerrakseen. Kiireinen valmentaja ei ihan&hellip;<\/p>\n","protected":false},"author":7,"featured_media":6460,"comment_status":"closed","ping_status":"closed","sticky":false,"template":"templates\/template-cover.php","format":"standard","meta":{"footnotes":""},"categories":[4,5,438,1],"tags":[55,8,53,12,92,49,50,39,62,42,56,14,13,7,23,79,22,9,15],"class_list":["post-6452","post","type-post","status-publish","format-standard","has-post-thumbnail","hentry","category-etusivu","category-slider","category-uutiskirje","category-yleinen","tag-harrastus","tag-helsinki","tag-juniori","tag-juniorit","tag-kamppailu","tag-kilpailu","tag-kilpailut","tag-kisa","tag-kjorogii","tag-kukkiwon","tag-lapset","tag-ottelu","tag-taekwond","tag-taekwondo","tag-taekwondourheilijat-2011","tag-teemu","tag-tu11","tag-vantaa","tag-wtf"],"yoast_head":"<!-- This site is optimized with the Yoast SEO plugin v27.2 - https:\/\/yoast.com\/product\/yoast-seo-wordpress\/ -->\n<title>J\u00e4ttisaalis pokaaleja Ambassador&#039;s Cupista - Taekwondourheilijat 2011 | Taekwondoa parhaassa seurassa | Helsinki | Espoo | Vantaa<\/title>\n<meta name=\"description\" content=\"TU11 tarjoaa innostavan ymp\u00e4rist\u00f6n harjoitella taekwondoa kaikenik\u00e4isille ja -tasoisille, aloittelijoista huippu-urheilijoihin. Valmennus on systemaattista ja valmentajat maamme parhaimmistoa. Aloita taekwondo nyt!\" \/>\n<meta name=\"robots\" content=\"index, follow, max-snippet:-1, max-image-preview:large, max-video-preview:-1\" \/>\n<link rel=\"canonical\" href=\"https:\/\/tu11.fi\/taekwondo\/2016\/11\/jattisaalis-pokaaleja-ambassadors-cupista\/\" \/>\n<script type=\"application\/ld+json\" class=\"yoast-schema-graph\">{\"@context\":\"https:\/\/schema.org\",\"@graph\":[]}<\/script>\n<!-- \/ Yoast SEO plugin. -->","yoast_head_json":{"title":"J\u00e4ttisaalis pokaaleja Ambassador's Cupista - Taekwondourheilijat 2011 | Taekwondoa parhaassa seurassa | Helsinki | Espoo | Vantaa","description":"TU11 tarjoaa innostavan ymp\u00e4rist\u00f6n harjoitella taekwondoa kaikenik\u00e4isille ja -tasoisille, aloittelijoista huippu-urheilijoihin. Valmennus on systemaattista ja valmentajat maamme parhaimmistoa. Aloita taekwondo nyt!","robots":{"index":"index","follow":"follow","max-snippet":"max-snippet:-1","max-image-preview":"max-image-preview:large","max-video-preview":"max-video-preview:-1"},"canonical":"https:\/\/tu11.fi\/taekwondo\/2016\/11\/jattisaalis-pokaaleja-ambassadors-cupista\/","schema":{"@context":"https:\/\/schema.org","@graph":[]}},"amp_enabled":true,"head":{"html":["<meta name=\"wpsso-begin\" content=\"wpsso structured data begin\"\/>\n","<!-- generator:1 --><meta name=\"generator\" content=\"WPSSO Core 21.12.0\/L*\"\/>\n","<!-- generator:2 --><meta name=\"generator\" content=\"WPSSO RAR 3.3.0\/S\"\/>\n","<!-- generator:3 --><meta name=\"generator\" content=\"WPSSO REST 3.3.0\/S\"\/>\n","<!-- generator:4 --><meta name=\"generator\" content=\"WPSSO BC 5.5.0\/S\"\/>\n","<!-- generator:5 --><meta name=\"generator\" content=\"WPSSO FAQ 7.1.0\/S\"\/>\n","<!-- generator:6 --><meta name=\"generator\" content=\"WPSSO OPM 5.1.0\/S\"\/>\n","<!-- generator:7 --><meta name=\"generator\" content=\"WPSSO SSM 3.4.0\/S\"\/>\n","<!-- generator:8 --><meta name=\"generator\" content=\"WPSSO TIE 4.1.0\/S\"\/>\n","<!-- generator:9 --><meta name=\"generator\" content=\"WPSSO UM 7.3.0\/S\"\/>\n","<!-- generator:10 --><meta name=\"generator\" content=\"WPSSO UL 4.3.0\/S\"\/>\n","<link rel=\"shortlink\" href=\"https:\/\/tu11.fi\/taekwondo\/?p=6452\"\/>\n","<meta property=\"fb:app_id\" content=\"966242223397117\"\/>\n","<meta property=\"og:type\" content=\"article\"\/>\n","<meta property=\"og:url\" content=\"https:\/\/tu11.fi\/taekwondo\/2016\/11\/jattisaalis-pokaaleja-ambassadors-cupista\/\"\/>\n","<meta property=\"og:locale\" content=\"fi_FI\"\/>\n","<meta property=\"og:site_name\" content=\"Taekwondourheilijat 2011 | Taekwondoa parhaassa seurassa | Helsinki | Espoo | Vantaa\"\/>\n","<meta property=\"og:title\" content=\"J&auml;ttisaalis pokaaleja Ambassador&rsquo;s Cupista  &ndash; Taekwondourheilijat...\"\/>\n","<meta property=\"og:description\" content=\"TU11 tarjoaa innostavan ymp&auml;rist&ouml;n harjoitella taekwondoa kaikenik&auml;isille ja -tasoisille, aloittelijoista huippu-urheilijoihin. Valmennus on systemaattista ja valmentajat maamme parhaimmistoa. Aloita taekwondo nyt!\"\/>\n","<meta property=\"og:updated_time\" content=\"2016-11-13T20:56:27+00:00\"\/>\n","<!-- og:image:1 --><meta property=\"og:image\" content=\"https:\/\/tu11.fi\/taekwondo\/wp-content\/uploads\/2016\/11\/Chris-ja-Essi-1200x630-cropped.jpg\"\/>\n","<!-- og:image:1 --><meta property=\"og:image:width\" content=\"1200\"\/>\n","<!-- og:image:1 --><meta property=\"og:image:height\" content=\"630\"\/>\n","<meta property=\"article:section\" content=\"Sport\"\/>\n","<meta property=\"article:publisher\" content=\"https:\/\/www.facebook.com\/TU11\"\/>\n","<!-- article:tag:1 --><meta property=\"article:tag\" content=\"harrastus\"\/>\n","<!-- article:tag:2 --><meta property=\"article:tag\" content=\"helsinki\"\/>\n","<!-- article:tag:3 --><meta property=\"article:tag\" content=\"juniori\"\/>\n","<!-- article:tag:4 --><meta property=\"article:tag\" content=\"juniorit\"\/>\n","<!-- article:tag:5 --><meta property=\"article:tag\" content=\"kamppailu\"\/>\n","<!-- article:tag:6 --><meta property=\"article:tag\" content=\"kilpailu\"\/>\n","<!-- article:tag:7 --><meta property=\"article:tag\" content=\"kilpailut\"\/>\n","<!-- article:tag:8 --><meta property=\"article:tag\" content=\"kisa\"\/>\n","<!-- article:tag:9 --><meta property=\"article:tag\" content=\"kjorogii\"\/>\n","<!-- article:tag:10 --><meta property=\"article:tag\" content=\"kukkiwon\"\/>\n","<!-- article:tag:11 --><meta property=\"article:tag\" content=\"lapset\"\/>\n","<!-- article:tag:12 --><meta property=\"article:tag\" content=\"ottelu\"\/>\n","<!-- article:tag:13 --><meta property=\"article:tag\" content=\"taekwond\"\/>\n","<!-- article:tag:14 --><meta property=\"article:tag\" content=\"taekwondo\"\/>\n","<!-- article:tag:15 --><meta property=\"article:tag\" content=\"taekwondourheilijat 2011\"\/>\n","<!-- article:tag:16 --><meta property=\"article:tag\" content=\"Teemu\"\/>\n","<!-- article:tag:17 --><meta property=\"article:tag\" content=\"tu11\"\/>\n","<!-- article:tag:18 --><meta property=\"article:tag\" content=\"vantaa\"\/>\n","<!-- article:tag:19 --><meta property=\"article:tag\" content=\"wtf\"\/>\n","<meta property=\"article:published_time\" content=\"2016-11-12T19:13:50+00:00\"\/>\n","<meta property=\"article:modified_time\" content=\"2016-11-13T20:56:27+00:00\"\/>\n","<meta name=\"twitter:domain\" content=\"tu11.fi\"\/>\n","<meta name=\"twitter:site\" content=\"@taekwondourh\"\/>\n","<meta name=\"twitter:title\" content=\"J&auml;ttisaalis pokaaleja Ambassador&rsquo;s Cupista  &ndash; Taekwondourheilijat...\"\/>\n","<meta name=\"twitter:description\" content=\"TU11 tarjoaa innostavan ymp&auml;rist&ouml;n harjoitella taekwondoa kaikenik&auml;isille ja -tasoisille, aloittelijoista huippu-urheilijoihin. Valmennus on systemaattista ja valmentajat maamme parhaimmistoa...\"\/>\n","<meta name=\"twitter:card\" content=\"summary_large_image\"\/>\n","<meta name=\"twitter:image\" content=\"https:\/\/tu11.fi\/taekwondo\/wp-content\/uploads\/2016\/11\/Plum-1200x630-cropped.jpg?p=6452\"\/>\n","<meta name=\"twitter:label1\" content=\"Written by\"\/>\n","<meta name=\"twitter:data1\" content=\"Pauli Raivio\"\/>\n","<meta name=\"twitter:label2\" content=\"Est. reading time\"\/>\n","<meta name=\"twitter:data2\" content=\"3 minutes\"\/>\n","<meta name=\"author\" content=\"Pauli Raivio\"\/>\n","<meta name=\"thumbnail\" content=\"https:\/\/tu11.fi\/taekwondo\/wp-content\/uploads\/2016\/11\/Chris-ja-Essi-1200x630-cropped.jpg\"\/>\n","<script type=\"application\/ld+json\" id=\"wpsso-schema-graph\">{\n    \"@context\": \"https:\/\/schema.org\",\n    \"@graph\": [\n        {\n            \"@id\": \"#sso\/knowledge-graph\/sports-team\/6452\",\n            \"@context\": \"https:\/\/schema.org\",\n            \"@type\": \"SportsTeam\",\n            \"mainEntityOfPage\": \"https:\/\/tu11.fi\/taekwondo\/2016\/11\/jattisaalis-pokaaleja-ambassadors-cupista\/\",\n            \"url\": \"https:\/\/tu11.fi\/taekwondo\/2016\/11\/jattisaalis-pokaaleja-ambassadors-cupista\/\",\n            \"sameAs\": [\n                \"https:\/\/tu11.fi\/taekwondo\/?p=6452\"\n            ],\n            \"name\": \"J&auml;ttisaalis pokaaleja Ambassador&rsquo;s Cupista  &ndash; Taekwondourheilijat...\",\n            \"alternateName\": \"J&auml;ttisaalis pokaaleja Ambassador&rsquo;s Cupista  &ndash; Taekwondourheilijat 2011 | Taekwondoa parhaassa seurassa |...\",\n            \"description\": \"TU11 tarjoaa innostavan ymp&auml;rist&ouml;n harjoitella taekwondoa kaikenik&auml;isille ja -tasoisille, aloittelijoista huippu-urheilijoihin. Valmennus on systemaattista ja valmentajat maamme parhaimmistoa. Aloita taekwondo nyt!\",\n            \"image\": [\n                {\n                    \"@id\": \"\/wp-content\/uploads\/2023\/04\/petteri_tu11-kopio-5-1200x1200-cropped.jpg#sso\/image-object\"\n                },\n                {\n                    \"@id\": \"\/wp-content\/uploads\/2016\/11\/Plum-1200x900-cropped.jpg#sso\/image-object\"\n                },\n                {\n                    \"@id\": \"\/wp-content\/uploads\/2016\/11\/Plum-1200x675-cropped.jpg#sso\/image-object\"\n                }\n            ]\n        },\n        {\n            \"@id\": \"\/wp-content\/uploads\/2023\/04\/petteri_tu11-kopio-5-1200x1200-cropped.jpg#sso\/image-object\",\n            \"@context\": \"https:\/\/schema.org\",\n            \"@type\": \"ImageObject\",\n            \"url\": \"https:\/\/tu11.fi\/taekwondo\/wp-content\/uploads\/2023\/04\/petteri_tu11-kopio-5-1200x1200-cropped.jpg\",\n            \"identifier\": \"14771-wpsso-schema-1x1\",\n            \"name\": \"petteri_tu11-kopio-5  &ndash; Taekwondourheilijat 2011 | Taekwondoa...\",\n            \"alternateName\": \"petteri_tu11-kopio-5  &ndash; Taekwondourheilijat 2011 | Taekwondoa parhaassa seurassa | Helsinki | Espoo | Vantaa\",\n            \"description\": \"No Description.\",\n            \"encodingFormat\": \"image\/jpeg\",\n            \"uploadDate\": \"2023-09-22T07:10:24+00:00\",\n            \"width\": [\n                {\n                    \"@id\": \"#sso\/qv-width-px-1200\"\n                }\n            ],\n            \"height\": [\n                {\n                    \"@id\": \"#sso\/qv-height-px-1200\"\n                }\n            ]\n        },\n        {\n            \"@id\": \"#sso\/qv-width-px-1200\",\n            \"@context\": \"https:\/\/schema.org\",\n            \"@type\": \"QuantitativeValue\",\n            \"name\": \"Width\",\n            \"unitText\": \"px\",\n            \"unitCode\": \"E37\",\n            \"value\": \"1200\"\n        },\n        {\n            \"@id\": \"#sso\/qv-height-px-1200\",\n            \"@context\": \"https:\/\/schema.org\",\n            \"@type\": \"QuantitativeValue\",\n            \"name\": \"Height\",\n            \"unitText\": \"px\",\n            \"unitCode\": \"E37\",\n            \"value\": \"1200\"\n        },\n        {\n            \"@id\": \"\/wp-content\/uploads\/2016\/11\/Plum-1200x900-cropped.jpg#sso\/image-object\",\n            \"@context\": \"https:\/\/schema.org\",\n            \"@type\": \"ImageObject\",\n            \"url\": \"https:\/\/tu11.fi\/taekwondo\/wp-content\/uploads\/2016\/11\/Plum-1200x900-cropped.jpg\",\n            \"identifier\": \"6457-wpsso-schema-4x3\",\n            \"name\": \"plum  &ndash; Taekwondourheilijat 2011 | Taekwondoa parhaassa seurassa |...\",\n            \"alternateName\": \"plum  &ndash; Taekwondourheilijat 2011 | Taekwondoa parhaassa seurassa | Helsinki | Espoo | Vantaa\",\n            \"description\": \"No Description.\",\n            \"encodingFormat\": \"image\/jpeg\",\n            \"uploadDate\": \"2016-11-12T19:06:34+00:00\",\n            \"width\": [\n                {\n                    \"@id\": \"#sso\/qv-width-px-1200\"\n                }\n            ],\n            \"height\": [\n                {\n                    \"@id\": \"#sso\/qv-height-px-900\"\n                }\n            ]\n        },\n        {\n            \"@id\": \"#sso\/qv-height-px-900\",\n            \"@context\": \"https:\/\/schema.org\",\n            \"@type\": \"QuantitativeValue\",\n            \"name\": \"Height\",\n            \"unitText\": \"px\",\n            \"unitCode\": \"E37\",\n            \"value\": \"900\"\n        },\n        {\n            \"@id\": \"\/wp-content\/uploads\/2016\/11\/Plum-1200x675-cropped.jpg#sso\/image-object\",\n            \"@context\": \"https:\/\/schema.org\",\n            \"@type\": \"ImageObject\",\n            \"url\": \"https:\/\/tu11.fi\/taekwondo\/wp-content\/uploads\/2016\/11\/Plum-1200x675-cropped.jpg\",\n            \"identifier\": \"6457-wpsso-schema-16x9\",\n            \"name\": \"plum  &ndash; Taekwondourheilijat 2011 | Taekwondoa parhaassa seurassa |...\",\n            \"alternateName\": \"plum  &ndash; Taekwondourheilijat 2011 | Taekwondoa parhaassa seurassa | Helsinki | Espoo | Vantaa\",\n            \"description\": \"No Description.\",\n            \"encodingFormat\": \"image\/jpeg\",\n            \"uploadDate\": \"2016-11-12T19:06:34+00:00\",\n            \"width\": [\n                {\n                    \"@id\": \"#sso\/qv-width-px-1200\"\n                }\n            ],\n            \"height\": [\n                {\n                    \"@id\": \"#sso\/qv-height-px-675\"\n                }\n            ]\n        },\n        {\n            \"@id\": \"#sso\/qv-height-px-675\",\n            \"@context\": \"https:\/\/schema.org\",\n            \"@type\": \"QuantitativeValue\",\n            \"name\": \"Height\",\n            \"unitText\": \"px\",\n            \"unitCode\": \"E37\",\n            \"value\": \"675\"\n        },\n        {\n            \"@id\": \"\/2016\/11\/jattisaalis-pokaaleja-ambassadors-cupista\/#sso\/breadcrumb.list\/etusivu\",\n            \"@context\": \"https:\/\/schema.org\",\n            \"@type\": \"BreadcrumbList\",\n            \"url\": \"https:\/\/tu11.fi\/taekwondo\/2016\/11\/jattisaalis-pokaaleja-ambassadors-cupista\/\",\n            \"itemListElement\": [\n                {\n                    \"@context\": \"https:\/\/schema.org\",\n                    \"@type\": \"ListItem\",\n                    \"position\": 1,\n                    \"name\": \"Home\",\n                    \"item\": \"https:\/\/tu11.fi\/taekwondo\/\"\n                },\n                {\n                    \"@context\": \"https:\/\/schema.org\",\n                    \"@type\": \"ListItem\",\n                    \"position\": 2,\n                    \"name\": \"Etusivu Archives   Taekwondourheilijat 2011 | Taekwondoa parhaassa...\",\n                    \"item\": \"https:\/\/tu11.fi\/taekwondo\/category\/etusivu\/\"\n                },\n                {\n                    \"@context\": \"https:\/\/schema.org\",\n                    \"@type\": \"ListItem\",\n                    \"position\": 3,\n                    \"name\": \"J&auml;ttisaalis pokaaleja Ambassador&rsquo;s Cupista   Taekwondourheilijat...\",\n                    \"item\": \"https:\/\/tu11.fi\/taekwondo\/2016\/11\/jattisaalis-pokaaleja-ambassadors-cupista\/\"\n                }\n            ]\n        },\n        {\n            \"@id\": \"\/2016\/11\/jattisaalis-pokaaleja-ambassadors-cupista\/#sso\/breadcrumb.list\/slider\",\n            \"@context\": \"https:\/\/schema.org\",\n            \"@type\": \"BreadcrumbList\",\n            \"url\": \"https:\/\/tu11.fi\/taekwondo\/2016\/11\/jattisaalis-pokaaleja-ambassadors-cupista\/\",\n            \"itemListElement\": [\n                {\n                    \"@context\": \"https:\/\/schema.org\",\n                    \"@type\": \"ListItem\",\n                    \"position\": 1,\n                    \"name\": \"Home\",\n                    \"item\": \"https:\/\/tu11.fi\/taekwondo\/\"\n                },\n                {\n                    \"@context\": \"https:\/\/schema.org\",\n                    \"@type\": \"ListItem\",\n                    \"position\": 2,\n                    \"name\": \"slider Archives   Taekwondourheilijat 2011 | Taekwondoa parhaassa...\",\n                    \"item\": \"https:\/\/tu11.fi\/taekwondo\/category\/slider\/\"\n                },\n                {\n                    \"@context\": \"https:\/\/schema.org\",\n                    \"@type\": \"ListItem\",\n                    \"position\": 3,\n                    \"name\": \"J&auml;ttisaalis pokaaleja Ambassador&rsquo;s Cupista   Taekwondourheilijat...\",\n                    \"item\": \"https:\/\/tu11.fi\/taekwondo\/2016\/11\/jattisaalis-pokaaleja-ambassadors-cupista\/\"\n                }\n            ]\n        },\n        {\n            \"@id\": \"\/2016\/11\/jattisaalis-pokaaleja-ambassadors-cupista\/#sso\/breadcrumb.list\/uutiskirje\",\n            \"@context\": \"https:\/\/schema.org\",\n            \"@type\": \"BreadcrumbList\",\n            \"url\": \"https:\/\/tu11.fi\/taekwondo\/2016\/11\/jattisaalis-pokaaleja-ambassadors-cupista\/\",\n            \"itemListElement\": [\n                {\n                    \"@context\": \"https:\/\/schema.org\",\n                    \"@type\": \"ListItem\",\n                    \"position\": 1,\n                    \"name\": \"Home\",\n                    \"item\": \"https:\/\/tu11.fi\/taekwondo\/\"\n                },\n                {\n                    \"@context\": \"https:\/\/schema.org\",\n                    \"@type\": \"ListItem\",\n                    \"position\": 2,\n                    \"name\": \"Uutiskirje Archives   Taekwondourheilijat 2011 | Taekwondoa...\",\n                    \"item\": \"https:\/\/tu11.fi\/taekwondo\/category\/uutiskirje\/\"\n                },\n                {\n                    \"@context\": \"https:\/\/schema.org\",\n                    \"@type\": \"ListItem\",\n                    \"position\": 3,\n                    \"name\": \"J&auml;ttisaalis pokaaleja Ambassador&rsquo;s Cupista   Taekwondourheilijat...\",\n                    \"item\": \"https:\/\/tu11.fi\/taekwondo\/2016\/11\/jattisaalis-pokaaleja-ambassadors-cupista\/\"\n                }\n            ]\n        },\n        {\n            \"@id\": \"\/2016\/11\/jattisaalis-pokaaleja-ambassadors-cupista\/#sso\/breadcrumb.list\/yleinen\",\n            \"@context\": \"https:\/\/schema.org\",\n            \"@type\": \"BreadcrumbList\",\n            \"url\": \"https:\/\/tu11.fi\/taekwondo\/2016\/11\/jattisaalis-pokaaleja-ambassadors-cupista\/\",\n            \"itemListElement\": [\n                {\n                    \"@context\": \"https:\/\/schema.org\",\n                    \"@type\": \"ListItem\",\n                    \"position\": 1,\n                    \"name\": \"Home\",\n                    \"item\": \"https:\/\/tu11.fi\/taekwondo\/\"\n                },\n                {\n                    \"@context\": \"https:\/\/schema.org\",\n                    \"@type\": \"ListItem\",\n                    \"position\": 2,\n                    \"name\": \"Yleinen Archives   Taekwondourheilijat 2011 | Taekwondoa parhaassa...\",\n                    \"item\": \"https:\/\/tu11.fi\/taekwondo\/category\/yleinen\/\"\n                },\n                {\n                    \"@context\": \"https:\/\/schema.org\",\n                    \"@type\": \"ListItem\",\n                    \"position\": 3,\n                    \"name\": \"J&auml;ttisaalis pokaaleja Ambassador&rsquo;s Cupista   Taekwondourheilijat...\",\n                    \"item\": \"https:\/\/tu11.fi\/taekwondo\/2016\/11\/jattisaalis-pokaaleja-ambassadors-cupista\/\"\n                }\n            ]\n        }\n    ]\n}<\/script>\n","<meta name=\"wpsso-end\" content=\"wpsso structured data end\"\/>\n","<meta name=\"wpsso-cached\" content=\"no cache for tu11.fi\/taekwondo\"\/>\n"],"json":[{"@context":"https:\/\/schema.org","@graph":[{"@id":"#sso\/knowledge-graph\/sports-team\/6452","@context":"https:\/\/schema.org","@type":"SportsTeam","mainEntityOfPage":"https:\/\/tu11.fi\/taekwondo\/2016\/11\/jattisaalis-pokaaleja-ambassadors-cupista\/","url":"https:\/\/tu11.fi\/taekwondo\/2016\/11\/jattisaalis-pokaaleja-ambassadors-cupista\/","sameAs":["https:\/\/tu11.fi\/taekwondo\/?p=6452"],"name":"J&auml;ttisaalis pokaaleja Ambassador&rsquo;s Cupista  &ndash; Taekwondourheilijat...","alternateName":"J&auml;ttisaalis pokaaleja Ambassador&rsquo;s Cupista  &ndash; Taekwondourheilijat 2011 | Taekwondoa parhaassa seurassa |...","description":"TU11 tarjoaa innostavan ymp&auml;rist&ouml;n harjoitella taekwondoa kaikenik&auml;isille ja -tasoisille, aloittelijoista huippu-urheilijoihin. Valmennus on systemaattista ja valmentajat maamme parhaimmistoa. Aloita taekwondo nyt!","image":[{"@id":"\/wp-content\/uploads\/2023\/04\/petteri_tu11-kopio-5-1200x1200-cropped.jpg#sso\/image-object"},{"@id":"\/wp-content\/uploads\/2016\/11\/Plum-1200x900-cropped.jpg#sso\/image-object"},{"@id":"\/wp-content\/uploads\/2016\/11\/Plum-1200x675-cropped.jpg#sso\/image-object"}]},{"@id":"\/wp-content\/uploads\/2023\/04\/petteri_tu11-kopio-5-1200x1200-cropped.jpg#sso\/image-object","@context":"https:\/\/schema.org","@type":"ImageObject","url":"https:\/\/tu11.fi\/taekwondo\/wp-content\/uploads\/2023\/04\/petteri_tu11-kopio-5-1200x1200-cropped.jpg","identifier":"14771-wpsso-schema-1x1","name":"petteri_tu11-kopio-5  &ndash; Taekwondourheilijat 2011 | Taekwondoa...","alternateName":"petteri_tu11-kopio-5  &ndash; Taekwondourheilijat 2011 | Taekwondoa parhaassa seurassa | Helsinki | Espoo | Vantaa","description":"No Description.","encodingFormat":"image\/jpeg","uploadDate":"2023-09-22T07:10:24+00:00","width":[{"@id":"#sso\/qv-width-px-1200"}],"height":[{"@id":"#sso\/qv-height-px-1200"}]},{"@id":"#sso\/qv-width-px-1200","@context":"https:\/\/schema.org","@type":"QuantitativeValue","name":"Width","unitText":"px","unitCode":"E37","value":"1200"},{"@id":"#sso\/qv-height-px-1200","@context":"https:\/\/schema.org","@type":"QuantitativeValue","name":"Height","unitText":"px","unitCode":"E37","value":"1200"},{"@id":"\/wp-content\/uploads\/2016\/11\/Plum-1200x900-cropped.jpg#sso\/image-object","@context":"https:\/\/schema.org","@type":"ImageObject","url":"https:\/\/tu11.fi\/taekwondo\/wp-content\/uploads\/2016\/11\/Plum-1200x900-cropped.jpg","identifier":"6457-wpsso-schema-4x3","name":"plum  &ndash; Taekwondourheilijat 2011 | Taekwondoa parhaassa seurassa |...","alternateName":"plum  &ndash; Taekwondourheilijat 2011 | Taekwondoa parhaassa seurassa | Helsinki | Espoo | Vantaa","description":"No Description.","encodingFormat":"image\/jpeg","uploadDate":"2016-11-12T19:06:34+00:00","width":[{"@id":"#sso\/qv-width-px-1200"}],"height":[{"@id":"#sso\/qv-height-px-900"}]},{"@id":"#sso\/qv-height-px-900","@context":"https:\/\/schema.org","@type":"QuantitativeValue","name":"Height","unitText":"px","unitCode":"E37","value":"900"},{"@id":"\/wp-content\/uploads\/2016\/11\/Plum-1200x675-cropped.jpg#sso\/image-object","@context":"https:\/\/schema.org","@type":"ImageObject","url":"https:\/\/tu11.fi\/taekwondo\/wp-content\/uploads\/2016\/11\/Plum-1200x675-cropped.jpg","identifier":"6457-wpsso-schema-16x9","name":"plum  &ndash; Taekwondourheilijat 2011 | Taekwondoa parhaassa seurassa |...","alternateName":"plum  &ndash; Taekwondourheilijat 2011 | Taekwondoa parhaassa seurassa | Helsinki | Espoo | Vantaa","description":"No Description.","encodingFormat":"image\/jpeg","uploadDate":"2016-11-12T19:06:34+00:00","width":[{"@id":"#sso\/qv-width-px-1200"}],"height":[{"@id":"#sso\/qv-height-px-675"}]},{"@id":"#sso\/qv-height-px-675","@context":"https:\/\/schema.org","@type":"QuantitativeValue","name":"Height","unitText":"px","unitCode":"E37","value":"675"},{"@id":"\/2016\/11\/jattisaalis-pokaaleja-ambassadors-cupista\/#sso\/breadcrumb.list\/etusivu","@context":"https:\/\/schema.org","@type":"BreadcrumbList","url":"https:\/\/tu11.fi\/taekwondo\/2016\/11\/jattisaalis-pokaaleja-ambassadors-cupista\/","itemListElement":[{"@context":"https:\/\/schema.org","@type":"ListItem","position":1,"name":"Home","item":"https:\/\/tu11.fi\/taekwondo\/"},{"@context":"https:\/\/schema.org","@type":"ListItem","position":2,"name":"Etusivu Archives   Taekwondourheilijat 2011 | Taekwondoa parhaassa...","item":"https:\/\/tu11.fi\/taekwondo\/category\/etusivu\/"},{"@context":"https:\/\/schema.org","@type":"ListItem","position":3,"name":"J&auml;ttisaalis pokaaleja Ambassador&rsquo;s Cupista   Taekwondourheilijat...","item":"https:\/\/tu11.fi\/taekwondo\/2016\/11\/jattisaalis-pokaaleja-ambassadors-cupista\/"}]},{"@id":"\/2016\/11\/jattisaalis-pokaaleja-ambassadors-cupista\/#sso\/breadcrumb.list\/slider","@context":"https:\/\/schema.org","@type":"BreadcrumbList","url":"https:\/\/tu11.fi\/taekwondo\/2016\/11\/jattisaalis-pokaaleja-ambassadors-cupista\/","itemListElement":[{"@context":"https:\/\/schema.org","@type":"ListItem","position":1,"name":"Home","item":"https:\/\/tu11.fi\/taekwondo\/"},{"@context":"https:\/\/schema.org","@type":"ListItem","position":2,"name":"slider Archives   Taekwondourheilijat 2011 | Taekwondoa parhaassa...","item":"https:\/\/tu11.fi\/taekwondo\/category\/slider\/"},{"@context":"https:\/\/schema.org","@type":"ListItem","position":3,"name":"J&auml;ttisaalis pokaaleja Ambassador&rsquo;s Cupista   Taekwondourheilijat...","item":"https:\/\/tu11.fi\/taekwondo\/2016\/11\/jattisaalis-pokaaleja-ambassadors-cupista\/"}]},{"@id":"\/2016\/11\/jattisaalis-pokaaleja-ambassadors-cupista\/#sso\/breadcrumb.list\/uutiskirje","@context":"https:\/\/schema.org","@type":"BreadcrumbList","url":"https:\/\/tu11.fi\/taekwondo\/2016\/11\/jattisaalis-pokaaleja-ambassadors-cupista\/","itemListElement":[{"@context":"https:\/\/schema.org","@type":"ListItem","position":1,"name":"Home","item":"https:\/\/tu11.fi\/taekwondo\/"},{"@context":"https:\/\/schema.org","@type":"ListItem","position":2,"name":"Uutiskirje Archives   Taekwondourheilijat 2011 | Taekwondoa...","item":"https:\/\/tu11.fi\/taekwondo\/category\/uutiskirje\/"},{"@context":"https:\/\/schema.org","@type":"ListItem","position":3,"name":"J&auml;ttisaalis pokaaleja Ambassador&rsquo;s Cupista   Taekwondourheilijat...","item":"https:\/\/tu11.fi\/taekwondo\/2016\/11\/jattisaalis-pokaaleja-ambassadors-cupista\/"}]},{"@id":"\/2016\/11\/jattisaalis-pokaaleja-ambassadors-cupista\/#sso\/breadcrumb.list\/yleinen","@context":"https:\/\/schema.org","@type":"BreadcrumbList","url":"https:\/\/tu11.fi\/taekwondo\/2016\/11\/jattisaalis-pokaaleja-ambassadors-cupista\/","itemListElement":[{"@context":"https:\/\/schema.org","@type":"ListItem","position":1,"name":"Home","item":"https:\/\/tu11.fi\/taekwondo\/"},{"@context":"https:\/\/schema.org","@type":"ListItem","position":2,"name":"Yleinen Archives   Taekwondourheilijat 2011 | Taekwondoa parhaassa...","item":"https:\/\/tu11.fi\/taekwondo\/category\/yleinen\/"},{"@context":"https:\/\/schema.org","@type":"ListItem","position":3,"name":"J&auml;ttisaalis pokaaleja Ambassador&rsquo;s Cupista   Taekwondourheilijat...","item":"https:\/\/tu11.fi\/taekwondo\/2016\/11\/jattisaalis-pokaaleja-ambassadors-cupista\/"}]}]}],"parts":[["meta","name","generator","content","WPSSO Core 21.12.0\/L*","generator:1"],["meta","name","generator","content","WPSSO RAR 3.3.0\/S","generator:2"],["meta","name","generator","content","WPSSO REST 3.3.0\/S","generator:3"],["meta","name","generator","content","WPSSO BC 5.5.0\/S","generator:4"],["meta","name","generator","content","WPSSO FAQ 7.1.0\/S","generator:5"],["meta","name","generator","content","WPSSO OPM 5.1.0\/S","generator:6"],["meta","name","generator","content","WPSSO SSM 3.4.0\/S","generator:7"],["meta","name","generator","content","WPSSO TIE 4.1.0\/S","generator:8"],["meta","name","generator","content","WPSSO UM 7.3.0\/S","generator:9"],["meta","name","generator","content","WPSSO UL 4.3.0\/S","generator:10"],["link","rel","shortlink","href","https:\/\/tu11.fi\/taekwondo\/?p=6452",""],["meta","property","fb:app_id","content","966242223397117",""],["meta","property","og:time","content","2026-04-27T03:05:28+00:00",""],["meta","property","og:type","content","article",""],["meta","property","og:url","content","https:\/\/tu11.fi\/taekwondo\/2016\/11\/jattisaalis-pokaaleja-ambassadors-cupista\/",""],["meta","property","og:locale","content","fi_FI",""],["meta","property","og:site_name","content","Taekwondourheilijat 2011 | Taekwondoa parhaassa seurassa | Helsinki | Espoo | Vantaa",""],["meta","property","og:title","content","J&auml;ttisaalis pokaaleja Ambassador&rsquo;s Cupista  &ndash; Taekwondourheilijat...",""],["meta","property","og:description","content","TU11 tarjoaa innostavan ymp&auml;rist&ouml;n harjoitella taekwondoa kaikenik&auml;isille ja -tasoisille, aloittelijoista huippu-urheilijoihin. Valmennus on systemaattista ja valmentajat maamme parhaimmistoa. Aloita taekwondo nyt!",""],["meta","property","og:updated_time","content","2016-11-13T20:56:27+00:00",""],["meta","property","og:image:secure_url","content","https:\/\/tu11.fi\/taekwondo\/wp-content\/uploads\/2016\/11\/Chris-ja-Essi-1200x630-cropped.jpg","og:image:1"],["meta","property","og:image:url","content","https:\/\/tu11.fi\/taekwondo\/wp-content\/uploads\/2016\/11\/Chris-ja-Essi-1200x630-cropped.jpg","og:image:1"],["meta","property","og:image","content","https:\/\/tu11.fi\/taekwondo\/wp-content\/uploads\/2016\/11\/Chris-ja-Essi-1200x630-cropped.jpg","og:image:1"],["meta","property","og:image:width","content","1200","og:image:1"],["meta","property","og:image:height","content","630","og:image:1"],["meta","property","og:image:cropped","content","true","og:image:1"],["meta","property","og:image:id","content","6460","og:image:1"],["meta","property","og:image:size_name","content","wpsso-opengraph","og:image:1"],["meta","name","schema:language","content","fi",""],["meta","name","schema:type:id","content","sports.team",""],["meta","name","schema:type:url","content","https:\/\/schema.org\/SportsTeam",""],["meta","name","schema:type:context","content","https:\/\/schema.org",""],["meta","name","schema:type:name","content","SportsTeam",""],["meta","name","schema:type:path","content","schema.org\/SportsTeam",""],["meta","property","article:section","content","Sport",""],["meta","property","article:author:name","content","Pauli Raivio",""],["meta","property","article:publisher","content","https:\/\/www.facebook.com\/TU11",""],["meta","property","article:tag","content","harrastus","article:tag:1"],["meta","property","article:tag","content","helsinki","article:tag:2"],["meta","property","article:tag","content","juniori","article:tag:3"],["meta","property","article:tag","content","juniorit","article:tag:4"],["meta","property","article:tag","content","kamppailu","article:tag:5"],["meta","property","article:tag","content","kilpailu","article:tag:6"],["meta","property","article:tag","content","kilpailut","article:tag:7"],["meta","property","article:tag","content","kisa","article:tag:8"],["meta","property","article:tag","content","kjorogii","article:tag:9"],["meta","property","article:tag","content","kukkiwon","article:tag:10"],["meta","property","article:tag","content","lapset","article:tag:11"],["meta","property","article:tag","content","ottelu","article:tag:12"],["meta","property","article:tag","content","taekwond","article:tag:13"],["meta","property","article:tag","content","taekwondo","article:tag:14"],["meta","property","article:tag","content","taekwondourheilijat 2011","article:tag:15"],["meta","property","article:tag","content","Teemu","article:tag:16"],["meta","property","article:tag","content","tu11","article:tag:17"],["meta","property","article:tag","content","vantaa","article:tag:18"],["meta","property","article:tag","content","wtf","article:tag:19"],["meta","property","article:published_time","content","2016-11-12T19:13:50+00:00",""],["meta","property","article:modified_time","content","2016-11-13T20:56:27+00:00",""],["meta","property","article:reading_mins","content","3",""],["meta","name","twitter:domain","content","tu11.fi",""],["meta","name","twitter:site","content","@taekwondourh",""],["meta","name","twitter:title","content","J&auml;ttisaalis pokaaleja Ambassador&rsquo;s Cupista  &ndash; Taekwondourheilijat...",""],["meta","name","twitter:description","content","TU11 tarjoaa innostavan ymp&auml;rist&ouml;n harjoitella taekwondoa kaikenik&auml;isille ja -tasoisille, aloittelijoista huippu-urheilijoihin. Valmennus on systemaattista ja valmentajat maamme parhaimmistoa...",""],["meta","name","twitter:card","content","summary_large_image",""],["meta","name","twitter:image","content","https:\/\/tu11.fi\/taekwondo\/wp-content\/uploads\/2016\/11\/Plum-1200x630-cropped.jpg?p=6452",""],["meta","name","twitter:label1","content","Written by",""],["meta","name","twitter:data1","content","Pauli Raivio",""],["meta","name","twitter:label2","content","Est. reading time",""],["meta","name","twitter:data2","content","3 minutes",""],["meta","name","author","content","Pauli Raivio",""],["meta","name","thumbnail","content","https:\/\/tu11.fi\/taekwondo\/wp-content\/uploads\/2016\/11\/Chris-ja-Essi-1200x630-cropped.jpg",""]]},"_links":{"self":[{"href":"https:\/\/tu11.fi\/taekwondo\/wp-json\/wp\/v2\/posts\/6452","targetHints":{"allow":["GET"]}}],"collection":[{"href":"https:\/\/tu11.fi\/taekwondo\/wp-json\/wp\/v2\/posts"}],"about":[{"href":"https:\/\/tu11.fi\/taekwondo\/wp-json\/wp\/v2\/types\/post"}],"author":[{"embeddable":true,"href":"https:\/\/tu11.fi\/taekwondo\/wp-json\/wp\/v2\/users\/7"}],"replies":[{"embeddable":true,"href":"https:\/\/tu11.fi\/taekwondo\/wp-json\/wp\/v2\/comments?post=6452"}],"version-history":[{"count":0,"href":"https:\/\/tu11.fi\/taekwondo\/wp-json\/wp\/v2\/posts\/6452\/revisions"}],"wp:featuredmedia":[{"embeddable":true,"href":"https:\/\/tu11.fi\/taekwondo\/wp-json\/wp\/v2\/media\/6460"}],"wp:attachment":[{"href":"https:\/\/tu11.fi\/taekwondo\/wp-json\/wp\/v2\/media?parent=6452"}],"wp:term":[{"taxonomy":"category","embeddable":true,"href":"https:\/\/tu11.fi\/taekwondo\/wp-json\/wp\/v2\/categories?post=6452"},{"taxonomy":"post_tag","embeddable":true,"href":"https:\/\/tu11.fi\/taekwondo\/wp-json\/wp\/v2\/tags?post=6452"}],"curies":[{"name":"wp","href":"https:\/\/api.w.org\/{rel}","templated":true}]}}