{"id":7316,"date":"2017-11-25T20:06:21","date_gmt":"2017-11-25T20:06:21","guid":{"rendered":"http:\/\/tu11.fi.srv.hoste.fi\/taekwondo\/?p=7316"},"modified":"2017-12-14T11:30:48","modified_gmt":"2017-12-14T11:30:48","slug":"kilpailukausi-paattyi-komeasti-liigafinaaleissa","status":"publish","type":"post","link":"https:\/\/tu11.fi\/taekwondo\/2017\/11\/kilpailukausi-paattyi-komeasti-liigafinaaleissa\/","title":{"rendered":"Kilpailukausi p\u00e4\u00e4ttyi komeasti liigafinaaleissa"},"content":{"rendered":"<p>Liigafinaalit p\u00e4\u00e4ttiv\u00e4t kilpailukauden molempien kilpailumuotojen osalta tutulla Maaniitun koululla Nurmij\u00e4rvell\u00e4. Iso hatunnosto koko Taekwondourheilijoiden joukkueelle joka on kiert\u00e4nyt vuoden kaikki kisat niitt\u00e4en menestyst\u00e4. Toki my\u00f6s valmennustiimi sek\u00e4\u00a0ikiluotettavat huoltojoukot ansaitsevat kiitoksensa.<\/p>\n<p>T\u00e4ss\u00e4 kisaraporttia p\u00e4iv\u00e4n hienoista hetkist\u00e4, sek\u00e4 tuloslistaus lopussa. Seuramme menestyksest\u00e4 kilpaliigoissa kokonaisuutena voit lukea my\u00f6hemmin omasta uutisestaan.<\/p>\n<p>Jos haluat palata kilpailun parhaisiin hetkiin, kaikki livestreamit l\u00f6ytyv\u00e4t allesta t\u00e4\u00e4lt\u00e4:\u00a0<a href=\"https:\/\/www.taekwondonurmijarvi.fi\/kalenteri\/liigafinaalit-2017\/livestream\/\">https:\/\/www.taekwondonurmijarvi.fi\/kalenteri\/liigafinaalit-2017\/livestream\/<\/a><\/p>\n<h1>Tunnelma katossa p\u00e4iv\u00e4n loppuun saakka ottelun puolella<\/h1>\n<p>P\u00e4iv\u00e4n ottelut olivat nopeatempoisia, viihdytt\u00e4vi\u00e4 ja v\u00e4list\u00e4 kutkuttavan j\u00e4nnitt\u00e4vi\u00e4 viime sekunneille asti. Yksi n\u00e4ist\u00e4 sykett\u00e4 katsomossa asti nostattavista matseista oli aamup\u00e4iv\u00e4ll\u00e4 Lassin finaali, jossa pisteit\u00e4 mets\u00e4stettiin aina jatkoer\u00e4\u00e4n asti. Lassin kylm\u00e4hermoinen ratkaisu ja luotto omaan taktiikkaan toivat ratkaisevat pisteet kotiin ja kultaisen mitalin lassin kaulaan. Omanlaisensa n\u00e4yt\u00f6ksen antoivat my\u00f6s Aleksandr ja Markus, jotka selvittiv\u00e4t tiens\u00e4 kaavionsa molemmin puolin keskin\u00e4iseen finaaliin. Potkurallin ratkaisi t\u00e4ll\u00e4 kertaa Aleksandr edukseen. Vastaavan keskin\u00e4sen v\u00e4\u00e4nn\u00f6n ottivat my\u00f6s Kian ja Aleksi, josta voittajaksi selviytyi Kian. Aamup\u00e4iv\u00e4n huippusuorituksista maininnan ansaitsee my\u00f6s Alinan kolmella selke\u00e4ll\u00e4 voitolla ansaittu sarjavoitto. Alinan taktinen ymm\u00e4rrys ja ulottuvat potkut olivat yksinkertaisesti liikaa vastustajille.<\/p>\n<p>Iltap\u00e4iv\u00e4ll\u00e4 liigasarjoissa Taekwondourheiijat oli tuttuun tapaan kattavasti edustettuna, erityisesti kadettien puolella.\u00a0P\u00e4iv\u00e4 huipentui supervauhdikkaaseen Ainon ja Doboksportin Viivin matsiin, jonka aikana kisapaikan tunnelma ja\u00a0volyymi hipoivat kattoa. Harmillinen yhden pisteen tappio Ainolle, mutta t\u00e4m\u00e4 ymm\u00e4rrett\u00e4k\u00f6\u00f6n sill\u00e4 matsi oli jo Ainon nelj\u00e4s l\u00e4hes putkeen. Tehotyt\u00f6t Jenny, Iines, Aino ja Sofia olivatkivat varsinaisia ty\u00f6myyri\u00e4 vaihtaen vain nopeasti panssarin v\u00e4ri\u00e4 uuden ottelun alettua aina edellisen per\u00e4\u00e4n. Erityisesti Jennyn p\u00e4iv\u00e4 kokonaisuutena oli upea, ja hyv\u00e4 suoritus siivitti voittoon -37kg sarjassa. Plum ja Lauri\u00a0kohtasivat toisensa j\u00e4lleen keskin\u00e4isess\u00e4 finaalissa. Plumin tarkat napsut toivat viel\u00e4 t\u00e4ll\u00e4 kertaa voiton kotiin, mutta erinomainen p\u00e4iv\u00e4 my\u00f6s Laurilta kaikkinensa. Vennen potkut kylviv\u00e4t kauhua -33kg sarjassa, eik\u00e4 vastustajilla oikein ollut avaimia niiden kiert\u00e4miseen. Hieno sarjavoitto ja varsin selke\u00e4 sellainen. Tuikku osoitti j\u00e4lleen kyntens\u00e4 viem\u00e4ll\u00e4 kadettien -51kg sarjan totuttuun tapaan taktisesti kypsill\u00e4 ja varmoilla ratkaisuilla. Severin jaloissa n\u00e4kyi sama rento ote kuin Vantaallakin, mutta kahden selke\u00e4n voiton j\u00e4lkeen finaali meni valitettavasti Budokwain Otsolle. Kian ja Teresa testasivat ensi kertaa siipi\u00e4\u00e4n kadettimatoilla. T\u00e4ll\u00e4 kertaa makseltiin viel\u00e4 oppirahoja, mutta varmasti n\u00e4lk\u00e4\u00e4 j\u00e4i ensikautta varten yllin kyllin.<\/p>\n<p>Hieno p\u00e4iv\u00e4 kaiken kaikkiaan ottelumatoilla. Huikeita suorituksia ja itsen ylityksi\u00e4 n\u00e4htiin my\u00f6s niilt\u00e4 ottelijoilta, joita ei uutisessa mainittu. Salilla n\u00e4hd\u00e4\u00e4n ja jatketaan kehittymist\u00e4 yhdess\u00e4!<\/p>\n<p>-Pauli<\/p>\n<p><a href=\"http:\/\/tu11.fi.srv.hoste.fi\/taekwondo\/wp-content\/uploads\/2017\/11\/20171125_193058.jpg\"><img decoding=\"async\" class=\"alignnone size-medium wp-image-7317\" src=\"http:\/\/tu11.fi.srv.hoste.fi\/taekwondo\/wp-content\/uploads\/2017\/11\/20171125_193058-300x225.jpg\" alt=\"20171125_193058\" width=\"300\" height=\"225\" srcset=\"https:\/\/tu11.fi\/taekwondo\/wp-content\/uploads\/2017\/11\/20171125_193058-300x225.jpg 300w, https:\/\/tu11.fi\/taekwondo\/wp-content\/uploads\/2017\/11\/20171125_193058-1024x768.jpg 1024w, https:\/\/tu11.fi\/taekwondo\/wp-content\/uploads\/2017\/11\/20171125_193058-1200x900-cropped.jpg 1200w\" sizes=\"(max-width: 300px) 100vw, 300px\" \/><\/a> <a href=\"http:\/\/tu11.fi.srv.hoste.fi\/taekwondo\/wp-content\/uploads\/2017\/11\/Image-uploaded-from-iOS-3.jpg\"><img decoding=\"async\" class=\"alignnone size-medium wp-image-7320\" src=\"http:\/\/tu11.fi.srv.hoste.fi\/taekwondo\/wp-content\/uploads\/2017\/11\/Image-uploaded-from-iOS-3-300x225.jpg\" alt=\"Image uploaded from iOS (3)\" width=\"300\" height=\"225\" srcset=\"https:\/\/tu11.fi\/taekwondo\/wp-content\/uploads\/2017\/11\/Image-uploaded-from-iOS-3-300x225.jpg 300w, https:\/\/tu11.fi\/taekwondo\/wp-content\/uploads\/2017\/11\/Image-uploaded-from-iOS-3-1024x768.jpg 1024w, https:\/\/tu11.fi\/taekwondo\/wp-content\/uploads\/2017\/11\/Image-uploaded-from-iOS-3-1200x900-cropped.jpg 1200w\" sizes=\"(max-width: 300px) 100vw, 300px\" \/><\/a> <a href=\"http:\/\/tu11.fi.srv.hoste.fi\/taekwondo\/wp-content\/uploads\/2017\/11\/Image-uploaded-from-iOS-2.jpg\"><img decoding=\"async\" class=\"alignnone size-medium wp-image-7319\" src=\"http:\/\/tu11.fi.srv.hoste.fi\/taekwondo\/wp-content\/uploads\/2017\/11\/Image-uploaded-from-iOS-2-300x225.jpg\" alt=\"Image uploaded from iOS (2)\" width=\"300\" height=\"225\" srcset=\"https:\/\/tu11.fi\/taekwondo\/wp-content\/uploads\/2017\/11\/Image-uploaded-from-iOS-2-300x225.jpg 300w, https:\/\/tu11.fi\/taekwondo\/wp-content\/uploads\/2017\/11\/Image-uploaded-from-iOS-2-1024x768.jpg 1024w, https:\/\/tu11.fi\/taekwondo\/wp-content\/uploads\/2017\/11\/Image-uploaded-from-iOS-2-uai-258x194.jpg 258w, https:\/\/tu11.fi\/taekwondo\/wp-content\/uploads\/2017\/11\/Image-uploaded-from-iOS-2-uai-150x113.jpg 150w, https:\/\/tu11.fi\/taekwondo\/wp-content\/uploads\/2017\/11\/Image-uploaded-from-iOS-2-uai-828x621.jpg 828w, https:\/\/tu11.fi\/taekwondo\/wp-content\/uploads\/2017\/11\/Image-uploaded-from-iOS-2-uai-375x281.jpg 375w, https:\/\/tu11.fi\/taekwondo\/wp-content\/uploads\/2017\/11\/Image-uploaded-from-iOS-2-1200x900-cropped.jpg 1200w\" sizes=\"(max-width: 300px) 100vw, 300px\" \/><\/a><\/p>\n<h1>Liikesarjoissa\u00a0voimakkaita ja varmoja suorituksia<\/h1>\n<p>Liikesarjapuolella Taekwondourheilijjoita olivat edustamassa Sofia, Victori, Bella, Alex, Tiitu, Plum, Aino ja Sara. Valmenjan roolista oli tosi ilo seurata kaikkien kisailijoiden suorituksia, kun kaikki kisaajat onnistuivat tekem\u00e4\u00e4n t\u00e4n\u00e4\u00e4n eritt\u00e4in hyvi\u00e4 suorituksia. Suoritusten taso n\u00e4kyi my\u00f6s mitalien ja pystien m\u00e4\u00e4r\u00e4n\u00e4. Toinen valmentajan mielt\u00e4 l\u00e4mmitt\u00e4nyt asia oli n\u00e4hd\u00e4 kaikkien kisaajien tasonnosto syksyn aikana. Tasonnosto n\u00e4kyi varmempina suorituksina kaikilla kisaajilla vaikka kisaj\u00e4nnitys toisia v\u00e4h\u00e4n enemm\u00e4n kutittelikin vatsanpohjasta. Tekeminen oli selke\u00e4mp\u00e4\u00e4, rauhallisempaa ja voimaa oli loihdittu lis\u00e4\u00e4 sek\u00e4 potkuihin ett\u00e4 k\u00e4sitekniikoihin.<\/p>\n<p>T\u00e4st\u00e4 on oikein hyv\u00e4 jatkaa harjoituksia kohti kev\u00e4\u00e4n kisoja ja valmentajana voi olla todella ylpe\u00e4, kun meid\u00e4n seurassa on n\u00e4in hyvi\u00e4 kisaajia.<\/p>\n<p>-Petteri<\/p>\n<p><a href=\"http:\/\/tu11.fi.srv.hoste.fi\/taekwondo\/wp-content\/uploads\/2017\/11\/IMG-20171125-WA0002.jpg\"><img decoding=\"async\" class=\"alignnone size-medium wp-image-7323\" src=\"http:\/\/tu11.fi.srv.hoste.fi\/taekwondo\/wp-content\/uploads\/2017\/11\/IMG-20171125-WA0002-225x300.jpg\" alt=\"IMG-20171125-WA0002\" width=\"225\" height=\"300\" srcset=\"https:\/\/tu11.fi\/taekwondo\/wp-content\/uploads\/2017\/11\/IMG-20171125-WA0002-225x300.jpg 225w, https:\/\/tu11.fi\/taekwondo\/wp-content\/uploads\/2017\/11\/IMG-20171125-WA0002-768x1024.jpg 768w, https:\/\/tu11.fi\/taekwondo\/wp-content\/uploads\/2017\/11\/IMG-20171125-WA0002.jpg 1200w\" sizes=\"(max-width: 225px) 100vw, 225px\" \/><\/a><\/p>\n<p><a href=\"http:\/\/tu11.fi.srv.hoste.fi\/taekwondo\/wp-content\/uploads\/2017\/11\/IMG_20171125_142439.jpg\"><img decoding=\"async\" class=\"size-medium wp-image-7322\" src=\"http:\/\/tu11.fi.srv.hoste.fi\/taekwondo\/wp-content\/uploads\/2017\/11\/IMG_20171125_142439-300x168.jpg\" alt=\"dav\" width=\"300\" height=\"168\" srcset=\"https:\/\/tu11.fi\/taekwondo\/wp-content\/uploads\/2017\/11\/IMG_20171125_142439-300x168.jpg 300w, https:\/\/tu11.fi\/taekwondo\/wp-content\/uploads\/2017\/11\/IMG_20171125_142439-1024x575.jpg 1024w, https:\/\/tu11.fi\/taekwondo\/wp-content\/uploads\/2017\/11\/IMG_20171125_142439-1200x675-cropped.jpg 1200w\" sizes=\"(max-width: 300px) 100vw, 300px\" \/><\/a><\/p>\n<h1>Kaikki tulokset<\/h1>\n<h3>Ottelu, lapset ja harrastajat<\/h3>\n<table>\n<tbody>\n<tr>\n<td width=\"141\"><strong>Kilpailija<\/strong><\/td>\n<td width=\"105\"><strong>Sarja<\/strong><\/td>\n<td width=\"106\"><strong>Sijoitus<\/strong><\/td>\n<\/tr>\n<tr>\n<td width=\"141\">Nooa Buuri<\/td>\n<td width=\"105\">E1 -30kg<\/td>\n<td width=\"106\">3.<\/td>\n<\/tr>\n<tr>\n<td width=\"141\">Alisa V\u00e4is\u00e4nen<\/td>\n<td width=\"105\">E1 -30kg<\/td>\n<td width=\"106\">3.<\/td>\n<\/tr>\n<tr>\n<td width=\"141\">Aleksandr Gorbatchev<\/td>\n<td width=\"105\">D2 -30kg<\/td>\n<td width=\"106\">1.<\/td>\n<\/tr>\n<tr>\n<td width=\"141\">Markus Liuko<\/td>\n<td width=\"105\">D2 -30kg<\/td>\n<td width=\"106\">2.<\/td>\n<\/tr>\n<tr>\n<td width=\"141\">Priya Negi<\/td>\n<td width=\"105\">D2 -40kg<\/td>\n<td width=\"106\">3.<\/td>\n<\/tr>\n<tr>\n<td width=\"141\">Lassi Holopainen<\/td>\n<td width=\"105\">D1 -30kg<\/td>\n<td width=\"106\">1.<\/td>\n<\/tr>\n<tr>\n<td width=\"141\">Aleksi Koskelainen<\/td>\n<td width=\"105\">C2 -50kg<\/td>\n<td width=\"106\">2.<\/td>\n<\/tr>\n<tr>\n<td width=\"141\">Kian Nowrouzi<\/td>\n<td width=\"105\">C2 -50kg<\/td>\n<td width=\"106\">1.<\/td>\n<\/tr>\n<tr>\n<td width=\"141\">Atte Kortelainen<\/td>\n<td width=\"105\">C2 -56kg<\/td>\n<td width=\"106\">2.<\/td>\n<\/tr>\n<tr>\n<td width=\"141\">Essi Kortelainen<\/td>\n<td width=\"105\">C2 -58kg<\/td>\n<td width=\"106\">3.<\/td>\n<\/tr>\n<tr>\n<td width=\"141\">Teresa Veps\u00e4<\/td>\n<td width=\"105\">C2 -58kg<\/td>\n<td width=\"106\">3.<\/td>\n<\/tr>\n<tr>\n<td width=\"141\">Alina Shor<\/td>\n<td width=\"105\">B2 -63kg<\/td>\n<td width=\"106\">1.<\/td>\n<\/tr>\n<tr>\n<td width=\"141\">Risto Hyv\u00e4rinen<\/td>\n<td width=\"105\">H1 +80kg<\/td>\n<td width=\"106\">3.<\/td>\n<\/tr>\n<\/tbody>\n<\/table>\n<h3>Ottelu, liigasarjat<\/h3>\n<table>\n<tbody>\n<tr>\n<td width=\"141\"><strong>Kilpailija\/valmentaja<\/strong><\/td>\n<td width=\"105\"><strong>Sarja<\/strong><\/td>\n<td width=\"106\"><strong>Sijoitus<\/strong><\/td>\n<\/tr>\n<tr>\n<td width=\"141\">Venne Viitaniemi<\/td>\n<td width=\"105\">C1 -33kg<\/td>\n<td width=\"106\">1.<\/td>\n<\/tr>\n<tr>\n<td width=\"141\">Luca Leskinen<\/td>\n<td width=\"105\">C1 -37kg<\/td>\n<td width=\"106\">5.-8.<\/td>\n<\/tr>\n<tr>\n<td width=\"141\">Venne Viitaniemi<\/td>\n<td width=\"105\">C1 -37kg<\/td>\n<td width=\"106\">5.-8.<\/td>\n<\/tr>\n<tr>\n<td width=\"141\">Kian Nowrouzi<\/td>\n<td width=\"105\">C1 -45kg<\/td>\n<td width=\"106\">5.-8.<\/td>\n<\/tr>\n<tr>\n<td width=\"141\">Plum Kopisto<\/td>\n<td width=\"105\">C1 -49kg<\/td>\n<td width=\"106\">1.<\/td>\n<\/tr>\n<tr>\n<td width=\"141\">Lauri Hulikkala<\/td>\n<td width=\"105\">C1 -49kg<\/td>\n<td width=\"106\">2.<\/td>\n<\/tr>\n<tr>\n<td width=\"141\">Lauri Hulikkala<\/td>\n<td width=\"105\">C1 -53kg<\/td>\n<td width=\"106\">3.<\/td>\n<\/tr>\n<tr>\n<td width=\"141\">Iines Korhonen<\/td>\n<td width=\"105\">C1 -33kg<\/td>\n<td width=\"106\">3.<\/td>\n<\/tr>\n<tr>\n<td width=\"141\">Aino Kortelainen<\/td>\n<td width=\"105\">C1 -33kg<\/td>\n<td width=\"106\">2.<\/td>\n<\/tr>\n<tr>\n<td width=\"141\">Jenny Vettenniemi<\/td>\n<td width=\"105\">C1 -33kg<\/td>\n<td width=\"106\">3.<\/td>\n<\/tr>\n<tr>\n<td width=\"141\">Sofia Sarala<\/td>\n<td width=\"105\">C1 -33kg<\/td>\n<td width=\"106\">5.-8.<\/td>\n<\/tr>\n<tr>\n<td width=\"141\">Iines Korhonen<\/td>\n<td width=\"105\">C1 -37kg<\/td>\n<td width=\"106\">3.<\/td>\n<\/tr>\n<tr>\n<td width=\"141\">Aino Kortelainen<\/td>\n<td width=\"105\">C1 -37kg<\/td>\n<td width=\"106\">3.<\/td>\n<\/tr>\n<tr>\n<td width=\"141\">Jenny Vettenniemi<\/td>\n<td width=\"105\">C1 -37kg<\/td>\n<td width=\"106\">1.<\/td>\n<\/tr>\n<tr>\n<td width=\"141\">Janika Tatti<\/td>\n<td width=\"105\">C1 -41kg<\/td>\n<td width=\"106\">5.-8.<\/td>\n<\/tr>\n<tr>\n<td width=\"141\">Sara Quinones<\/td>\n<td width=\"105\">C1 -51kg<\/td>\n<td width=\"106\">5.-8.<\/td>\n<\/tr>\n<tr>\n<td width=\"141\">Tuikku Holopainen<\/td>\n<td width=\"105\">C1 -51kg<\/td>\n<td width=\"106\">1.<\/td>\n<\/tr>\n<tr>\n<td width=\"141\">Teresa Veps\u00e4<\/td>\n<td width=\"105\">C1 -55kg<\/td>\n<td width=\"106\">3.<\/td>\n<\/tr>\n<tr>\n<td width=\"141\">Plum Kopisto<\/td>\n<td width=\"105\">B1 -51kg<\/td>\n<td width=\"106\">3.<\/td>\n<\/tr>\n<tr>\n<td width=\"141\">Severi Sarala<\/td>\n<td width=\"105\">B1 -68kg<\/td>\n<td width=\"106\">2.<\/td>\n<\/tr>\n<tr>\n<td width=\"141\">Tuikku Holopainen<\/td>\n<td width=\"105\">B1 -49kg<\/td>\n<td width=\"106\">3.<\/td>\n<\/tr>\n<tr>\n<td width=\"141\">Emilia Lahti<\/td>\n<td width=\"105\">B1 -55kg<\/td>\n<td width=\"106\">3.<\/td>\n<\/tr>\n<tr>\n<td width=\"141\">Sami Leskinen<\/td>\n<td width=\"105\">R1 -63kg<\/td>\n<td width=\"106\">2.<\/td>\n<\/tr>\n<tr>\n<td width=\"141\"><\/td>\n<td width=\"105\"><\/td>\n<td width=\"106\"><\/td>\n<\/tr>\n<\/tbody>\n<\/table>\n<h3>Liikesarjat<\/h3>\n<table>\n<tbody>\n<tr>\n<td width=\"141\"><strong>Kilpailija<\/strong><\/td>\n<td width=\"105\"><strong>Sarja<\/strong><\/td>\n<td width=\"106\"><strong>Sijoitus<\/strong><\/td>\n<\/tr>\n<tr>\n<td width=\"141\">Plum Kopisto<\/td>\n<td width=\"105\">Kadetit<\/td>\n<td width=\"106\">2.<\/td>\n<\/tr>\n<tr>\n<td width=\"141\">Aino Kortelainen<\/td>\n<td width=\"105\">Kadetit<\/td>\n<td width=\"106\">2.<\/td>\n<\/tr>\n<tr>\n<td width=\"141\">Sara Quinones<\/td>\n<td width=\"105\">Kadetit<\/td>\n<td width=\"106\">\u00a04.<\/td>\n<\/tr>\n<tr>\n<td width=\"141\">Plum Kopisto &amp; Mia Knutsson (EHT)<\/td>\n<td width=\"105\">U17 parit<\/td>\n<td width=\"106\">2.<\/td>\n<\/tr>\n<tr>\n<td width=\"141\">Sara, Helmi (Pori) Ja Mia (EHT)<\/td>\n<td width=\"105\">U17 ryhm\u00e4t<\/td>\n<td width=\"106\">2.<\/td>\n<\/tr>\n<tr>\n<td width=\"141\">Christian Kamphuis<\/td>\n<td width=\"105\">U30<\/td>\n<td width=\"106\"><\/td>\n<\/tr>\n<tr>\n<td width=\"141\">Christian, Olli (Budokwai), Frans (Budokwai)<\/td>\n<td width=\"105\">U30-ryhm\u00e4t<\/td>\n<td width=\"106\">1.<\/td>\n<\/tr>\n<tr>\n<td width=\"141\">Tiitu Sipil\u00e4<\/td>\n<td width=\"105\">Harrastaja vihre\u00e4<\/td>\n<td width=\"106\">1.<\/td>\n<\/tr>\n<tr>\n<td width=\"141\">Bella Buuri<\/td>\n<td width=\"105\">Harrastaja siniset<\/td>\n<td width=\"106\">1.<\/td>\n<\/tr>\n<tr>\n<td width=\"141\">Victoria Hentunen<\/td>\n<td width=\"105\">Harrastaja siniset<\/td>\n<td width=\"106\">2.<\/td>\n<\/tr>\n<tr>\n<td width=\"141\">Alex J\u00fcrgens<\/td>\n<td width=\"105\">Harrastaja siniset<\/td>\n<td width=\"106\">1.<\/td>\n<\/tr>\n<tr>\n<td width=\"141\">Sofia Sarala<\/td>\n<td width=\"105\">Harrastaja-punamusta<\/td>\n<td width=\"106\">1.<\/td>\n<\/tr>\n<tr>\n<td width=\"141\">Alex J\u00fcrgens<\/td>\n<td width=\"105\">Lapset siniset<\/td>\n<td width=\"106\"><\/td>\n<\/tr>\n<tr>\n<td width=\"141\">Bella Buuri<\/td>\n<td width=\"105\">Lapset siniset<\/td>\n<td width=\"106\">1.<\/td>\n<\/tr>\n<tr>\n<td width=\"141\">Victoria Hentunen<\/td>\n<td width=\"105\">Lapset siniset<\/td>\n<td width=\"106\">3.<\/td>\n<\/tr>\n<tr>\n<td width=\"141\">Sofia Sarala<\/td>\n<td width=\"105\">Lapset punamusta<\/td>\n<td width=\"106\">1.<\/td>\n<\/tr>\n<tr>\n<td width=\"141\">Bella &amp; Victoria<\/td>\n<td width=\"105\">Parit ylemm\u00e4t<\/td>\n<td width=\"106\">1.<\/td>\n<\/tr>\n<tr>\n<td width=\"141\">Tiitu ja Aino Kangasmaa (Lohja)<\/td>\n<td width=\"105\">Parit alemmat<\/td>\n<td width=\"106\">1.<\/td>\n<\/tr>\n<tr>\n<td width=\"141\">Bella &amp; Victoria<\/td>\n<td width=\"105\">Parit lapset<\/td>\n<td width=\"106\">1.<\/td>\n<\/tr>\n<tr>\n<td width=\"141\">Bella, Victoria, Sofia<\/td>\n<td width=\"105\">Harrastaja-ryhm\u00e4t<\/td>\n<td width=\"106\">1.<\/td>\n<\/tr>\n<\/tbody>\n<\/table>\n","protected":false},"excerpt":{"rendered":"<p>Liigafinaalit p\u00e4\u00e4ttiv\u00e4t kilpailukauden molempien kilpailumuotojen osalta tutulla Maaniitun koululla Nurmij\u00e4rvell\u00e4. Iso hatunnosto koko Taekwondourheilijoiden joukkueelle joka on kiert\u00e4nyt vuoden kaikki kisat niitt\u00e4en menestyst\u00e4. Toki my\u00f6s valmennustiimi sek\u00e4\u00a0ikiluotettavat huoltojoukot ansaitsevat kiitoksensa. T\u00e4ss\u00e4 kisaraporttia p\u00e4iv\u00e4n hienoista hetkist\u00e4, sek\u00e4 tuloslistaus lopussa. Seuramme menestyksest\u00e4 kilpaliigoissa kokonaisuutena voit lukea my\u00f6hemmin omasta uutisestaan. Jos haluat palata kilpailun parhaisiin hetkiin, kaikki livestreamit&hellip;<\/p>\n","protected":false},"author":7,"featured_media":7319,"comment_status":"closed","ping_status":"closed","sticky":false,"template":"templates\/template-cover.php","format":"standard","meta":{"footnotes":""},"categories":[4,438,1],"tags":[350,49,39,7,22],"class_list":["post-7316","post","type-post","status-publish","format-standard","has-post-thumbnail","hentry","category-etusivu","category-uutiskirje","category-yleinen","tag-aikataulu","tag-kilpailu","tag-kisa","tag-taekwondo","tag-tu11"],"yoast_head":"<!-- This site is optimized with the Yoast SEO plugin v27.4 - https:\/\/yoast.com\/product\/yoast-seo-wordpress\/ -->\n<title>Kilpailukausi p\u00e4\u00e4ttyi komeasti liigafinaaleissa - Taekwondourheilijat 2011 | Taekwondoa parhaassa seurassa | Helsinki | Espoo | Vantaa<\/title>\n<meta name=\"description\" content=\"TU11 tarjoaa innostavan ymp\u00e4rist\u00f6n harjoitella taekwondoa kaikenik\u00e4isille ja -tasoisille, aloittelijoista huippu-urheilijoihin. Valmennus on systemaattista ja valmentajat maamme parhaimmistoa. Aloita taekwondo nyt!\" \/>\n<meta name=\"robots\" content=\"index, follow, max-snippet:-1, max-image-preview:large, max-video-preview:-1\" \/>\n<link rel=\"canonical\" href=\"https:\/\/tu11.fi\/taekwondo\/2017\/11\/kilpailukausi-paattyi-komeasti-liigafinaaleissa\/\" \/>\n<script type=\"application\/ld+json\" class=\"yoast-schema-graph\">{\"@context\":\"https:\\\/\\\/schema.org\",\"@graph\":[]}<\/script>\n<!-- \/ Yoast SEO plugin. -->","yoast_head_json":{"title":"Kilpailukausi p\u00e4\u00e4ttyi komeasti liigafinaaleissa - Taekwondourheilijat 2011 | Taekwondoa parhaassa seurassa | Helsinki | Espoo | Vantaa","description":"TU11 tarjoaa innostavan ymp\u00e4rist\u00f6n harjoitella taekwondoa kaikenik\u00e4isille ja -tasoisille, aloittelijoista huippu-urheilijoihin. Valmennus on systemaattista ja valmentajat maamme parhaimmistoa. Aloita taekwondo nyt!","robots":{"index":"index","follow":"follow","max-snippet":"max-snippet:-1","max-image-preview":"max-image-preview:large","max-video-preview":"max-video-preview:-1"},"canonical":"https:\/\/tu11.fi\/taekwondo\/2017\/11\/kilpailukausi-paattyi-komeasti-liigafinaaleissa\/","schema":{"@context":"https:\/\/schema.org","@graph":[]}},"amp_enabled":true,"head":{"html":["<meta name=\"wpsso-begin\" content=\"wpsso structured data begin\"\/>\n","<!-- generator:1 --><meta name=\"generator\" content=\"WPSSO Core 21.13.2\/L*\"\/>\n","<!-- generator:2 --><meta name=\"generator\" content=\"WPSSO RAR 3.3.0\/S\"\/>\n","<!-- generator:3 --><meta name=\"generator\" content=\"WPSSO REST 3.3.0\/S\"\/>\n","<!-- generator:4 --><meta name=\"generator\" content=\"WPSSO BC 5.5.0\/S\"\/>\n","<!-- generator:5 --><meta name=\"generator\" content=\"WPSSO FAQ 7.1.0\/S\"\/>\n","<!-- generator:6 --><meta name=\"generator\" content=\"WPSSO OPM 5.1.0\/S\"\/>\n","<!-- generator:7 --><meta name=\"generator\" content=\"WPSSO SSM 3.4.0\/S\"\/>\n","<!-- generator:8 --><meta name=\"generator\" content=\"WPSSO TIE 4.1.0\/S\"\/>\n","<!-- generator:9 --><meta name=\"generator\" content=\"WPSSO UM 7.3.0\/S\"\/>\n","<!-- generator:10 --><meta name=\"generator\" content=\"WPSSO UL 4.3.0\/S\"\/>\n","<link rel=\"shortlink\" href=\"https:\/\/tu11.fi\/taekwondo\/?p=7316\"\/>\n","<meta property=\"fb:app_id\" content=\"966242223397117\"\/>\n","<meta property=\"og:type\" content=\"article\"\/>\n","<meta property=\"og:url\" content=\"https:\/\/tu11.fi\/taekwondo\/2017\/11\/kilpailukausi-paattyi-komeasti-liigafinaaleissa\/\"\/>\n","<meta property=\"og:locale\" content=\"fi_FI\"\/>\n","<meta property=\"og:site_name\" content=\"Taekwondourheilijat 2011 | Taekwondoa parhaassa seurassa | Helsinki | Espoo | Vantaa\"\/>\n","<meta property=\"og:title\" content=\"Kilpailukausi p&auml;&auml;ttyi komeasti liigafinaaleissa  &ndash;...\"\/>\n","<meta property=\"og:description\" content=\"TU11 tarjoaa innostavan ymp&auml;rist&ouml;n harjoitella taekwondoa kaikenik&auml;isille ja -tasoisille, aloittelijoista huippu-urheilijoihin. Valmennus on systemaattista ja valmentajat maamme parhaimmistoa. Aloita taekwondo nyt!\"\/>\n","<meta property=\"og:updated_time\" content=\"2017-12-14T11:30:48+00:00\"\/>\n","<!-- og:image:1 --><meta property=\"og:image\" content=\"https:\/\/tu11.fi\/taekwondo\/wp-content\/uploads\/2017\/11\/Image-uploaded-from-iOS-2-1200x630-cropped.jpg\"\/>\n","<!-- og:image:1 --><meta property=\"og:image:width\" content=\"1200\"\/>\n","<!-- og:image:1 --><meta property=\"og:image:height\" content=\"630\"\/>\n","<meta property=\"article:section\" content=\"Sport\"\/>\n","<meta property=\"article:publisher\" content=\"https:\/\/www.facebook.com\/TU11\"\/>\n","<!-- article:tag:1 --><meta property=\"article:tag\" content=\"aikataulu\"\/>\n","<!-- article:tag:2 --><meta property=\"article:tag\" content=\"kilpailu\"\/>\n","<!-- article:tag:3 --><meta property=\"article:tag\" content=\"kisa\"\/>\n","<!-- article:tag:4 --><meta property=\"article:tag\" content=\"taekwondo\"\/>\n","<!-- article:tag:5 --><meta property=\"article:tag\" content=\"tu11\"\/>\n","<meta property=\"article:published_time\" content=\"2017-11-25T20:06:21+00:00\"\/>\n","<meta property=\"article:modified_time\" content=\"2017-12-14T11:30:48+00:00\"\/>\n","<meta name=\"twitter:domain\" content=\"tu11.fi\"\/>\n","<meta name=\"twitter:site\" content=\"@taekwondourh\"\/>\n","<meta name=\"twitter:title\" content=\"Kilpailukausi p&auml;&auml;ttyi komeasti liigafinaaleissa  &ndash;...\"\/>\n","<meta name=\"twitter:description\" content=\"TU11 tarjoaa innostavan ymp&auml;rist&ouml;n harjoitella taekwondoa kaikenik&auml;isille ja -tasoisille, aloittelijoista huippu-urheilijoihin. Valmennus on systemaattista ja valmentajat maamme parhaimmistoa...\"\/>\n","<meta name=\"twitter:card\" content=\"summary_large_image\"\/>\n","<meta name=\"twitter:image\" content=\"https:\/\/tu11.fi\/taekwondo\/wp-content\/uploads\/2017\/11\/Image-uploaded-from-iOS-2-1200x630-cropped.jpg?p=7316\"\/>\n","<meta name=\"twitter:label1\" content=\"Written by\"\/>\n","<meta name=\"twitter:data1\" content=\"Pauli Raivio\"\/>\n","<meta name=\"twitter:label2\" content=\"Est. reading time\"\/>\n","<meta name=\"twitter:data2\" content=\"4 minutes\"\/>\n","<meta name=\"author\" content=\"Pauli Raivio\"\/>\n","<meta name=\"thumbnail\" content=\"https:\/\/tu11.fi\/taekwondo\/wp-content\/uploads\/2017\/11\/Image-uploaded-from-iOS-2-1200x630-cropped.jpg\"\/>\n","<script type=\"application\/ld+json\" id=\"wpsso-schema-graph\">{\n    \"@context\": \"https:\/\/schema.org\",\n    \"@graph\": [\n        {\n            \"@id\": \"#sso\/knowledge-graph\/sports-team\/7316\",\n            \"@context\": \"https:\/\/schema.org\",\n            \"@type\": \"SportsTeam\",\n            \"mainEntityOfPage\": \"https:\/\/tu11.fi\/taekwondo\/2017\/11\/kilpailukausi-paattyi-komeasti-liigafinaaleissa\/\",\n            \"url\": \"https:\/\/tu11.fi\/taekwondo\/2017\/11\/kilpailukausi-paattyi-komeasti-liigafinaaleissa\/\",\n            \"sameAs\": [\n                \"https:\/\/tu11.fi\/taekwondo\/?p=7316\"\n            ],\n            \"name\": \"Kilpailukausi p&auml;&auml;ttyi komeasti liigafinaaleissa  &ndash;...\",\n            \"alternateName\": \"Kilpailukausi p&auml;&auml;ttyi komeasti liigafinaaleissa  &ndash; Taekwondourheilijat 2011 | Taekwondoa parhaassa...\",\n            \"description\": \"TU11 tarjoaa innostavan ymp&auml;rist&ouml;n harjoitella taekwondoa kaikenik&auml;isille ja -tasoisille, aloittelijoista huippu-urheilijoihin. Valmennus on systemaattista ja valmentajat maamme parhaimmistoa. Aloita taekwondo nyt!\",\n            \"image\": [\n                {\n                    \"@id\": \"\/wp-content\/uploads\/2017\/11\/Image-uploaded-from-iOS-2-1200x1200-cropped.jpg#sso\/image-object\"\n                },\n                {\n                    \"@id\": \"\/wp-content\/uploads\/2017\/11\/Image-uploaded-from-iOS-2-1200x900-cropped.jpg#sso\/image-object\"\n                },\n                {\n                    \"@id\": \"\/wp-content\/uploads\/2017\/11\/Image-uploaded-from-iOS-2-1200x675-cropped.jpg#sso\/image-object\"\n                },\n                {\n                    \"@id\": \"\/wp-content\/uploads\/2017\/11\/Image-uploaded-from-iOS-2-1200x630-cropped.jpg#sso\/image-object\"\n                }\n            ]\n        },\n        {\n            \"@id\": \"\/wp-content\/uploads\/2017\/11\/Image-uploaded-from-iOS-2-1200x1200-cropped.jpg#sso\/image-object\",\n            \"@context\": \"https:\/\/schema.org\",\n            \"@type\": \"ImageObject\",\n            \"url\": \"https:\/\/tu11.fi\/taekwondo\/wp-content\/uploads\/2017\/11\/Image-uploaded-from-iOS-2-1200x1200-cropped.jpg\",\n            \"identifier\": \"7319-wpsso-schema-1x1\",\n            \"name\": \"Image uploaded from iOS (2)  &ndash; Taekwondourheilijat 2011 |...\",\n            \"alternateName\": \"Image uploaded from iOS (2)  &ndash; Taekwondourheilijat 2011 | Taekwondoa parhaassa seurassa | Helsinki | Espoo...\",\n            \"description\": \"No Description.\",\n            \"encodingFormat\": \"image\/jpeg\",\n            \"uploadDate\": \"2017-11-25T19:43:37+00:00\",\n            \"width\": [\n                {\n                    \"@id\": \"#sso\/qv-width-px-1200\"\n                }\n            ],\n            \"height\": [\n                {\n                    \"@id\": \"#sso\/qv-height-px-1200\"\n                }\n            ]\n        },\n        {\n            \"@id\": \"#sso\/qv-width-px-1200\",\n            \"@context\": \"https:\/\/schema.org\",\n            \"@type\": \"QuantitativeValue\",\n            \"name\": \"Width\",\n            \"unitText\": \"px\",\n            \"unitCode\": \"E37\",\n            \"value\": \"1200\"\n        },\n        {\n            \"@id\": \"#sso\/qv-height-px-1200\",\n            \"@context\": \"https:\/\/schema.org\",\n            \"@type\": \"QuantitativeValue\",\n            \"name\": \"Height\",\n            \"unitText\": \"px\",\n            \"unitCode\": \"E37\",\n            \"value\": \"1200\"\n        },\n        {\n            \"@id\": \"\/wp-content\/uploads\/2017\/11\/Image-uploaded-from-iOS-2-1200x900-cropped.jpg#sso\/image-object\",\n            \"@context\": \"https:\/\/schema.org\",\n            \"@type\": \"ImageObject\",\n            \"url\": \"https:\/\/tu11.fi\/taekwondo\/wp-content\/uploads\/2017\/11\/Image-uploaded-from-iOS-2-1200x900-cropped.jpg\",\n            \"identifier\": \"7319-wpsso-schema-4x3\",\n            \"name\": \"Image uploaded from iOS (2)  &ndash; Taekwondourheilijat 2011 |...\",\n            \"alternateName\": \"Image uploaded from iOS (2)  &ndash; Taekwondourheilijat 2011 | Taekwondoa parhaassa seurassa | Helsinki | Espoo...\",\n            \"description\": \"No Description.\",\n            \"encodingFormat\": \"image\/jpeg\",\n            \"uploadDate\": \"2017-11-25T19:43:37+00:00\",\n            \"width\": [\n                {\n                    \"@id\": \"#sso\/qv-width-px-1200\"\n                }\n            ],\n            \"height\": [\n                {\n                    \"@id\": \"#sso\/qv-height-px-900\"\n                }\n            ]\n        },\n        {\n            \"@id\": \"#sso\/qv-height-px-900\",\n            \"@context\": \"https:\/\/schema.org\",\n            \"@type\": \"QuantitativeValue\",\n            \"name\": \"Height\",\n            \"unitText\": \"px\",\n            \"unitCode\": \"E37\",\n            \"value\": \"900\"\n        },\n        {\n            \"@id\": \"\/wp-content\/uploads\/2017\/11\/Image-uploaded-from-iOS-2-1200x675-cropped.jpg#sso\/image-object\",\n            \"@context\": \"https:\/\/schema.org\",\n            \"@type\": \"ImageObject\",\n            \"url\": \"https:\/\/tu11.fi\/taekwondo\/wp-content\/uploads\/2017\/11\/Image-uploaded-from-iOS-2-1200x675-cropped.jpg\",\n            \"identifier\": \"7319-wpsso-schema-16x9\",\n            \"name\": \"Image uploaded from iOS (2)  &ndash; Taekwondourheilijat 2011 |...\",\n            \"alternateName\": \"Image uploaded from iOS (2)  &ndash; Taekwondourheilijat 2011 | Taekwondoa parhaassa seurassa | Helsinki | Espoo...\",\n            \"description\": \"No Description.\",\n            \"encodingFormat\": \"image\/jpeg\",\n            \"uploadDate\": \"2017-11-25T19:43:37+00:00\",\n            \"width\": [\n                {\n                    \"@id\": \"#sso\/qv-width-px-1200\"\n                }\n            ],\n            \"height\": [\n                {\n                    \"@id\": \"#sso\/qv-height-px-675\"\n                }\n            ]\n        },\n        {\n            \"@id\": \"#sso\/qv-height-px-675\",\n            \"@context\": \"https:\/\/schema.org\",\n            \"@type\": \"QuantitativeValue\",\n            \"name\": \"Height\",\n            \"unitText\": \"px\",\n            \"unitCode\": \"E37\",\n            \"value\": \"675\"\n        },\n        {\n            \"@id\": \"\/wp-content\/uploads\/2017\/11\/Image-uploaded-from-iOS-2-1200x630-cropped.jpg#sso\/image-object\",\n            \"@context\": \"https:\/\/schema.org\",\n            \"@type\": \"ImageObject\",\n            \"url\": \"https:\/\/tu11.fi\/taekwondo\/wp-content\/uploads\/2017\/11\/Image-uploaded-from-iOS-2-1200x630-cropped.jpg\",\n            \"identifier\": \"7319-wpsso-thumbnail\",\n            \"name\": \"Image uploaded from iOS (2)  &ndash; Taekwondourheilijat 2011 |...\",\n            \"alternateName\": \"Image uploaded from iOS (2)  &ndash; Taekwondourheilijat 2011 | Taekwondoa parhaassa seurassa | Helsinki | Espoo...\",\n            \"description\": \"No Description.\",\n            \"encodingFormat\": \"image\/jpeg\",\n            \"uploadDate\": \"2017-11-25T19:43:37+00:00\",\n            \"width\": [\n                {\n                    \"@id\": \"#sso\/qv-width-px-1200\"\n                }\n            ],\n            \"height\": [\n                {\n                    \"@id\": \"#sso\/qv-height-px-630\"\n                }\n            ]\n        },\n        {\n            \"@id\": \"#sso\/qv-height-px-630\",\n            \"@context\": \"https:\/\/schema.org\",\n            \"@type\": \"QuantitativeValue\",\n            \"name\": \"Height\",\n            \"unitText\": \"px\",\n            \"unitCode\": \"E37\",\n            \"value\": \"630\"\n        },\n        {\n            \"@id\": \"\/2017\/11\/kilpailukausi-paattyi-komeasti-liigafinaaleissa\/#sso\/breadcrumb.list\/etusivu\",\n            \"@context\": \"https:\/\/schema.org\",\n            \"@type\": \"BreadcrumbList\",\n            \"url\": \"https:\/\/tu11.fi\/taekwondo\/2017\/11\/kilpailukausi-paattyi-komeasti-liigafinaaleissa\/\",\n            \"itemListElement\": [\n                {\n                    \"@context\": \"https:\/\/schema.org\",\n                    \"@type\": \"ListItem\",\n                    \"position\": 1,\n                    \"name\": \"Home\",\n                    \"item\": \"https:\/\/tu11.fi\/taekwondo\/\"\n                },\n                {\n                    \"@context\": \"https:\/\/schema.org\",\n                    \"@type\": \"ListItem\",\n                    \"position\": 2,\n                    \"name\": \"Etusivu Archives   Taekwondourheilijat 2011 | Taekwondoa parhaassa...\",\n                    \"item\": \"https:\/\/tu11.fi\/taekwondo\/category\/etusivu\/\"\n                },\n                {\n                    \"@context\": \"https:\/\/schema.org\",\n                    \"@type\": \"ListItem\",\n                    \"position\": 3,\n                    \"name\": \"Kilpailukausi p&auml;&auml;ttyi komeasti liigafinaaleissa...\",\n                    \"item\": \"https:\/\/tu11.fi\/taekwondo\/2017\/11\/kilpailukausi-paattyi-komeasti-liigafinaaleissa\/\"\n                }\n            ]\n        },\n        {\n            \"@id\": \"\/2017\/11\/kilpailukausi-paattyi-komeasti-liigafinaaleissa\/#sso\/breadcrumb.list\/uutiskirje\",\n            \"@context\": \"https:\/\/schema.org\",\n            \"@type\": \"BreadcrumbList\",\n            \"url\": \"https:\/\/tu11.fi\/taekwondo\/2017\/11\/kilpailukausi-paattyi-komeasti-liigafinaaleissa\/\",\n            \"itemListElement\": [\n                {\n                    \"@context\": \"https:\/\/schema.org\",\n                    \"@type\": \"ListItem\",\n                    \"position\": 1,\n                    \"name\": \"Home\",\n                    \"item\": \"https:\/\/tu11.fi\/taekwondo\/\"\n                },\n                {\n                    \"@context\": \"https:\/\/schema.org\",\n                    \"@type\": \"ListItem\",\n                    \"position\": 2,\n                    \"name\": \"Uutiskirje Archives   Taekwondourheilijat 2011 | Taekwondoa...\",\n                    \"item\": \"https:\/\/tu11.fi\/taekwondo\/category\/uutiskirje\/\"\n                },\n                {\n                    \"@context\": \"https:\/\/schema.org\",\n                    \"@type\": \"ListItem\",\n                    \"position\": 3,\n                    \"name\": \"Kilpailukausi p&auml;&auml;ttyi komeasti liigafinaaleissa...\",\n                    \"item\": \"https:\/\/tu11.fi\/taekwondo\/2017\/11\/kilpailukausi-paattyi-komeasti-liigafinaaleissa\/\"\n                }\n            ]\n        },\n        {\n            \"@id\": \"\/2017\/11\/kilpailukausi-paattyi-komeasti-liigafinaaleissa\/#sso\/breadcrumb.list\/yleinen\",\n            \"@context\": \"https:\/\/schema.org\",\n            \"@type\": \"BreadcrumbList\",\n            \"url\": \"https:\/\/tu11.fi\/taekwondo\/2017\/11\/kilpailukausi-paattyi-komeasti-liigafinaaleissa\/\",\n            \"itemListElement\": [\n                {\n                    \"@context\": \"https:\/\/schema.org\",\n                    \"@type\": \"ListItem\",\n                    \"position\": 1,\n                    \"name\": \"Home\",\n                    \"item\": \"https:\/\/tu11.fi\/taekwondo\/\"\n                },\n                {\n                    \"@context\": \"https:\/\/schema.org\",\n                    \"@type\": \"ListItem\",\n                    \"position\": 2,\n                    \"name\": \"Yleinen Archives   Taekwondourheilijat 2011 | Taekwondoa parhaassa...\",\n                    \"item\": \"https:\/\/tu11.fi\/taekwondo\/category\/yleinen\/\"\n                },\n                {\n                    \"@context\": \"https:\/\/schema.org\",\n                    \"@type\": \"ListItem\",\n                    \"position\": 3,\n                    \"name\": \"Kilpailukausi p&auml;&auml;ttyi komeasti liigafinaaleissa...\",\n                    \"item\": \"https:\/\/tu11.fi\/taekwondo\/2017\/11\/kilpailukausi-paattyi-komeasti-liigafinaaleissa\/\"\n                }\n            ]\n        }\n    ]\n}<\/script>\n","<meta name=\"wpsso-end\" content=\"wpsso structured data end\"\/>\n","<meta name=\"wpsso-cached\" content=\"no cache for tu11.fi\/taekwondo\"\/>\n"],"json":[{"@context":"https:\/\/schema.org","@graph":[{"@id":"#sso\/knowledge-graph\/sports-team\/7316","@context":"https:\/\/schema.org","@type":"SportsTeam","mainEntityOfPage":"https:\/\/tu11.fi\/taekwondo\/2017\/11\/kilpailukausi-paattyi-komeasti-liigafinaaleissa\/","url":"https:\/\/tu11.fi\/taekwondo\/2017\/11\/kilpailukausi-paattyi-komeasti-liigafinaaleissa\/","sameAs":["https:\/\/tu11.fi\/taekwondo\/?p=7316"],"name":"Kilpailukausi p&auml;&auml;ttyi komeasti liigafinaaleissa  &ndash;...","alternateName":"Kilpailukausi p&auml;&auml;ttyi komeasti liigafinaaleissa  &ndash; Taekwondourheilijat 2011 | Taekwondoa parhaassa...","description":"TU11 tarjoaa innostavan ymp&auml;rist&ouml;n harjoitella taekwondoa kaikenik&auml;isille ja -tasoisille, aloittelijoista huippu-urheilijoihin. Valmennus on systemaattista ja valmentajat maamme parhaimmistoa. Aloita taekwondo nyt!","image":[{"@id":"\/wp-content\/uploads\/2017\/11\/Image-uploaded-from-iOS-2-1200x1200-cropped.jpg#sso\/image-object"},{"@id":"\/wp-content\/uploads\/2017\/11\/Image-uploaded-from-iOS-2-1200x900-cropped.jpg#sso\/image-object"},{"@id":"\/wp-content\/uploads\/2017\/11\/Image-uploaded-from-iOS-2-1200x675-cropped.jpg#sso\/image-object"},{"@id":"\/wp-content\/uploads\/2017\/11\/Image-uploaded-from-iOS-2-1200x630-cropped.jpg#sso\/image-object"}]},{"@id":"\/wp-content\/uploads\/2017\/11\/Image-uploaded-from-iOS-2-1200x1200-cropped.jpg#sso\/image-object","@context":"https:\/\/schema.org","@type":"ImageObject","url":"https:\/\/tu11.fi\/taekwondo\/wp-content\/uploads\/2017\/11\/Image-uploaded-from-iOS-2-1200x1200-cropped.jpg","identifier":"7319-wpsso-schema-1x1","name":"Image uploaded from iOS (2)  &ndash; Taekwondourheilijat 2011 |...","alternateName":"Image uploaded from iOS (2)  &ndash; Taekwondourheilijat 2011 | Taekwondoa parhaassa seurassa | Helsinki | Espoo...","description":"No Description.","encodingFormat":"image\/jpeg","uploadDate":"2017-11-25T19:43:37+00:00","width":[{"@id":"#sso\/qv-width-px-1200"}],"height":[{"@id":"#sso\/qv-height-px-1200"}]},{"@id":"#sso\/qv-width-px-1200","@context":"https:\/\/schema.org","@type":"QuantitativeValue","name":"Width","unitText":"px","unitCode":"E37","value":"1200"},{"@id":"#sso\/qv-height-px-1200","@context":"https:\/\/schema.org","@type":"QuantitativeValue","name":"Height","unitText":"px","unitCode":"E37","value":"1200"},{"@id":"\/wp-content\/uploads\/2017\/11\/Image-uploaded-from-iOS-2-1200x900-cropped.jpg#sso\/image-object","@context":"https:\/\/schema.org","@type":"ImageObject","url":"https:\/\/tu11.fi\/taekwondo\/wp-content\/uploads\/2017\/11\/Image-uploaded-from-iOS-2-1200x900-cropped.jpg","identifier":"7319-wpsso-schema-4x3","name":"Image uploaded from iOS (2)  &ndash; Taekwondourheilijat 2011 |...","alternateName":"Image uploaded from iOS (2)  &ndash; Taekwondourheilijat 2011 | Taekwondoa parhaassa seurassa | Helsinki | Espoo...","description":"No Description.","encodingFormat":"image\/jpeg","uploadDate":"2017-11-25T19:43:37+00:00","width":[{"@id":"#sso\/qv-width-px-1200"}],"height":[{"@id":"#sso\/qv-height-px-900"}]},{"@id":"#sso\/qv-height-px-900","@context":"https:\/\/schema.org","@type":"QuantitativeValue","name":"Height","unitText":"px","unitCode":"E37","value":"900"},{"@id":"\/wp-content\/uploads\/2017\/11\/Image-uploaded-from-iOS-2-1200x675-cropped.jpg#sso\/image-object","@context":"https:\/\/schema.org","@type":"ImageObject","url":"https:\/\/tu11.fi\/taekwondo\/wp-content\/uploads\/2017\/11\/Image-uploaded-from-iOS-2-1200x675-cropped.jpg","identifier":"7319-wpsso-schema-16x9","name":"Image uploaded from iOS (2)  &ndash; Taekwondourheilijat 2011 |...","alternateName":"Image uploaded from iOS (2)  &ndash; Taekwondourheilijat 2011 | Taekwondoa parhaassa seurassa | Helsinki | Espoo...","description":"No Description.","encodingFormat":"image\/jpeg","uploadDate":"2017-11-25T19:43:37+00:00","width":[{"@id":"#sso\/qv-width-px-1200"}],"height":[{"@id":"#sso\/qv-height-px-675"}]},{"@id":"#sso\/qv-height-px-675","@context":"https:\/\/schema.org","@type":"QuantitativeValue","name":"Height","unitText":"px","unitCode":"E37","value":"675"},{"@id":"\/wp-content\/uploads\/2017\/11\/Image-uploaded-from-iOS-2-1200x630-cropped.jpg#sso\/image-object","@context":"https:\/\/schema.org","@type":"ImageObject","url":"https:\/\/tu11.fi\/taekwondo\/wp-content\/uploads\/2017\/11\/Image-uploaded-from-iOS-2-1200x630-cropped.jpg","identifier":"7319-wpsso-thumbnail","name":"Image uploaded from iOS (2)  &ndash; Taekwondourheilijat 2011 |...","alternateName":"Image uploaded from iOS (2)  &ndash; Taekwondourheilijat 2011 | Taekwondoa parhaassa seurassa | Helsinki | Espoo...","description":"No Description.","encodingFormat":"image\/jpeg","uploadDate":"2017-11-25T19:43:37+00:00","width":[{"@id":"#sso\/qv-width-px-1200"}],"height":[{"@id":"#sso\/qv-height-px-630"}]},{"@id":"#sso\/qv-height-px-630","@context":"https:\/\/schema.org","@type":"QuantitativeValue","name":"Height","unitText":"px","unitCode":"E37","value":"630"},{"@id":"\/2017\/11\/kilpailukausi-paattyi-komeasti-liigafinaaleissa\/#sso\/breadcrumb.list\/etusivu","@context":"https:\/\/schema.org","@type":"BreadcrumbList","url":"https:\/\/tu11.fi\/taekwondo\/2017\/11\/kilpailukausi-paattyi-komeasti-liigafinaaleissa\/","itemListElement":[{"@context":"https:\/\/schema.org","@type":"ListItem","position":1,"name":"Home","item":"https:\/\/tu11.fi\/taekwondo\/"},{"@context":"https:\/\/schema.org","@type":"ListItem","position":2,"name":"Etusivu Archives   Taekwondourheilijat 2011 | Taekwondoa parhaassa...","item":"https:\/\/tu11.fi\/taekwondo\/category\/etusivu\/"},{"@context":"https:\/\/schema.org","@type":"ListItem","position":3,"name":"Kilpailukausi p&auml;&auml;ttyi komeasti liigafinaaleissa...","item":"https:\/\/tu11.fi\/taekwondo\/2017\/11\/kilpailukausi-paattyi-komeasti-liigafinaaleissa\/"}]},{"@id":"\/2017\/11\/kilpailukausi-paattyi-komeasti-liigafinaaleissa\/#sso\/breadcrumb.list\/uutiskirje","@context":"https:\/\/schema.org","@type":"BreadcrumbList","url":"https:\/\/tu11.fi\/taekwondo\/2017\/11\/kilpailukausi-paattyi-komeasti-liigafinaaleissa\/","itemListElement":[{"@context":"https:\/\/schema.org","@type":"ListItem","position":1,"name":"Home","item":"https:\/\/tu11.fi\/taekwondo\/"},{"@context":"https:\/\/schema.org","@type":"ListItem","position":2,"name":"Uutiskirje Archives   Taekwondourheilijat 2011 | Taekwondoa...","item":"https:\/\/tu11.fi\/taekwondo\/category\/uutiskirje\/"},{"@context":"https:\/\/schema.org","@type":"ListItem","position":3,"name":"Kilpailukausi p&auml;&auml;ttyi komeasti liigafinaaleissa...","item":"https:\/\/tu11.fi\/taekwondo\/2017\/11\/kilpailukausi-paattyi-komeasti-liigafinaaleissa\/"}]},{"@id":"\/2017\/11\/kilpailukausi-paattyi-komeasti-liigafinaaleissa\/#sso\/breadcrumb.list\/yleinen","@context":"https:\/\/schema.org","@type":"BreadcrumbList","url":"https:\/\/tu11.fi\/taekwondo\/2017\/11\/kilpailukausi-paattyi-komeasti-liigafinaaleissa\/","itemListElement":[{"@context":"https:\/\/schema.org","@type":"ListItem","position":1,"name":"Home","item":"https:\/\/tu11.fi\/taekwondo\/"},{"@context":"https:\/\/schema.org","@type":"ListItem","position":2,"name":"Yleinen Archives   Taekwondourheilijat 2011 | Taekwondoa parhaassa...","item":"https:\/\/tu11.fi\/taekwondo\/category\/yleinen\/"},{"@context":"https:\/\/schema.org","@type":"ListItem","position":3,"name":"Kilpailukausi p&auml;&auml;ttyi komeasti liigafinaaleissa...","item":"https:\/\/tu11.fi\/taekwondo\/2017\/11\/kilpailukausi-paattyi-komeasti-liigafinaaleissa\/"}]}]}],"parts":[["meta","name","generator","content","WPSSO Core 21.13.2\/L*","generator:1"],["meta","name","generator","content","WPSSO RAR 3.3.0\/S","generator:2"],["meta","name","generator","content","WPSSO REST 3.3.0\/S","generator:3"],["meta","name","generator","content","WPSSO BC 5.5.0\/S","generator:4"],["meta","name","generator","content","WPSSO FAQ 7.1.0\/S","generator:5"],["meta","name","generator","content","WPSSO OPM 5.1.0\/S","generator:6"],["meta","name","generator","content","WPSSO SSM 3.4.0\/S","generator:7"],["meta","name","generator","content","WPSSO TIE 4.1.0\/S","generator:8"],["meta","name","generator","content","WPSSO UM 7.3.0\/S","generator:9"],["meta","name","generator","content","WPSSO UL 4.3.0\/S","generator:10"],["link","rel","shortlink","href","https:\/\/tu11.fi\/taekwondo\/?p=7316",""],["meta","property","fb:app_id","content","966242223397117",""],["meta","property","og:time","content","2026-04-30T05:20:48+00:00",""],["meta","property","og:type","content","article",""],["meta","property","og:url","content","https:\/\/tu11.fi\/taekwondo\/2017\/11\/kilpailukausi-paattyi-komeasti-liigafinaaleissa\/",""],["meta","property","og:locale","content","fi_FI",""],["meta","property","og:site_name","content","Taekwondourheilijat 2011 | Taekwondoa parhaassa seurassa | Helsinki | Espoo | Vantaa",""],["meta","property","og:title","content","Kilpailukausi p&auml;&auml;ttyi komeasti liigafinaaleissa  &ndash;...",""],["meta","property","og:description","content","TU11 tarjoaa innostavan ymp&auml;rist&ouml;n harjoitella taekwondoa kaikenik&auml;isille ja -tasoisille, aloittelijoista huippu-urheilijoihin. Valmennus on systemaattista ja valmentajat maamme parhaimmistoa. Aloita taekwondo nyt!",""],["meta","property","og:updated_time","content","2017-12-14T11:30:48+00:00",""],["meta","property","og:image:secure_url","content","https:\/\/tu11.fi\/taekwondo\/wp-content\/uploads\/2017\/11\/Image-uploaded-from-iOS-2-1200x630-cropped.jpg","og:image:1"],["meta","property","og:image:url","content","https:\/\/tu11.fi\/taekwondo\/wp-content\/uploads\/2017\/11\/Image-uploaded-from-iOS-2-1200x630-cropped.jpg","og:image:1"],["meta","property","og:image","content","https:\/\/tu11.fi\/taekwondo\/wp-content\/uploads\/2017\/11\/Image-uploaded-from-iOS-2-1200x630-cropped.jpg","og:image:1"],["meta","property","og:image:width","content","1200","og:image:1"],["meta","property","og:image:height","content","630","og:image:1"],["meta","property","og:image:cropped","content","true","og:image:1"],["meta","property","og:image:id","content","7319","og:image:1"],["meta","property","og:image:size_name","content","wpsso-opengraph","og:image:1"],["meta","name","schema:language","content","fi",""],["meta","name","schema:type:id","content","sports.team",""],["meta","name","schema:type:url","content","https:\/\/schema.org\/SportsTeam",""],["meta","name","schema:type:context","content","https:\/\/schema.org",""],["meta","name","schema:type:name","content","SportsTeam",""],["meta","name","schema:type:path","content","schema.org\/SportsTeam",""],["meta","property","article:section","content","Sport",""],["meta","property","article:author:name","content","Pauli Raivio",""],["meta","property","article:publisher","content","https:\/\/www.facebook.com\/TU11",""],["meta","property","article:tag","content","aikataulu","article:tag:1"],["meta","property","article:tag","content","kilpailu","article:tag:2"],["meta","property","article:tag","content","kisa","article:tag:3"],["meta","property","article:tag","content","taekwondo","article:tag:4"],["meta","property","article:tag","content","tu11","article:tag:5"],["meta","property","article:published_time","content","2017-11-25T20:06:21+00:00",""],["meta","property","article:modified_time","content","2017-12-14T11:30:48+00:00",""],["meta","property","article:reading_mins","content","4",""],["meta","name","twitter:domain","content","tu11.fi",""],["meta","name","twitter:site","content","@taekwondourh",""],["meta","name","twitter:title","content","Kilpailukausi p&auml;&auml;ttyi komeasti liigafinaaleissa  &ndash;...",""],["meta","name","twitter:description","content","TU11 tarjoaa innostavan ymp&auml;rist&ouml;n harjoitella taekwondoa kaikenik&auml;isille ja -tasoisille, aloittelijoista huippu-urheilijoihin. Valmennus on systemaattista ja valmentajat maamme parhaimmistoa...",""],["meta","name","twitter:card","content","summary_large_image",""],["meta","name","twitter:image","content","https:\/\/tu11.fi\/taekwondo\/wp-content\/uploads\/2017\/11\/Image-uploaded-from-iOS-2-1200x630-cropped.jpg?p=7316",""],["meta","name","twitter:label1","content","Written by",""],["meta","name","twitter:data1","content","Pauli Raivio",""],["meta","name","twitter:label2","content","Est. reading time",""],["meta","name","twitter:data2","content","4 minutes",""],["meta","name","author","content","Pauli Raivio",""],["meta","name","thumbnail","content","https:\/\/tu11.fi\/taekwondo\/wp-content\/uploads\/2017\/11\/Image-uploaded-from-iOS-2-1200x630-cropped.jpg",""]]},"_links":{"self":[{"href":"https:\/\/tu11.fi\/taekwondo\/wp-json\/wp\/v2\/posts\/7316","targetHints":{"allow":["GET"]}}],"collection":[{"href":"https:\/\/tu11.fi\/taekwondo\/wp-json\/wp\/v2\/posts"}],"about":[{"href":"https:\/\/tu11.fi\/taekwondo\/wp-json\/wp\/v2\/types\/post"}],"author":[{"embeddable":true,"href":"https:\/\/tu11.fi\/taekwondo\/wp-json\/wp\/v2\/users\/7"}],"replies":[{"embeddable":true,"href":"https:\/\/tu11.fi\/taekwondo\/wp-json\/wp\/v2\/comments?post=7316"}],"version-history":[{"count":0,"href":"https:\/\/tu11.fi\/taekwondo\/wp-json\/wp\/v2\/posts\/7316\/revisions"}],"wp:featuredmedia":[{"embeddable":true,"href":"https:\/\/tu11.fi\/taekwondo\/wp-json\/wp\/v2\/media\/7319"}],"wp:attachment":[{"href":"https:\/\/tu11.fi\/taekwondo\/wp-json\/wp\/v2\/media?parent=7316"}],"wp:term":[{"taxonomy":"category","embeddable":true,"href":"https:\/\/tu11.fi\/taekwondo\/wp-json\/wp\/v2\/categories?post=7316"},{"taxonomy":"post_tag","embeddable":true,"href":"https:\/\/tu11.fi\/taekwondo\/wp-json\/wp\/v2\/tags?post=7316"}],"curies":[{"name":"wp","href":"https:\/\/api.w.org\/{rel}","templated":true}]}}