{"id":7473,"date":"2018-02-13T09:09:31","date_gmt":"2018-02-13T09:09:31","guid":{"rendered":"http:\/\/tu11.fi.srv.hoste.fi\/taekwondo\/?p=7473"},"modified":"2018-02-14T09:56:02","modified_gmt":"2018-02-14T09:56:02","slug":"taekwondourheilijoiden-salikisat-24-2","status":"publish","type":"post","link":"https:\/\/tu11.fi\/taekwondo\/2018\/02\/taekwondourheilijoiden-salikisat-24-2\/","title":{"rendered":"Taekwondourheilijoiden salikisat 24.2."},"content":{"rendered":"<h1>Helmikuun salikisa avaa kev\u00e4\u00e4n salikisaliigan<\/h1>\n<p>Lauantaina <strong>24.2.<\/strong> j\u00e4rjestet\u00e4\u00e4n Taekwondourheilijoiden kev\u00e4\u00e4n ensimm\u00e4inen salikisa. Kilpailu on vaihtanut paikkaa perinteisest\u00e4 perjanta-illasta lauantaihin, jotta saadaan otella juuri niin kauan kuin virtaa riit\u00e4\u00e4, ja kauempaakin on helppo l\u00e4hte\u00e4 mukaan kilpailemaan. Lis\u00e4ksi kilpailu avaa uuden j\u00e4nnitt\u00e4v\u00e4n salikisaliigan, jossa on kolme osakilpailua kev\u00e4\u00e4ll\u00e4. Viimeisen osakilpailun j\u00e4lkeen paras poika, tytt\u00f6, mies ja nainen palkitaan tuotepalkinnolla, jonka tarjoaa Pro Dobok Finland.\u00a0Palkitut valitaan vertailemalla tehtyj\u00e4 pisteit\u00e4, oteltujen otteluiden m\u00e4\u00e4r\u00e4\u00e4, voittojen m\u00e4\u00e4r\u00e4\u00e4 sek\u00e4 toimitsijaraadin arvioita osallistujista.<\/p>\n<p>Salikisoihin ei tarvitse ilmoittautua erikseen vaan riitt\u00e4\u00e4, ett\u00e4 on lauantaina hyviss\u00e4 ajoin paikalla ja ilmoittaa tiskille nimens\u00e4, ottelusarjansa ja painonsa. Salikisojen hinta on 10\u20ac \/ kilpailu tai 25\u20ac \/ koko liiga.<\/p>\n<p>Kaikki sarjat aloittavat samaan aikaan niin, ett\u00e4 toisella matolla k\u00e4yd\u00e4\u00e4n aloittelijoiden ja junioreiden matseja ja toisella ranking-sarjalaisten matseja. Molemmilla kentill\u00e4 k\u00e4ytet\u00e4\u00e4n s\u00e4hk\u00f6panssareita, mutta jos ottelijalta puuttuvat s\u00e4hk\u00f6sukat voidaan pisteet antaa my\u00f6s manuaalisesti. R1-kent\u00e4ll\u00e4 ovat my\u00f6s s\u00e4hk\u00f6kyp\u00e4r\u00e4t k\u00e4yt\u00f6ss\u00e4.<\/p>\n<p>Jos haluat tulla mukaan harjoittelemaan tuomarina toimimista tai muuten mukaan toimitsijaksi, ota yhteytt\u00e4!<\/p>\n<p><a href=\"http:\/\/tu11.fi.srv.hoste.fi\/taekwondo\/wp-content\/uploads\/2018\/02\/saliliiga_18.pdf\">saliliiga_18<\/a><\/p>\n<p><strong>Mit\u00e4:<\/strong> Taekwondourheilijoiden salikisaliigan ensimm\u00e4inen osakilpailu<\/p>\n<p><strong>Milloin:\u00a0<\/strong>Lauantaina 24.2. alkaen klo 10:00<\/p>\n<p><strong>Miss\u00e4:\u00a0<\/strong>Taekwondourheilijoiden sali Konalassa, Ruosilankuja 3C, Helsinki<\/p>\n<p><strong>Hinta:\u00a0<\/strong>10\u20ac \/ kilpailu tai 25\u20ac \/ koko liiga<\/p>\n<p><strong>Kenelle sopii:\u00a0<\/strong>Kaikille kokeneille tai aloittaville ottelukilpailijoille ik\u00e4\u00e4n katsomatta<\/p>\n<p><strong>Lis\u00e4tiedot ja yhteydenotot:<\/strong> info@tu11.fi,<\/p>\n","protected":false},"excerpt":{"rendered":"<p>Helmikuun salikisa avaa kev\u00e4\u00e4n salikisaliigan Lauantaina 24.2. j\u00e4rjestet\u00e4\u00e4n Taekwondourheilijoiden kev\u00e4\u00e4n ensimm\u00e4inen salikisa. Kilpailu on vaihtanut paikkaa perinteisest\u00e4 perjanta-illasta lauantaihin, jotta saadaan otella juuri niin kauan kuin virtaa riit\u00e4\u00e4, ja kauempaakin on helppo l\u00e4hte\u00e4 mukaan kilpailemaan. Lis\u00e4ksi kilpailu avaa uuden j\u00e4nnitt\u00e4v\u00e4n salikisaliigan, jossa on kolme osakilpailua kev\u00e4\u00e4ll\u00e4. Viimeisen osakilpailun j\u00e4lkeen paras poika, tytt\u00f6, mies ja nainen&hellip;<\/p>\n","protected":false},"author":7,"featured_media":6951,"comment_status":"closed","ping_status":"closed","sticky":false,"template":"templates\/template-cover.php","format":"standard","meta":{"footnotes":""},"categories":[4,5,438,1],"tags":[39,408,243,14,58],"class_list":["post-7473","post","type-post","status-publish","format-standard","has-post-thumbnail","hentry","category-etusivu","category-slider","category-uutiskirje","category-yleinen","tag-kisa","tag-kisat","tag-liiga","tag-ottelu","tag-salikisat"],"yoast_head":"<!-- This site is optimized with the Yoast SEO plugin v27.2 - https:\/\/yoast.com\/product\/yoast-seo-wordpress\/ -->\n<title>Taekwondourheilijoiden salikisat 24.2. - Taekwondourheilijat 2011 | Taekwondoa parhaassa seurassa | Helsinki | Espoo | Vantaa<\/title>\n<meta name=\"description\" content=\"Helmikuun salikisat avaavat kev\u00e4\u00e4n salikisaliigan. Tule mukaan ker\u00e4\u00e4m\u00e4\u00e4n kokemusta ja pit\u00e4m\u00e4\u00e4n hauskaa!\" \/>\n<meta name=\"robots\" content=\"index, follow, max-snippet:-1, max-image-preview:large, max-video-preview:-1\" \/>\n<link rel=\"canonical\" href=\"https:\/\/tu11.fi\/taekwondo\/2018\/02\/taekwondourheilijoiden-salikisat-24-2\/\" \/>\n<script type=\"application\/ld+json\" class=\"yoast-schema-graph\">{\"@context\":\"https:\/\/schema.org\",\"@graph\":[]}<\/script>\n<!-- \/ Yoast SEO plugin. -->","yoast_head_json":{"title":"Taekwondourheilijoiden salikisat 24.2. - Taekwondourheilijat 2011 | Taekwondoa parhaassa seurassa | Helsinki | Espoo | Vantaa","description":"Helmikuun salikisat avaavat kev\u00e4\u00e4n salikisaliigan. Tule mukaan ker\u00e4\u00e4m\u00e4\u00e4n kokemusta ja pit\u00e4m\u00e4\u00e4n hauskaa!","robots":{"index":"index","follow":"follow","max-snippet":"max-snippet:-1","max-image-preview":"max-image-preview:large","max-video-preview":"max-video-preview:-1"},"canonical":"https:\/\/tu11.fi\/taekwondo\/2018\/02\/taekwondourheilijoiden-salikisat-24-2\/","schema":{"@context":"https:\/\/schema.org","@graph":[]}},"amp_enabled":true,"head":{"html":["<meta name=\"wpsso-begin\" content=\"wpsso structured data begin\"\/>\n","<!-- generator:1 --><meta name=\"generator\" content=\"WPSSO Core 21.12.0\/L*\"\/>\n","<!-- generator:2 --><meta name=\"generator\" content=\"WPSSO RAR 3.3.0\/S\"\/>\n","<!-- generator:3 --><meta name=\"generator\" content=\"WPSSO REST 3.3.0\/S\"\/>\n","<!-- generator:4 --><meta name=\"generator\" content=\"WPSSO BC 5.5.0\/S\"\/>\n","<!-- generator:5 --><meta name=\"generator\" content=\"WPSSO FAQ 7.1.0\/S\"\/>\n","<!-- generator:6 --><meta name=\"generator\" content=\"WPSSO OPM 5.1.0\/S\"\/>\n","<!-- generator:7 --><meta name=\"generator\" content=\"WPSSO SSM 3.4.0\/S\"\/>\n","<!-- generator:8 --><meta name=\"generator\" content=\"WPSSO TIE 4.1.0\/S\"\/>\n","<!-- generator:9 --><meta name=\"generator\" content=\"WPSSO UM 7.3.0\/S\"\/>\n","<!-- generator:10 --><meta name=\"generator\" content=\"WPSSO UL 4.3.0\/S\"\/>\n","<link rel=\"shortlink\" href=\"https:\/\/tu11.fi\/taekwondo\/?p=7473\"\/>\n","<meta property=\"fb:app_id\" content=\"966242223397117\"\/>\n","<meta property=\"og:type\" content=\"article\"\/>\n","<meta property=\"og:url\" content=\"https:\/\/tu11.fi\/taekwondo\/2018\/02\/taekwondourheilijoiden-salikisat-24-2\/\"\/>\n","<meta property=\"og:locale\" content=\"fi_FI\"\/>\n","<meta property=\"og:site_name\" content=\"Taekwondourheilijat 2011 | Taekwondoa parhaassa seurassa | Helsinki | Espoo | Vantaa\"\/>\n","<meta property=\"og:title\" content=\"Taekwondourheilijoiden salikisat 24.2.  &ndash; Taekwondourheilijat 2011...\"\/>\n","<meta property=\"og:description\" content=\"Helmikuun salikisat avaavat kev&auml;&auml;n salikisaliigan. Tule mukaan ker&auml;&auml;m&auml;&auml;n kokemusta ja pit&auml;m&auml;&auml;n hauskaa!\"\/>\n","<meta property=\"og:updated_time\" content=\"2018-02-14T09:56:02+00:00\"\/>\n","<!-- og:image:1 --><meta property=\"og:image\" content=\"https:\/\/tu11.fi\/taekwondo\/wp-content\/uploads\/2017\/07\/19983731_1596141587077236_2811177427807282245_o-1200x630-cropped.jpg\"\/>\n","<!-- og:image:1 --><meta property=\"og:image:width\" content=\"1200\"\/>\n","<!-- og:image:1 --><meta property=\"og:image:height\" content=\"630\"\/>\n","<meta property=\"article:section\" content=\"Sport\"\/>\n","<meta property=\"article:publisher\" content=\"https:\/\/www.facebook.com\/TU11\"\/>\n","<!-- article:tag:1 --><meta property=\"article:tag\" content=\"kisa\"\/>\n","<!-- article:tag:2 --><meta property=\"article:tag\" content=\"kisat\"\/>\n","<!-- article:tag:3 --><meta property=\"article:tag\" content=\"liiga\"\/>\n","<!-- article:tag:4 --><meta property=\"article:tag\" content=\"ottelu\"\/>\n","<!-- article:tag:5 --><meta property=\"article:tag\" content=\"salikisat\"\/>\n","<meta property=\"article:published_time\" content=\"2018-02-13T09:09:31+00:00\"\/>\n","<meta property=\"article:modified_time\" content=\"2018-02-14T09:56:02+00:00\"\/>\n","<meta name=\"twitter:domain\" content=\"tu11.fi\"\/>\n","<meta name=\"twitter:site\" content=\"@taekwondourh\"\/>\n","<meta name=\"twitter:title\" content=\"Taekwondourheilijoiden salikisat 24.2.  &ndash; Taekwondourheilijat 2011...\"\/>\n","<meta name=\"twitter:description\" content=\"Helmikuun salikisat avaavat kev&auml;&auml;n salikisaliigan. Tule mukaan ker&auml;&auml;m&auml;&auml;n kokemusta ja pit&auml;m&auml;&auml;n hauskaa!\"\/>\n","<meta name=\"twitter:card\" content=\"summary_large_image\"\/>\n","<meta name=\"twitter:image\" content=\"https:\/\/tu11.fi\/taekwondo\/wp-content\/uploads\/2017\/07\/19983731_1596141587077236_2811177427807282245_o-1200x630-cropped.jpg?p=7473\"\/>\n","<meta name=\"twitter:label1\" content=\"Written by\"\/>\n","<meta name=\"twitter:data1\" content=\"Pauli Raivio\"\/>\n","<meta name=\"twitter:label2\" content=\"Est. reading time\"\/>\n","<meta name=\"twitter:data2\" content=\"1 minute\"\/>\n","<meta name=\"author\" content=\"Pauli Raivio\"\/>\n","<meta name=\"thumbnail\" content=\"https:\/\/tu11.fi\/taekwondo\/wp-content\/uploads\/2017\/07\/19983731_1596141587077236_2811177427807282245_o-1200x630-cropped.jpg\"\/>\n","<script type=\"application\/ld+json\" id=\"wpsso-schema-graph\">{\n    \"@context\": \"https:\/\/schema.org\",\n    \"@graph\": [\n        {\n            \"@id\": \"#sso\/knowledge-graph\/sports-team\/7473\",\n            \"@context\": \"https:\/\/schema.org\",\n            \"@type\": \"SportsTeam\",\n            \"mainEntityOfPage\": \"https:\/\/tu11.fi\/taekwondo\/2018\/02\/taekwondourheilijoiden-salikisat-24-2\/\",\n            \"url\": \"https:\/\/tu11.fi\/taekwondo\/2018\/02\/taekwondourheilijoiden-salikisat-24-2\/\",\n            \"sameAs\": [\n                \"https:\/\/tu11.fi\/taekwondo\/?p=7473\"\n            ],\n            \"name\": \"Taekwondourheilijoiden salikisat 24.2.  &ndash; Taekwondourheilijat 2011...\",\n            \"alternateName\": \"Taekwondourheilijoiden salikisat 24.2.  &ndash; Taekwondourheilijat 2011 | Taekwondoa parhaassa seurassa |...\",\n            \"description\": \"Helmikuun salikisat avaavat kev&auml;&auml;n salikisaliigan. Tule mukaan ker&auml;&auml;m&auml;&auml;n kokemusta ja pit&auml;m&auml;&auml;n hauskaa!\",\n            \"image\": [\n                {\n                    \"@id\": \"\/wp-content\/uploads\/2017\/07\/19983731_1596141587077236_2811177427807282245_o-1200x1200-cropped.jpg#sso\/image-object\"\n                },\n                {\n                    \"@id\": \"\/wp-content\/uploads\/2017\/07\/19983731_1596141587077236_2811177427807282245_o-1200x900-cropped.jpg#sso\/image-object\"\n                },\n                {\n                    \"@id\": \"\/wp-content\/uploads\/2017\/07\/19983731_1596141587077236_2811177427807282245_o-1200x675-cropped.jpg#sso\/image-object\"\n                }\n            ]\n        },\n        {\n            \"@id\": \"\/wp-content\/uploads\/2017\/07\/19983731_1596141587077236_2811177427807282245_o-1200x1200-cropped.jpg#sso\/image-object\",\n            \"@context\": \"https:\/\/schema.org\",\n            \"@type\": \"ImageObject\",\n            \"url\": \"https:\/\/tu11.fi\/taekwondo\/wp-content\/uploads\/2017\/07\/19983731_1596141587077236_2811177427807282245_o-1200x1200-cropped.jpg\",\n            \"identifier\": \"6951-wpsso-schema-1x1\",\n            \"name\": \"19983731_1596141587077236_2811177427807282245_o  &ndash;...\",\n            \"alternateName\": \"19983731_1596141587077236_2811177427807282245_o  &ndash; Taekwondourheilijat 2011 | Taekwondoa parhaassa...\",\n            \"description\": \"No Description.\",\n            \"encodingFormat\": \"image\/jpeg\",\n            \"uploadDate\": \"2017-07-10T16:35:47+00:00\",\n            \"width\": [\n                {\n                    \"@id\": \"#sso\/qv-width-px-1200\"\n                }\n            ],\n            \"height\": [\n                {\n                    \"@id\": \"#sso\/qv-height-px-1200\"\n                }\n            ]\n        },\n        {\n            \"@id\": \"#sso\/qv-width-px-1200\",\n            \"@context\": \"https:\/\/schema.org\",\n            \"@type\": \"QuantitativeValue\",\n            \"name\": \"Width\",\n            \"unitText\": \"px\",\n            \"unitCode\": \"E37\",\n            \"value\": \"1200\"\n        },\n        {\n            \"@id\": \"#sso\/qv-height-px-1200\",\n            \"@context\": \"https:\/\/schema.org\",\n            \"@type\": \"QuantitativeValue\",\n            \"name\": \"Height\",\n            \"unitText\": \"px\",\n            \"unitCode\": \"E37\",\n            \"value\": \"1200\"\n        },\n        {\n            \"@id\": \"\/wp-content\/uploads\/2017\/07\/19983731_1596141587077236_2811177427807282245_o-1200x900-cropped.jpg#sso\/image-object\",\n            \"@context\": \"https:\/\/schema.org\",\n            \"@type\": \"ImageObject\",\n            \"url\": \"https:\/\/tu11.fi\/taekwondo\/wp-content\/uploads\/2017\/07\/19983731_1596141587077236_2811177427807282245_o-1200x900-cropped.jpg\",\n            \"identifier\": \"6951-wpsso-schema-4x3\",\n            \"name\": \"19983731_1596141587077236_2811177427807282245_o  &ndash;...\",\n            \"alternateName\": \"19983731_1596141587077236_2811177427807282245_o  &ndash; Taekwondourheilijat 2011 | Taekwondoa parhaassa...\",\n            \"description\": \"No Description.\",\n            \"encodingFormat\": \"image\/jpeg\",\n            \"uploadDate\": \"2017-07-10T16:35:47+00:00\",\n            \"width\": [\n                {\n                    \"@id\": \"#sso\/qv-width-px-1200\"\n                }\n            ],\n            \"height\": [\n                {\n                    \"@id\": \"#sso\/qv-height-px-900\"\n                }\n            ]\n        },\n        {\n            \"@id\": \"#sso\/qv-height-px-900\",\n            \"@context\": \"https:\/\/schema.org\",\n            \"@type\": \"QuantitativeValue\",\n            \"name\": \"Height\",\n            \"unitText\": \"px\",\n            \"unitCode\": \"E37\",\n            \"value\": \"900\"\n        },\n        {\n            \"@id\": \"\/wp-content\/uploads\/2017\/07\/19983731_1596141587077236_2811177427807282245_o-1200x675-cropped.jpg#sso\/image-object\",\n            \"@context\": \"https:\/\/schema.org\",\n            \"@type\": \"ImageObject\",\n            \"url\": \"https:\/\/tu11.fi\/taekwondo\/wp-content\/uploads\/2017\/07\/19983731_1596141587077236_2811177427807282245_o-1200x675-cropped.jpg\",\n            \"identifier\": \"6951-wpsso-schema-16x9\",\n            \"name\": \"19983731_1596141587077236_2811177427807282245_o  &ndash;...\",\n            \"alternateName\": \"19983731_1596141587077236_2811177427807282245_o  &ndash; Taekwondourheilijat 2011 | Taekwondoa parhaassa...\",\n            \"description\": \"No Description.\",\n            \"encodingFormat\": \"image\/jpeg\",\n            \"uploadDate\": \"2017-07-10T16:35:47+00:00\",\n            \"width\": [\n                {\n                    \"@id\": \"#sso\/qv-width-px-1200\"\n                }\n            ],\n            \"height\": [\n                {\n                    \"@id\": \"#sso\/qv-height-px-675\"\n                }\n            ]\n        },\n        {\n            \"@id\": \"#sso\/qv-height-px-675\",\n            \"@context\": \"https:\/\/schema.org\",\n            \"@type\": \"QuantitativeValue\",\n            \"name\": \"Height\",\n            \"unitText\": \"px\",\n            \"unitCode\": \"E37\",\n            \"value\": \"675\"\n        },\n        {\n            \"@id\": \"\/2018\/02\/taekwondourheilijoiden-salikisat-24-2\/#sso\/breadcrumb.list\/etusivu\",\n            \"@context\": \"https:\/\/schema.org\",\n            \"@type\": \"BreadcrumbList\",\n            \"url\": \"https:\/\/tu11.fi\/taekwondo\/2018\/02\/taekwondourheilijoiden-salikisat-24-2\/\",\n            \"itemListElement\": [\n                {\n                    \"@context\": \"https:\/\/schema.org\",\n                    \"@type\": \"ListItem\",\n                    \"position\": 1,\n                    \"name\": \"Home\",\n                    \"item\": \"https:\/\/tu11.fi\/taekwondo\/\"\n                },\n                {\n                    \"@context\": \"https:\/\/schema.org\",\n                    \"@type\": \"ListItem\",\n                    \"position\": 2,\n                    \"name\": \"Etusivu Archives   Taekwondourheilijat 2011 | Taekwondoa parhaassa...\",\n                    \"item\": \"https:\/\/tu11.fi\/taekwondo\/category\/etusivu\/\"\n                },\n                {\n                    \"@context\": \"https:\/\/schema.org\",\n                    \"@type\": \"ListItem\",\n                    \"position\": 3,\n                    \"name\": \"Taekwondourheilijoiden salikisat 24.2.   Taekwondourheilijat 2011...\",\n                    \"item\": \"https:\/\/tu11.fi\/taekwondo\/2018\/02\/taekwondourheilijoiden-salikisat-24-2\/\"\n                }\n            ]\n        },\n        {\n            \"@id\": \"\/2018\/02\/taekwondourheilijoiden-salikisat-24-2\/#sso\/breadcrumb.list\/slider\",\n            \"@context\": \"https:\/\/schema.org\",\n            \"@type\": \"BreadcrumbList\",\n            \"url\": \"https:\/\/tu11.fi\/taekwondo\/2018\/02\/taekwondourheilijoiden-salikisat-24-2\/\",\n            \"itemListElement\": [\n                {\n                    \"@context\": \"https:\/\/schema.org\",\n                    \"@type\": \"ListItem\",\n                    \"position\": 1,\n                    \"name\": \"Home\",\n                    \"item\": \"https:\/\/tu11.fi\/taekwondo\/\"\n                },\n                {\n                    \"@context\": \"https:\/\/schema.org\",\n                    \"@type\": \"ListItem\",\n                    \"position\": 2,\n                    \"name\": \"slider Archives   Taekwondourheilijat 2011 | Taekwondoa parhaassa...\",\n                    \"item\": \"https:\/\/tu11.fi\/taekwondo\/category\/slider\/\"\n                },\n                {\n                    \"@context\": \"https:\/\/schema.org\",\n                    \"@type\": \"ListItem\",\n                    \"position\": 3,\n                    \"name\": \"Taekwondourheilijoiden salikisat 24.2.   Taekwondourheilijat 2011...\",\n                    \"item\": \"https:\/\/tu11.fi\/taekwondo\/2018\/02\/taekwondourheilijoiden-salikisat-24-2\/\"\n                }\n            ]\n        },\n        {\n            \"@id\": \"\/2018\/02\/taekwondourheilijoiden-salikisat-24-2\/#sso\/breadcrumb.list\/uutiskirje\",\n            \"@context\": \"https:\/\/schema.org\",\n            \"@type\": \"BreadcrumbList\",\n            \"url\": \"https:\/\/tu11.fi\/taekwondo\/2018\/02\/taekwondourheilijoiden-salikisat-24-2\/\",\n            \"itemListElement\": [\n                {\n                    \"@context\": \"https:\/\/schema.org\",\n                    \"@type\": \"ListItem\",\n                    \"position\": 1,\n                    \"name\": \"Home\",\n                    \"item\": \"https:\/\/tu11.fi\/taekwondo\/\"\n                },\n                {\n                    \"@context\": \"https:\/\/schema.org\",\n                    \"@type\": \"ListItem\",\n                    \"position\": 2,\n                    \"name\": \"Uutiskirje Archives   Taekwondourheilijat 2011 | Taekwondoa...\",\n                    \"item\": \"https:\/\/tu11.fi\/taekwondo\/category\/uutiskirje\/\"\n                },\n                {\n                    \"@context\": \"https:\/\/schema.org\",\n                    \"@type\": \"ListItem\",\n                    \"position\": 3,\n                    \"name\": \"Taekwondourheilijoiden salikisat 24.2.   Taekwondourheilijat 2011...\",\n                    \"item\": \"https:\/\/tu11.fi\/taekwondo\/2018\/02\/taekwondourheilijoiden-salikisat-24-2\/\"\n                }\n            ]\n        },\n        {\n            \"@id\": \"\/2018\/02\/taekwondourheilijoiden-salikisat-24-2\/#sso\/breadcrumb.list\/yleinen\",\n            \"@context\": \"https:\/\/schema.org\",\n            \"@type\": \"BreadcrumbList\",\n            \"url\": \"https:\/\/tu11.fi\/taekwondo\/2018\/02\/taekwondourheilijoiden-salikisat-24-2\/\",\n            \"itemListElement\": [\n                {\n                    \"@context\": \"https:\/\/schema.org\",\n                    \"@type\": \"ListItem\",\n                    \"position\": 1,\n                    \"name\": \"Home\",\n                    \"item\": \"https:\/\/tu11.fi\/taekwondo\/\"\n                },\n                {\n                    \"@context\": \"https:\/\/schema.org\",\n                    \"@type\": \"ListItem\",\n                    \"position\": 2,\n                    \"name\": \"Yleinen Archives   Taekwondourheilijat 2011 | Taekwondoa parhaassa...\",\n                    \"item\": \"https:\/\/tu11.fi\/taekwondo\/category\/yleinen\/\"\n                },\n                {\n                    \"@context\": \"https:\/\/schema.org\",\n                    \"@type\": \"ListItem\",\n                    \"position\": 3,\n                    \"name\": \"Taekwondourheilijoiden salikisat 24.2.   Taekwondourheilijat 2011...\",\n                    \"item\": \"https:\/\/tu11.fi\/taekwondo\/2018\/02\/taekwondourheilijoiden-salikisat-24-2\/\"\n                }\n            ]\n        }\n    ]\n}<\/script>\n","<meta name=\"wpsso-end\" content=\"wpsso structured data end\"\/>\n","<meta name=\"wpsso-cached\" content=\"no cache for tu11.fi\/taekwondo\"\/>\n"],"json":[{"@context":"https:\/\/schema.org","@graph":[{"@id":"#sso\/knowledge-graph\/sports-team\/7473","@context":"https:\/\/schema.org","@type":"SportsTeam","mainEntityOfPage":"https:\/\/tu11.fi\/taekwondo\/2018\/02\/taekwondourheilijoiden-salikisat-24-2\/","url":"https:\/\/tu11.fi\/taekwondo\/2018\/02\/taekwondourheilijoiden-salikisat-24-2\/","sameAs":["https:\/\/tu11.fi\/taekwondo\/?p=7473"],"name":"Taekwondourheilijoiden salikisat 24.2.  &ndash; Taekwondourheilijat 2011...","alternateName":"Taekwondourheilijoiden salikisat 24.2.  &ndash; Taekwondourheilijat 2011 | Taekwondoa parhaassa seurassa |...","description":"Helmikuun salikisat avaavat kev&auml;&auml;n salikisaliigan. Tule mukaan ker&auml;&auml;m&auml;&auml;n kokemusta ja pit&auml;m&auml;&auml;n hauskaa!","image":[{"@id":"\/wp-content\/uploads\/2017\/07\/19983731_1596141587077236_2811177427807282245_o-1200x1200-cropped.jpg#sso\/image-object"},{"@id":"\/wp-content\/uploads\/2017\/07\/19983731_1596141587077236_2811177427807282245_o-1200x900-cropped.jpg#sso\/image-object"},{"@id":"\/wp-content\/uploads\/2017\/07\/19983731_1596141587077236_2811177427807282245_o-1200x675-cropped.jpg#sso\/image-object"}]},{"@id":"\/wp-content\/uploads\/2017\/07\/19983731_1596141587077236_2811177427807282245_o-1200x1200-cropped.jpg#sso\/image-object","@context":"https:\/\/schema.org","@type":"ImageObject","url":"https:\/\/tu11.fi\/taekwondo\/wp-content\/uploads\/2017\/07\/19983731_1596141587077236_2811177427807282245_o-1200x1200-cropped.jpg","identifier":"6951-wpsso-schema-1x1","name":"19983731_1596141587077236_2811177427807282245_o  &ndash;...","alternateName":"19983731_1596141587077236_2811177427807282245_o  &ndash; Taekwondourheilijat 2011 | Taekwondoa parhaassa...","description":"No Description.","encodingFormat":"image\/jpeg","uploadDate":"2017-07-10T16:35:47+00:00","width":[{"@id":"#sso\/qv-width-px-1200"}],"height":[{"@id":"#sso\/qv-height-px-1200"}]},{"@id":"#sso\/qv-width-px-1200","@context":"https:\/\/schema.org","@type":"QuantitativeValue","name":"Width","unitText":"px","unitCode":"E37","value":"1200"},{"@id":"#sso\/qv-height-px-1200","@context":"https:\/\/schema.org","@type":"QuantitativeValue","name":"Height","unitText":"px","unitCode":"E37","value":"1200"},{"@id":"\/wp-content\/uploads\/2017\/07\/19983731_1596141587077236_2811177427807282245_o-1200x900-cropped.jpg#sso\/image-object","@context":"https:\/\/schema.org","@type":"ImageObject","url":"https:\/\/tu11.fi\/taekwondo\/wp-content\/uploads\/2017\/07\/19983731_1596141587077236_2811177427807282245_o-1200x900-cropped.jpg","identifier":"6951-wpsso-schema-4x3","name":"19983731_1596141587077236_2811177427807282245_o  &ndash;...","alternateName":"19983731_1596141587077236_2811177427807282245_o  &ndash; Taekwondourheilijat 2011 | Taekwondoa parhaassa...","description":"No Description.","encodingFormat":"image\/jpeg","uploadDate":"2017-07-10T16:35:47+00:00","width":[{"@id":"#sso\/qv-width-px-1200"}],"height":[{"@id":"#sso\/qv-height-px-900"}]},{"@id":"#sso\/qv-height-px-900","@context":"https:\/\/schema.org","@type":"QuantitativeValue","name":"Height","unitText":"px","unitCode":"E37","value":"900"},{"@id":"\/wp-content\/uploads\/2017\/07\/19983731_1596141587077236_2811177427807282245_o-1200x675-cropped.jpg#sso\/image-object","@context":"https:\/\/schema.org","@type":"ImageObject","url":"https:\/\/tu11.fi\/taekwondo\/wp-content\/uploads\/2017\/07\/19983731_1596141587077236_2811177427807282245_o-1200x675-cropped.jpg","identifier":"6951-wpsso-schema-16x9","name":"19983731_1596141587077236_2811177427807282245_o  &ndash;...","alternateName":"19983731_1596141587077236_2811177427807282245_o  &ndash; Taekwondourheilijat 2011 | Taekwondoa parhaassa...","description":"No Description.","encodingFormat":"image\/jpeg","uploadDate":"2017-07-10T16:35:47+00:00","width":[{"@id":"#sso\/qv-width-px-1200"}],"height":[{"@id":"#sso\/qv-height-px-675"}]},{"@id":"#sso\/qv-height-px-675","@context":"https:\/\/schema.org","@type":"QuantitativeValue","name":"Height","unitText":"px","unitCode":"E37","value":"675"},{"@id":"\/2018\/02\/taekwondourheilijoiden-salikisat-24-2\/#sso\/breadcrumb.list\/etusivu","@context":"https:\/\/schema.org","@type":"BreadcrumbList","url":"https:\/\/tu11.fi\/taekwondo\/2018\/02\/taekwondourheilijoiden-salikisat-24-2\/","itemListElement":[{"@context":"https:\/\/schema.org","@type":"ListItem","position":1,"name":"Home","item":"https:\/\/tu11.fi\/taekwondo\/"},{"@context":"https:\/\/schema.org","@type":"ListItem","position":2,"name":"Etusivu Archives   Taekwondourheilijat 2011 | Taekwondoa parhaassa...","item":"https:\/\/tu11.fi\/taekwondo\/category\/etusivu\/"},{"@context":"https:\/\/schema.org","@type":"ListItem","position":3,"name":"Taekwondourheilijoiden salikisat 24.2.   Taekwondourheilijat 2011...","item":"https:\/\/tu11.fi\/taekwondo\/2018\/02\/taekwondourheilijoiden-salikisat-24-2\/"}]},{"@id":"\/2018\/02\/taekwondourheilijoiden-salikisat-24-2\/#sso\/breadcrumb.list\/slider","@context":"https:\/\/schema.org","@type":"BreadcrumbList","url":"https:\/\/tu11.fi\/taekwondo\/2018\/02\/taekwondourheilijoiden-salikisat-24-2\/","itemListElement":[{"@context":"https:\/\/schema.org","@type":"ListItem","position":1,"name":"Home","item":"https:\/\/tu11.fi\/taekwondo\/"},{"@context":"https:\/\/schema.org","@type":"ListItem","position":2,"name":"slider Archives   Taekwondourheilijat 2011 | Taekwondoa parhaassa...","item":"https:\/\/tu11.fi\/taekwondo\/category\/slider\/"},{"@context":"https:\/\/schema.org","@type":"ListItem","position":3,"name":"Taekwondourheilijoiden salikisat 24.2.   Taekwondourheilijat 2011...","item":"https:\/\/tu11.fi\/taekwondo\/2018\/02\/taekwondourheilijoiden-salikisat-24-2\/"}]},{"@id":"\/2018\/02\/taekwondourheilijoiden-salikisat-24-2\/#sso\/breadcrumb.list\/uutiskirje","@context":"https:\/\/schema.org","@type":"BreadcrumbList","url":"https:\/\/tu11.fi\/taekwondo\/2018\/02\/taekwondourheilijoiden-salikisat-24-2\/","itemListElement":[{"@context":"https:\/\/schema.org","@type":"ListItem","position":1,"name":"Home","item":"https:\/\/tu11.fi\/taekwondo\/"},{"@context":"https:\/\/schema.org","@type":"ListItem","position":2,"name":"Uutiskirje Archives   Taekwondourheilijat 2011 | Taekwondoa...","item":"https:\/\/tu11.fi\/taekwondo\/category\/uutiskirje\/"},{"@context":"https:\/\/schema.org","@type":"ListItem","position":3,"name":"Taekwondourheilijoiden salikisat 24.2.   Taekwondourheilijat 2011...","item":"https:\/\/tu11.fi\/taekwondo\/2018\/02\/taekwondourheilijoiden-salikisat-24-2\/"}]},{"@id":"\/2018\/02\/taekwondourheilijoiden-salikisat-24-2\/#sso\/breadcrumb.list\/yleinen","@context":"https:\/\/schema.org","@type":"BreadcrumbList","url":"https:\/\/tu11.fi\/taekwondo\/2018\/02\/taekwondourheilijoiden-salikisat-24-2\/","itemListElement":[{"@context":"https:\/\/schema.org","@type":"ListItem","position":1,"name":"Home","item":"https:\/\/tu11.fi\/taekwondo\/"},{"@context":"https:\/\/schema.org","@type":"ListItem","position":2,"name":"Yleinen Archives   Taekwondourheilijat 2011 | Taekwondoa parhaassa...","item":"https:\/\/tu11.fi\/taekwondo\/category\/yleinen\/"},{"@context":"https:\/\/schema.org","@type":"ListItem","position":3,"name":"Taekwondourheilijoiden salikisat 24.2.   Taekwondourheilijat 2011...","item":"https:\/\/tu11.fi\/taekwondo\/2018\/02\/taekwondourheilijoiden-salikisat-24-2\/"}]}]}],"parts":[["meta","name","generator","content","WPSSO Core 21.12.0\/L*","generator:1"],["meta","name","generator","content","WPSSO RAR 3.3.0\/S","generator:2"],["meta","name","generator","content","WPSSO REST 3.3.0\/S","generator:3"],["meta","name","generator","content","WPSSO BC 5.5.0\/S","generator:4"],["meta","name","generator","content","WPSSO FAQ 7.1.0\/S","generator:5"],["meta","name","generator","content","WPSSO OPM 5.1.0\/S","generator:6"],["meta","name","generator","content","WPSSO SSM 3.4.0\/S","generator:7"],["meta","name","generator","content","WPSSO TIE 4.1.0\/S","generator:8"],["meta","name","generator","content","WPSSO UM 7.3.0\/S","generator:9"],["meta","name","generator","content","WPSSO UL 4.3.0\/S","generator:10"],["link","rel","shortlink","href","https:\/\/tu11.fi\/taekwondo\/?p=7473",""],["meta","property","fb:app_id","content","966242223397117",""],["meta","property","og:time","content","2026-04-27T08:07:55+00:00",""],["meta","property","og:type","content","article",""],["meta","property","og:url","content","https:\/\/tu11.fi\/taekwondo\/2018\/02\/taekwondourheilijoiden-salikisat-24-2\/",""],["meta","property","og:locale","content","fi_FI",""],["meta","property","og:site_name","content","Taekwondourheilijat 2011 | Taekwondoa parhaassa seurassa | Helsinki | Espoo | Vantaa",""],["meta","property","og:title","content","Taekwondourheilijoiden salikisat 24.2.  &ndash; Taekwondourheilijat 2011...",""],["meta","property","og:description","content","Helmikuun salikisat avaavat kev&auml;&auml;n salikisaliigan. Tule mukaan ker&auml;&auml;m&auml;&auml;n kokemusta ja pit&auml;m&auml;&auml;n hauskaa!",""],["meta","property","og:updated_time","content","2018-02-14T09:56:02+00:00",""],["meta","property","og:image:secure_url","content","https:\/\/tu11.fi\/taekwondo\/wp-content\/uploads\/2017\/07\/19983731_1596141587077236_2811177427807282245_o-1200x630-cropped.jpg","og:image:1"],["meta","property","og:image:url","content","https:\/\/tu11.fi\/taekwondo\/wp-content\/uploads\/2017\/07\/19983731_1596141587077236_2811177427807282245_o-1200x630-cropped.jpg","og:image:1"],["meta","property","og:image","content","https:\/\/tu11.fi\/taekwondo\/wp-content\/uploads\/2017\/07\/19983731_1596141587077236_2811177427807282245_o-1200x630-cropped.jpg","og:image:1"],["meta","property","og:image:width","content","1200","og:image:1"],["meta","property","og:image:height","content","630","og:image:1"],["meta","property","og:image:cropped","content","true","og:image:1"],["meta","property","og:image:id","content","6951","og:image:1"],["meta","property","og:image:size_name","content","wpsso-opengraph","og:image:1"],["meta","name","schema:language","content","fi",""],["meta","name","schema:type:id","content","sports.team",""],["meta","name","schema:type:url","content","https:\/\/schema.org\/SportsTeam",""],["meta","name","schema:type:context","content","https:\/\/schema.org",""],["meta","name","schema:type:name","content","SportsTeam",""],["meta","name","schema:type:path","content","schema.org\/SportsTeam",""],["meta","property","article:section","content","Sport",""],["meta","property","article:author:name","content","Pauli Raivio",""],["meta","property","article:publisher","content","https:\/\/www.facebook.com\/TU11",""],["meta","property","article:tag","content","kisa","article:tag:1"],["meta","property","article:tag","content","kisat","article:tag:2"],["meta","property","article:tag","content","liiga","article:tag:3"],["meta","property","article:tag","content","ottelu","article:tag:4"],["meta","property","article:tag","content","salikisat","article:tag:5"],["meta","property","article:published_time","content","2018-02-13T09:09:31+00:00",""],["meta","property","article:modified_time","content","2018-02-14T09:56:02+00:00",""],["meta","property","article:reading_mins","content","1",""],["meta","name","twitter:domain","content","tu11.fi",""],["meta","name","twitter:site","content","@taekwondourh",""],["meta","name","twitter:title","content","Taekwondourheilijoiden salikisat 24.2.  &ndash; Taekwondourheilijat 2011...",""],["meta","name","twitter:description","content","Helmikuun salikisat avaavat kev&auml;&auml;n salikisaliigan. Tule mukaan ker&auml;&auml;m&auml;&auml;n kokemusta ja pit&auml;m&auml;&auml;n hauskaa!",""],["meta","name","twitter:card","content","summary_large_image",""],["meta","name","twitter:image","content","https:\/\/tu11.fi\/taekwondo\/wp-content\/uploads\/2017\/07\/19983731_1596141587077236_2811177427807282245_o-1200x630-cropped.jpg?p=7473",""],["meta","name","twitter:label1","content","Written by",""],["meta","name","twitter:data1","content","Pauli Raivio",""],["meta","name","twitter:label2","content","Est. reading time",""],["meta","name","twitter:data2","content","1 minute",""],["meta","name","author","content","Pauli Raivio",""],["meta","name","thumbnail","content","https:\/\/tu11.fi\/taekwondo\/wp-content\/uploads\/2017\/07\/19983731_1596141587077236_2811177427807282245_o-1200x630-cropped.jpg",""]]},"_links":{"self":[{"href":"https:\/\/tu11.fi\/taekwondo\/wp-json\/wp\/v2\/posts\/7473","targetHints":{"allow":["GET"]}}],"collection":[{"href":"https:\/\/tu11.fi\/taekwondo\/wp-json\/wp\/v2\/posts"}],"about":[{"href":"https:\/\/tu11.fi\/taekwondo\/wp-json\/wp\/v2\/types\/post"}],"author":[{"embeddable":true,"href":"https:\/\/tu11.fi\/taekwondo\/wp-json\/wp\/v2\/users\/7"}],"replies":[{"embeddable":true,"href":"https:\/\/tu11.fi\/taekwondo\/wp-json\/wp\/v2\/comments?post=7473"}],"version-history":[{"count":0,"href":"https:\/\/tu11.fi\/taekwondo\/wp-json\/wp\/v2\/posts\/7473\/revisions"}],"wp:featuredmedia":[{"embeddable":true,"href":"https:\/\/tu11.fi\/taekwondo\/wp-json\/wp\/v2\/media\/6951"}],"wp:attachment":[{"href":"https:\/\/tu11.fi\/taekwondo\/wp-json\/wp\/v2\/media?parent=7473"}],"wp:term":[{"taxonomy":"category","embeddable":true,"href":"https:\/\/tu11.fi\/taekwondo\/wp-json\/wp\/v2\/categories?post=7473"},{"taxonomy":"post_tag","embeddable":true,"href":"https:\/\/tu11.fi\/taekwondo\/wp-json\/wp\/v2\/tags?post=7473"}],"curies":[{"name":"wp","href":"https:\/\/api.w.org\/{rel}","templated":true}]}}