{"id":8827,"date":"2018-06-15T11:52:20","date_gmt":"2018-06-15T11:52:20","guid":{"rendered":"http:\/\/www.taekwondourheilijat.fi\/taekwondo\/?p=7757"},"modified":"2018-06-15T11:52:20","modified_gmt":"2018-06-15T11:52:20","slug":"%e6%9d%82%e6%8a%80%e8%bf%b7%e4%bd%a0%e8%90%a5-26-27-6","status":"publish","type":"post","link":"https:\/\/tu11.fi\/taekwondo\/zh\/2018\/06\/akrobatia-aiheinen-minileiri-26-27-6\/","title":{"rendered":"6 \u6708 26 \u65e5\u81f3 27 \u65e5\u4e3e\u529e\u6742\u6280\u4e3b\u9898\u8ff7\u4f60\u8425\u3002"},"content":{"rendered":"<p>\u6211\u4eec\u4ff1\u4e50\u90e8\u7684\u524d\u8fd0\u52a8\u5458 Havu Palviainen \u5728\u590f\u5b63\u6307\u5bfc\u4e00\u4e2a\u5c0f\u578b\u6742\u6280\u8bad\u7ec3\u8425\uff0c\u5373\u4ef2\u590f\u8282\u540e\u7684\u4e00\u5468\uff0c\u5468\u4e8c\u81f3\u5468\u4e09 <strong>26.-27.6.<\/strong>\uff0c\u8fd9\u4e24\u5929\u90fd\u5728 <strong>15:30-17:00.\u00a0<\/strong>\u8425\u5730\u7684\u4ef7\u683c\u53ea\u670910\u6b27\u5143\uff0c\u6240\u4ee5\u4ef7\u683c\u5bf9\u4e8e\u4efb\u4f55\u4eba\u6765\u8bf4\u90fd\u4e0d\u662f\u969c\u788d\u3002\u8fd9\u4e9b\u7ec3\u4e60\u9002\u5408\u5404\u4e2a\u7ea7\u522b\u7684\u7231\u597d\u8005\uff0c\u5c3d\u7ba1\u638c\u63e1\u57fa\u672c\u7684\u8eab\u4f53\u6280\u80fd\u4e5f\u6709\u597d\u5904\u3002<\/p>\n<p>Havu\u76ee\u524d\u5728\u56fe\u5c14\u5e93\u5b66\u4e60\u9a6c\u620f\uff0c\u957f\u671f\u4ece\u4e8b\u6742\u6280\u8bad\u7ec3\uff0c\u6240\u4ee5\u80af\u5b9a\u4f1a\u6709\u591a\u624d\u591a\u827a\u4e14\u4e13\u4e1a\u7684\u6307\u5bfc\u3002 Havu \u5728\u8dc6\u62f3\u9053\u548c\u4f53\u80b2\u65b9\u9762\u4e5f\u6709\u6df1\u539a\u7684\u80cc\u666f\uff1b\u9664\u5176\u4ed6\u5916\uff0c\u4f8b\u5982\u6bd4\u8d5b\u4e2d\u83b7\u5f97\u6b27\u6d32\u96ea\u6a47\u9526\u6807\u8d5b\u548c\u5317\u6b27\u96ea\u6a47\u9526\u6807\u8d5b\u7b2c\u4e94\u540d\u3002<\/p>\n<p>\u4e0d\u8981\u9519\u8fc7\u8fd9\u4e2a\u6d3b\u52a8\uff01<\/p>\n<p>\u901a\u8fc7\u53d1\u9001\u6d88\u606f\u5230\u5730\u5740\u8fdb\u884c\u6ce8\u518c <a href=\"mailto:info@tu11.fi\">info@tu11.fi<\/a><\/p>","protected":false},"excerpt":{"rendered":"<p>\u6211\u4eec\u4ff1\u4e50\u90e8\u7684\u524d\u8fd0\u52a8\u5458\u54c8\u6b66\u00b7\u5e15\u5c14\u7ef4\u5b81 (Havu Palviainen) \u5c06\u5728\u4ef2\u590f\u540e\u4e00\u5468\uff086 \u6708 26 \u65e5\u81f3 27 \u65e5\u661f\u671f\u4e8c\u81f3\u661f\u671f\u4e09\uff0c\u4e24\u5929 15:30 \u81f3 17:00\uff09\u6307\u5bfc\u4e00\u4e2a\u5c0f\u578b\u6742\u6280\u8bad\u7ec3\u8425\u3002\u8425\u5730\u7684\u4ef7\u683c\u53ea\u670910\u6b27\u5143\uff0c\u6240\u4ee5\u4ef7\u683c\u5bf9\u4e8e\u4efb\u4f55\u4eba\u6765\u8bf4\u90fd\u4e0d\u662f\u969c\u788d\u3002\u8fd9\u4e9b\u7ec3\u4e60\u9002\u5408\u5404\u4e2a\u7ea7\u522b\u7684\u7231\u597d\u8005\uff0c\u5c3d\u7ba1\u638c\u63e1\u57fa\u672c\u7684\u8eab\u4f53\u6280\u80fd\u4e5f\u6709\u597d\u5904\u3002 Havu\u76ee\u524d\u5728\u56fe\u5c14\u5e93\u5b66\u4e60\u9a6c\u620f\uff0c\u957f\u671f\u4ece\u4e8b\u6742\u6280\u8bad\u7ec3\uff0c\u6240\u4ee5\u591a\u624d\u591a\u827a\u4e14\u4e13\u4e1a\u7684\u6307\u5bfc...<\/p>","protected":false},"author":7,"featured_media":3443,"comment_status":"closed","ping_status":"closed","sticky":false,"template":"templates\/template-cover.php","format":"standard","meta":{"footnotes":""},"categories":[4,438,1],"tags":[],"class_list":["post-8827","post","type-post","status-publish","format-standard","has-post-thumbnail","hentry","category-etusivu","category-uutiskirje","category-yleinen"],"yoast_head":"<!-- This site is optimized with the Yoast SEO plugin v27.4 - https:\/\/yoast.com\/product\/yoast-seo-wordpress\/ -->\n<title>Akrobatia-aiheinen minileiri 26.-27.6. - Taekwondourheilijat 2011 | Taekwondoa parhaassa seurassa | Helsinki | Espoo | Vantaa<\/title>\n<meta name=\"description\" content=\"Taekwondourheilijat j\u00e4rjest\u00e4\u00e4 juhannuksen j\u00e4lkeisell\u00e4 viikolla akrobatia-aiheisen minileirin 26.-27.6. Ilmoittaudu sin\u00e4kin mukaan!\" \/>\n<meta name=\"robots\" content=\"index, follow, max-snippet:-1, max-image-preview:large, max-video-preview:-1\" \/>\n<link rel=\"canonical\" href=\"https:\/\/tu11.fi\/taekwondo\/zh\/2018\/06\/\u6742\u6280\u8ff7\u4f60\u8425-26-27-6\/\" \/>\n<script type=\"application\/ld+json\" class=\"yoast-schema-graph\">{\"@context\":\"https:\\\/\\\/schema.org\",\"@graph\":[]}<\/script>\n<!-- \/ Yoast SEO plugin. -->","yoast_head_json":{"title":"Akrobatia-aiheinen minileiri 26.-27.6. - Taekwondourheilijat 2011 | Taekwondoa parhaassa seurassa | Helsinki | Espoo | Vantaa","description":"\u4ef2\u590f\u8282\u8fc7\u540e\u4e00\u5468\uff0c\u8dc6\u62f3\u9053\u8fd0\u52a8\u5458\u4e8e 6 \u6708 26 \u65e5\u81f3 27 \u65e5\u7ec4\u7ec7\u6742\u6280\u4e3b\u9898\u8ff7\u4f60\u8bad\u7ec3\u8425\u3002\u4f60\u4e5f\u6765\u62a5\u540d\u5427\uff01","robots":{"index":"index","follow":"follow","max-snippet":"max-snippet:-1","max-image-preview":"max-image-preview:large","max-video-preview":"max-video-preview:-1"},"canonical":"https:\/\/tu11.fi\/taekwondo\/zh\/2018\/06\/\u6742\u6280\u8ff7\u4f60\u8425-26-27-6\/","schema":{"@context":"https:\/\/schema.org","@graph":[]}},"amp_enabled":true,"head":{"html":["<meta name=\"wpsso-begin\" content=\"wpsso structured data begin\"\/>\n","<!-- generator:1 --><meta name=\"generator\" content=\"WPSSO Core 21.13.2\/L*\"\/>\n","<!-- generator:2 --><meta name=\"generator\" content=\"WPSSO RAR 3.3.0\/S\"\/>\n","<!-- generator:3 --><meta name=\"generator\" content=\"WPSSO REST 3.3.0\/S\"\/>\n","<!-- generator:4 --><meta name=\"generator\" content=\"WPSSO BC 5.5.0\/S\"\/>\n","<!-- generator:5 --><meta name=\"generator\" content=\"WPSSO FAQ 7.1.0\/S\"\/>\n","<!-- generator:6 --><meta name=\"generator\" content=\"WPSSO OPM 5.1.0\/S\"\/>\n","<!-- generator:7 --><meta name=\"generator\" content=\"WPSSO SSM 3.4.0\/S\"\/>\n","<!-- generator:8 --><meta name=\"generator\" content=\"WPSSO TIE 4.1.0\/S\"\/>\n","<!-- generator:9 --><meta name=\"generator\" content=\"WPSSO UM 7.3.0\/S\"\/>\n","<!-- generator:10 --><meta name=\"generator\" content=\"WPSSO UL 4.3.0\/S\"\/>\n","<link rel=\"shortlink\" href=\"https:\/\/tu11.fi\/taekwondo\/zh\/?p=8827\"\/>\n","<meta property=\"fb:app_id\" content=\"966242223397117\"\/>\n","<meta property=\"og:type\" content=\"article\"\/>\n","<meta property=\"og:url\" content=\"https:\/\/tu11.fi\/taekwondo\/zh\/2018\/06\/akrobatia-aiheinen-minileiri-26-27-6\/\"\/>\n","<meta property=\"og:locale\" content=\"zh_CN\"\/>\n","<meta property=\"og:site_name\" content=\"Taekwondourheilijat 2011 | Taekwondoa parhaassa seurassa | Helsinki | Espoo | Vantaa\"\/>\n","<meta property=\"og:title\" content=\"Akrobatia-aiheinen minileiri 26.-27.6.  &ndash; Taekwondourheilijat 2011...\"\/>\n","<meta property=\"og:description\" content=\"Taekwondourheilijat j&auml;rjest&auml;&auml; juhannuksen j&auml;lkeisell&auml; viikolla akrobatia-aiheisen minileirin 26.-27.6. Ilmoittaudu sin&auml;kin mukaan!\"\/>\n","<meta property=\"og:updated_time\" content=\"2018-06-15T11:52:20+00:00\"\/>\n","<!-- og:image:1 --><meta property=\"og:image\" content=\"https:\/\/tu11.fi\/taekwondo\/wp-content\/uploads\/2013\/08\/bannerista_kuvaksi-1200x630-cropped.jpg\"\/>\n","<!-- og:image:1 --><meta property=\"og:image:width\" content=\"1200\"\/>\n","<!-- og:image:1 --><meta property=\"og:image:height\" content=\"630\"\/>\n","<!-- og:image:1 --><meta property=\"og:image:alt\" content=\"Aloita taekwondo!\"\/>\n","<meta property=\"article:section\" content=\"Sport\"\/>\n","<meta property=\"article:publisher\" content=\"https:\/\/www.facebook.com\/TU11\"\/>\n","<meta property=\"article:published_time\" content=\"2018-06-15T11:52:20+00:00\"\/>\n","<meta property=\"article:modified_time\" content=\"2018-06-15T11:52:20+00:00\"\/>\n","<meta name=\"twitter:domain\" content=\"tu11.fi\"\/>\n","<meta name=\"twitter:site\" content=\"@taekwondourh\"\/>\n","<meta name=\"twitter:title\" content=\"Akrobatia-aiheinen minileiri 26.-27.6.  &ndash; Taekwondourheilijat 2011...\"\/>\n","<meta name=\"twitter:description\" content=\"Taekwondourheilijat j&auml;rjest&auml;&auml; juhannuksen j&auml;lkeisell&auml; viikolla akrobatia-aiheisen minileirin 26.-27.6. Ilmoittaudu sin&auml;kin mukaan!\"\/>\n","<meta name=\"twitter:card\" content=\"summary\"\/>\n","<meta name=\"twitter:image\" content=\"https:\/\/tu11.fi\/taekwondo\/wp-content\/uploads\/2023\/04\/petteri_tu11-kopio-5-1200x1200-cropped.jpg\"\/>\n","<meta name=\"twitter:label1\" content=\"Written by\"\/>\n","<meta name=\"twitter:data1\" content=\"Pauli Raivio\"\/>\n","<meta name=\"author\" content=\"Pauli Raivio\"\/>\n","<meta name=\"thumbnail\" content=\"https:\/\/tu11.fi\/taekwondo\/wp-content\/uploads\/2013\/08\/bannerista_kuvaksi-1200x630-cropped.jpg\"\/>\n","<script type=\"application\/ld+json\" id=\"wpsso-schema-graph\">{\n    \"@context\": \"https:\/\/schema.org\",\n    \"@graph\": [\n        {\n            \"@id\": \"#sso\/knowledge-graph\/sports-team\/8827\",\n            \"@context\": \"https:\/\/schema.org\",\n            \"@type\": \"SportsTeam\",\n            \"mainEntityOfPage\": \"https:\/\/tu11.fi\/taekwondo\/zh\/2018\/06\/akrobatia-aiheinen-minileiri-26-27-6\/\",\n            \"url\": \"https:\/\/tu11.fi\/taekwondo\/zh\/2018\/06\/akrobatia-aiheinen-minileiri-26-27-6\/\",\n            \"sameAs\": [\n                \"https:\/\/tu11.fi\/taekwondo\/zh\/?p=8827\"\n            ],\n            \"name\": \"Akrobatia-aiheinen minileiri 26.-27.6.  &ndash; Taekwondourheilijat 2011...\",\n            \"alternateName\": \"Akrobatia-aiheinen minileiri 26.-27.6.  &ndash; Taekwondourheilijat 2011 | Taekwondoa parhaassa seurassa |...\",\n            \"description\": \"Taekwondourheilijat j&auml;rjest&auml;&auml; juhannuksen j&auml;lkeisell&auml; viikolla akrobatia-aiheisen minileirin 26.-27.6. Ilmoittaudu sin&auml;kin mukaan!\",\n            \"image\": [\n                {\n                    \"@id\": \"https:\/\/tu11.fi\/taekwondo\/wp-content\/uploads\/2023\/04\/petteri_tu11-kopio-5-1200x1200-cropped.jpg#sso\/image-object\"\n                },\n                {\n                    \"@id\": \"https:\/\/tu11.fi\/taekwondo\/wp-content\/uploads\/2023\/04\/petteri_tu11-kopio-5-1200x900-cropped.jpg#sso\/image-object\"\n                },\n                {\n                    \"@id\": \"https:\/\/tu11.fi\/taekwondo\/wp-content\/uploads\/2023\/04\/petteri_tu11-kopio-5-1200x675-cropped.jpg#sso\/image-object\"\n                },\n                {\n                    \"@id\": \"https:\/\/tu11.fi\/taekwondo\/wp-content\/uploads\/2013\/08\/bannerista_kuvaksi-1200x630-cropped.jpg#sso\/image-object\"\n                }\n            ]\n        },\n        {\n            \"@id\": \"https:\/\/tu11.fi\/taekwondo\/wp-content\/uploads\/2023\/04\/petteri_tu11-kopio-5-1200x1200-cropped.jpg#sso\/image-object\",\n            \"@context\": \"https:\/\/schema.org\",\n            \"@type\": \"ImageObject\",\n            \"url\": \"https:\/\/tu11.fi\/taekwondo\/wp-content\/uploads\/2023\/04\/petteri_tu11-kopio-5-1200x1200-cropped.jpg\",\n            \"identifier\": \"14771-wpsso-schema-1x1\",\n            \"name\": \"petteri_tu11-kopio-5  &ndash; Taekwondourheilijat 2011 | Taekwondoa...\",\n            \"alternateName\": \"petteri_tu11-kopio-5  &ndash; Taekwondourheilijat 2011 | Taekwondoa parhaassa seurassa | Helsinki | Espoo | Vantaa\",\n            \"description\": \"No Description.\",\n            \"encodingFormat\": \"image\/jpeg\",\n            \"uploadDate\": \"2023-09-22T07:10:24+00:00\",\n            \"width\": [\n                {\n                    \"@id\": \"#sso\/qv-width-px-1200\"\n                }\n            ],\n            \"height\": [\n                {\n                    \"@id\": \"#sso\/qv-height-px-1200\"\n                }\n            ]\n        },\n        {\n            \"@id\": \"#sso\/qv-width-px-1200\",\n            \"@context\": \"https:\/\/schema.org\",\n            \"@type\": \"QuantitativeValue\",\n            \"name\": \"Width\",\n            \"unitText\": \"px\",\n            \"unitCode\": \"E37\",\n            \"value\": \"1200\"\n        },\n        {\n            \"@id\": \"#sso\/qv-height-px-1200\",\n            \"@context\": \"https:\/\/schema.org\",\n            \"@type\": \"QuantitativeValue\",\n            \"name\": \"Height\",\n            \"unitText\": \"px\",\n            \"unitCode\": \"E37\",\n            \"value\": \"1200\"\n        },\n        {\n            \"@id\": \"https:\/\/tu11.fi\/taekwondo\/wp-content\/uploads\/2023\/04\/petteri_tu11-kopio-5-1200x900-cropped.jpg#sso\/image-object\",\n            \"@context\": \"https:\/\/schema.org\",\n            \"@type\": \"ImageObject\",\n            \"url\": \"https:\/\/tu11.fi\/taekwondo\/wp-content\/uploads\/2023\/04\/petteri_tu11-kopio-5-1200x900-cropped.jpg\",\n            \"identifier\": \"14771-wpsso-schema-4x3\",\n            \"name\": \"petteri_tu11-kopio-5  &ndash; Taekwondourheilijat 2011 | Taekwondoa...\",\n            \"alternateName\": \"petteri_tu11-kopio-5  &ndash; Taekwondourheilijat 2011 | Taekwondoa parhaassa seurassa | Helsinki | Espoo | Vantaa\",\n            \"description\": \"No Description.\",\n            \"encodingFormat\": \"image\/jpeg\",\n            \"uploadDate\": \"2023-09-22T07:10:24+00:00\",\n            \"width\": [\n                {\n                    \"@id\": \"#sso\/qv-width-px-1200\"\n                }\n            ],\n            \"height\": [\n                {\n                    \"@id\": \"#sso\/qv-height-px-900\"\n                }\n            ]\n        },\n        {\n            \"@id\": \"#sso\/qv-height-px-900\",\n            \"@context\": \"https:\/\/schema.org\",\n            \"@type\": \"QuantitativeValue\",\n            \"name\": \"Height\",\n            \"unitText\": \"px\",\n            \"unitCode\": \"E37\",\n            \"value\": \"900\"\n        },\n        {\n            \"@id\": \"https:\/\/tu11.fi\/taekwondo\/wp-content\/uploads\/2023\/04\/petteri_tu11-kopio-5-1200x675-cropped.jpg#sso\/image-object\",\n            \"@context\": \"https:\/\/schema.org\",\n            \"@type\": \"ImageObject\",\n            \"url\": \"https:\/\/tu11.fi\/taekwondo\/wp-content\/uploads\/2023\/04\/petteri_tu11-kopio-5-1200x675-cropped.jpg\",\n            \"identifier\": \"14771-wpsso-schema-16x9\",\n            \"name\": \"petteri_tu11-kopio-5  &ndash; Taekwondourheilijat 2011 | Taekwondoa...\",\n            \"alternateName\": \"petteri_tu11-kopio-5  &ndash; Taekwondourheilijat 2011 | Taekwondoa parhaassa seurassa | Helsinki | Espoo | Vantaa\",\n            \"description\": \"No Description.\",\n            \"encodingFormat\": \"image\/jpeg\",\n            \"uploadDate\": \"2023-09-22T07:10:24+00:00\",\n            \"width\": [\n                {\n                    \"@id\": \"#sso\/qv-width-px-1200\"\n                }\n            ],\n            \"height\": [\n                {\n                    \"@id\": \"#sso\/qv-height-px-675\"\n                }\n            ]\n        },\n        {\n            \"@id\": \"#sso\/qv-height-px-675\",\n            \"@context\": \"https:\/\/schema.org\",\n            \"@type\": \"QuantitativeValue\",\n            \"name\": \"Height\",\n            \"unitText\": \"px\",\n            \"unitCode\": \"E37\",\n            \"value\": \"675\"\n        },\n        {\n            \"@id\": \"https:\/\/tu11.fi\/taekwondo\/wp-content\/uploads\/2013\/08\/bannerista_kuvaksi-1200x630-cropped.jpg#sso\/image-object\",\n            \"@context\": \"https:\/\/schema.org\",\n            \"@type\": \"ImageObject\",\n            \"url\": \"https:\/\/tu11.fi\/taekwondo\/wp-content\/uploads\/2013\/08\/bannerista_kuvaksi-1200x630-cropped.jpg\",\n            \"identifier\": \"3443-wpsso-thumbnail\",\n            \"name\": \"Aloita taekwondo!  &ndash; Taekwondourheilijat 2011 | Taekwondoa...\",\n            \"alternateName\": \"Aloita taekwondo!  &ndash; Taekwondourheilijat 2011 | Taekwondoa parhaassa seurassa | Helsinki | Espoo | Vantaa\",\n            \"alternativeHeadline\": \"Aloita taekwondo!\",\n            \"description\": \"Aloita taekwondo!\",\n            \"encodingFormat\": \"image\/jpeg\",\n            \"uploadDate\": \"2013-08-06T06:38:58+00:00\",\n            \"width\": [\n                {\n                    \"@id\": \"#sso\/qv-width-px-1200\"\n                }\n            ],\n            \"height\": [\n                {\n                    \"@id\": \"#sso\/qv-height-px-630\"\n                }\n            ]\n        },\n        {\n            \"@id\": \"#sso\/qv-height-px-630\",\n            \"@context\": \"https:\/\/schema.org\",\n            \"@type\": \"QuantitativeValue\",\n            \"name\": \"Height\",\n            \"unitText\": \"px\",\n            \"unitCode\": \"E37\",\n            \"value\": \"630\"\n        },\n        {\n            \"@id\": \"\/2018\/06\/akrobatia-aiheinen-minileiri-26-27-6\/#sso\/breadcrumb.list\/yleinen\",\n            \"@context\": \"https:\/\/schema.org\",\n            \"@type\": \"BreadcrumbList\",\n            \"url\": \"https:\/\/tu11.fi\/taekwondo\/zh\/2018\/06\/akrobatia-aiheinen-minileiri-26-27-6\/\",\n            \"itemListElement\": [\n                {\n                    \"@context\": \"https:\/\/schema.org\",\n                    \"@type\": \"ListItem\",\n                    \"position\": 1,\n                    \"name\": \"Home\",\n                    \"item\": \"https:\/\/tu11.fi\/taekwondo\/zh\/\"\n                },\n                {\n                    \"@context\": \"https:\/\/schema.org\",\n                    \"@type\": \"ListItem\",\n                    \"position\": 2,\n                    \"name\": \"Blog\",\n                    \"item\": \"https:\/\/tu11.fi\/taekwondo\/\"\n                },\n                {\n                    \"@context\": \"https:\/\/schema.org\",\n                    \"@type\": \"ListItem\",\n                    \"position\": 3,\n                    \"name\": \"Yleinen Archives   Taekwondourheilijat 2011 | Taekwondoa parhaassa...\",\n                    \"item\": \"https:\/\/tu11.fi\/taekwondo\/zh\/category\/yleinen\/\"\n                },\n                {\n                    \"@context\": \"https:\/\/schema.org\",\n                    \"@type\": \"ListItem\",\n                    \"position\": 4,\n                    \"name\": \"Akrobatia-aiheinen minileiri 26.-27.6.   Taekwondourheilijat 2011...\",\n                    \"item\": \"https:\/\/tu11.fi\/taekwondo\/zh\/2018\/06\/akrobatia-aiheinen-minileiri-26-27-6\/\"\n                }\n            ]\n        },\n        {\n            \"@id\": \"\/2018\/06\/akrobatia-aiheinen-minileiri-26-27-6\/#sso\/breadcrumb.list\/etusivu\",\n            \"@context\": \"https:\/\/schema.org\",\n            \"@type\": \"BreadcrumbList\",\n            \"url\": \"https:\/\/tu11.fi\/taekwondo\/zh\/2018\/06\/akrobatia-aiheinen-minileiri-26-27-6\/\",\n            \"itemListElement\": [\n                {\n                    \"@context\": \"https:\/\/schema.org\",\n                    \"@type\": \"ListItem\",\n                    \"position\": 1,\n                    \"name\": \"Home\",\n                    \"item\": \"https:\/\/tu11.fi\/taekwondo\/zh\/\"\n                },\n                {\n                    \"@context\": \"https:\/\/schema.org\",\n                    \"@type\": \"ListItem\",\n                    \"position\": 2,\n                    \"name\": \"Blog\",\n                    \"item\": \"https:\/\/tu11.fi\/taekwondo\/\"\n                },\n                {\n                    \"@context\": \"https:\/\/schema.org\",\n                    \"@type\": \"ListItem\",\n                    \"position\": 3,\n                    \"name\": \"Etusivu Archives   Taekwondourheilijat 2011 | Taekwondoa parhaassa...\",\n                    \"item\": \"https:\/\/tu11.fi\/taekwondo\/zh\/category\/etusivu\/\"\n                },\n                {\n                    \"@context\": \"https:\/\/schema.org\",\n                    \"@type\": \"ListItem\",\n                    \"position\": 4,\n                    \"name\": \"Akrobatia-aiheinen minileiri 26.-27.6.   Taekwondourheilijat 2011...\",\n                    \"item\": \"https:\/\/tu11.fi\/taekwondo\/zh\/2018\/06\/akrobatia-aiheinen-minileiri-26-27-6\/\"\n                }\n            ]\n        },\n        {\n            \"@id\": \"\/2018\/06\/akrobatia-aiheinen-minileiri-26-27-6\/#sso\/breadcrumb.list\/uutiskirje\",\n            \"@context\": \"https:\/\/schema.org\",\n            \"@type\": \"BreadcrumbList\",\n            \"url\": \"https:\/\/tu11.fi\/taekwondo\/zh\/2018\/06\/akrobatia-aiheinen-minileiri-26-27-6\/\",\n            \"itemListElement\": [\n                {\n                    \"@context\": \"https:\/\/schema.org\",\n                    \"@type\": \"ListItem\",\n                    \"position\": 1,\n                    \"name\": \"Home\",\n                    \"item\": \"https:\/\/tu11.fi\/taekwondo\/zh\/\"\n                },\n                {\n                    \"@context\": \"https:\/\/schema.org\",\n                    \"@type\": \"ListItem\",\n                    \"position\": 2,\n                    \"name\": \"Blog\",\n                    \"item\": \"https:\/\/tu11.fi\/taekwondo\/\"\n                },\n                {\n                    \"@context\": \"https:\/\/schema.org\",\n                    \"@type\": \"ListItem\",\n                    \"position\": 3,\n                    \"name\": \"Uutiskirje Archives   Taekwondourheilijat 2011 | Taekwondoa...\",\n                    \"item\": \"https:\/\/tu11.fi\/taekwondo\/zh\/category\/uutiskirje\/\"\n                },\n                {\n                    \"@context\": \"https:\/\/schema.org\",\n                    \"@type\": \"ListItem\",\n                    \"position\": 4,\n                    \"name\": \"Akrobatia-aiheinen minileiri 26.-27.6.   Taekwondourheilijat 2011...\",\n                    \"item\": \"https:\/\/tu11.fi\/taekwondo\/zh\/2018\/06\/akrobatia-aiheinen-minileiri-26-27-6\/\"\n                }\n            ]\n        }\n    ]\n}<\/script>\n","<meta name=\"wpsso-end\" content=\"wpsso structured data end\"\/>\n","<meta name=\"wpsso-cached\" content=\"no cache for tu11.fi\/taekwondo\"\/>\n"],"json":[{"@context":"https:\/\/schema.org","@graph":[{"@id":"#sso\/knowledge-graph\/sports-team\/8827","@context":"https:\/\/schema.org","@type":"SportsTeam","mainEntityOfPage":"https:\/\/tu11.fi\/taekwondo\/zh\/2018\/06\/akrobatia-aiheinen-minileiri-26-27-6\/","url":"https:\/\/tu11.fi\/taekwondo\/zh\/2018\/06\/akrobatia-aiheinen-minileiri-26-27-6\/","sameAs":["https:\/\/tu11.fi\/taekwondo\/zh\/?p=8827"],"name":"Akrobatia-aiheinen minileiri 26.-27.6.  &ndash; Taekwondourheilijat 2011...","alternateName":"Akrobatia-aiheinen minileiri 26.-27.6.  &ndash; Taekwondourheilijat 2011 | Taekwondoa parhaassa seurassa |...","description":"Taekwondourheilijat j&auml;rjest&auml;&auml; juhannuksen j&auml;lkeisell&auml; viikolla akrobatia-aiheisen minileirin 26.-27.6. Ilmoittaudu sin&auml;kin mukaan!","image":[{"@id":"https:\/\/tu11.fi\/taekwondo\/wp-content\/uploads\/2023\/04\/petteri_tu11-kopio-5-1200x1200-cropped.jpg#sso\/image-object"},{"@id":"https:\/\/tu11.fi\/taekwondo\/wp-content\/uploads\/2023\/04\/petteri_tu11-kopio-5-1200x900-cropped.jpg#sso\/image-object"},{"@id":"https:\/\/tu11.fi\/taekwondo\/wp-content\/uploads\/2023\/04\/petteri_tu11-kopio-5-1200x675-cropped.jpg#sso\/image-object"},{"@id":"https:\/\/tu11.fi\/taekwondo\/wp-content\/uploads\/2013\/08\/bannerista_kuvaksi-1200x630-cropped.jpg#sso\/image-object"}]},{"@id":"https:\/\/tu11.fi\/taekwondo\/wp-content\/uploads\/2023\/04\/petteri_tu11-kopio-5-1200x1200-cropped.jpg#sso\/image-object","@context":"https:\/\/schema.org","@type":"ImageObject","url":"https:\/\/tu11.fi\/taekwondo\/wp-content\/uploads\/2023\/04\/petteri_tu11-kopio-5-1200x1200-cropped.jpg","identifier":"14771-wpsso-schema-1x1","name":"petteri_tu11-kopio-5  &ndash; Taekwondourheilijat 2011 | Taekwondoa...","alternateName":"petteri_tu11-kopio-5  &ndash; Taekwondourheilijat 2011 | Taekwondoa parhaassa seurassa | Helsinki | Espoo | Vantaa","description":"No Description.","encodingFormat":"image\/jpeg","uploadDate":"2023-09-22T07:10:24+00:00","width":[{"@id":"#sso\/qv-width-px-1200"}],"height":[{"@id":"#sso\/qv-height-px-1200"}]},{"@id":"#sso\/qv-width-px-1200","@context":"https:\/\/schema.org","@type":"QuantitativeValue","name":"Width","unitText":"px","unitCode":"E37","value":"1200"},{"@id":"#sso\/qv-height-px-1200","@context":"https:\/\/schema.org","@type":"QuantitativeValue","name":"Height","unitText":"px","unitCode":"E37","value":"1200"},{"@id":"https:\/\/tu11.fi\/taekwondo\/wp-content\/uploads\/2023\/04\/petteri_tu11-kopio-5-1200x900-cropped.jpg#sso\/image-object","@context":"https:\/\/schema.org","@type":"ImageObject","url":"https:\/\/tu11.fi\/taekwondo\/wp-content\/uploads\/2023\/04\/petteri_tu11-kopio-5-1200x900-cropped.jpg","identifier":"14771-wpsso-schema-4x3","name":"petteri_tu11-kopio-5  &ndash; Taekwondourheilijat 2011 | Taekwondoa...","alternateName":"petteri_tu11-kopio-5  &ndash; Taekwondourheilijat 2011 | Taekwondoa parhaassa seurassa | Helsinki | Espoo | Vantaa","description":"No Description.","encodingFormat":"image\/jpeg","uploadDate":"2023-09-22T07:10:24+00:00","width":[{"@id":"#sso\/qv-width-px-1200"}],"height":[{"@id":"#sso\/qv-height-px-900"}]},{"@id":"#sso\/qv-height-px-900","@context":"https:\/\/schema.org","@type":"QuantitativeValue","name":"Height","unitText":"px","unitCode":"E37","value":"900"},{"@id":"https:\/\/tu11.fi\/taekwondo\/wp-content\/uploads\/2023\/04\/petteri_tu11-kopio-5-1200x675-cropped.jpg#sso\/image-object","@context":"https:\/\/schema.org","@type":"ImageObject","url":"https:\/\/tu11.fi\/taekwondo\/wp-content\/uploads\/2023\/04\/petteri_tu11-kopio-5-1200x675-cropped.jpg","identifier":"14771-wpsso-schema-16x9","name":"petteri_tu11-kopio-5  &ndash; Taekwondourheilijat 2011 | Taekwondoa...","alternateName":"petteri_tu11-kopio-5  &ndash; Taekwondourheilijat 2011 | Taekwondoa parhaassa seurassa | Helsinki | Espoo | Vantaa","description":"No Description.","encodingFormat":"image\/jpeg","uploadDate":"2023-09-22T07:10:24+00:00","width":[{"@id":"#sso\/qv-width-px-1200"}],"height":[{"@id":"#sso\/qv-height-px-675"}]},{"@id":"#sso\/qv-height-px-675","@context":"https:\/\/schema.org","@type":"QuantitativeValue","name":"Height","unitText":"px","unitCode":"E37","value":"675"},{"@id":"https:\/\/tu11.fi\/taekwondo\/wp-content\/uploads\/2013\/08\/bannerista_kuvaksi-1200x630-cropped.jpg#sso\/image-object","@context":"https:\/\/schema.org","@type":"ImageObject","url":"https:\/\/tu11.fi\/taekwondo\/wp-content\/uploads\/2013\/08\/bannerista_kuvaksi-1200x630-cropped.jpg","identifier":"3443-wpsso-thumbnail","name":"Aloita taekwondo!  &ndash; Taekwondourheilijat 2011 | Taekwondoa...","alternateName":"Aloita taekwondo!  &ndash; Taekwondourheilijat 2011 | Taekwondoa parhaassa seurassa | Helsinki | Espoo | Vantaa","alternativeHeadline":"Aloita taekwondo!","description":"Aloita taekwondo!","encodingFormat":"image\/jpeg","uploadDate":"2013-08-06T06:38:58+00:00","width":[{"@id":"#sso\/qv-width-px-1200"}],"height":[{"@id":"#sso\/qv-height-px-630"}]},{"@id":"#sso\/qv-height-px-630","@context":"https:\/\/schema.org","@type":"QuantitativeValue","name":"Height","unitText":"px","unitCode":"E37","value":"630"},{"@id":"\/2018\/06\/akrobatia-aiheinen-minileiri-26-27-6\/#sso\/breadcrumb.list\/yleinen","@context":"https:\/\/schema.org","@type":"BreadcrumbList","url":"https:\/\/tu11.fi\/taekwondo\/zh\/2018\/06\/akrobatia-aiheinen-minileiri-26-27-6\/","itemListElement":[{"@context":"https:\/\/schema.org","@type":"ListItem","position":1,"name":"Home","item":"https:\/\/tu11.fi\/taekwondo\/zh\/"},{"@context":"https:\/\/schema.org","@type":"ListItem","position":2,"name":"Blog","item":"https:\/\/tu11.fi\/taekwondo\/"},{"@context":"https:\/\/schema.org","@type":"ListItem","position":3,"name":"Yleinen Archives   Taekwondourheilijat 2011 | Taekwondoa parhaassa...","item":"https:\/\/tu11.fi\/taekwondo\/zh\/category\/yleinen\/"},{"@context":"https:\/\/schema.org","@type":"ListItem","position":4,"name":"Akrobatia-aiheinen minileiri 26.-27.6.   Taekwondourheilijat 2011...","item":"https:\/\/tu11.fi\/taekwondo\/zh\/2018\/06\/akrobatia-aiheinen-minileiri-26-27-6\/"}]},{"@id":"\/2018\/06\/akrobatia-aiheinen-minileiri-26-27-6\/#sso\/breadcrumb.list\/etusivu","@context":"https:\/\/schema.org","@type":"BreadcrumbList","url":"https:\/\/tu11.fi\/taekwondo\/zh\/2018\/06\/akrobatia-aiheinen-minileiri-26-27-6\/","itemListElement":[{"@context":"https:\/\/schema.org","@type":"ListItem","position":1,"name":"Home","item":"https:\/\/tu11.fi\/taekwondo\/zh\/"},{"@context":"https:\/\/schema.org","@type":"ListItem","position":2,"name":"Blog","item":"https:\/\/tu11.fi\/taekwondo\/"},{"@context":"https:\/\/schema.org","@type":"ListItem","position":3,"name":"Etusivu Archives   Taekwondourheilijat 2011 | Taekwondoa parhaassa...","item":"https:\/\/tu11.fi\/taekwondo\/zh\/category\/etusivu\/"},{"@context":"https:\/\/schema.org","@type":"ListItem","position":4,"name":"Akrobatia-aiheinen minileiri 26.-27.6.   Taekwondourheilijat 2011...","item":"https:\/\/tu11.fi\/taekwondo\/zh\/2018\/06\/akrobatia-aiheinen-minileiri-26-27-6\/"}]},{"@id":"\/2018\/06\/akrobatia-aiheinen-minileiri-26-27-6\/#sso\/breadcrumb.list\/uutiskirje","@context":"https:\/\/schema.org","@type":"BreadcrumbList","url":"https:\/\/tu11.fi\/taekwondo\/zh\/2018\/06\/akrobatia-aiheinen-minileiri-26-27-6\/","itemListElement":[{"@context":"https:\/\/schema.org","@type":"ListItem","position":1,"name":"Home","item":"https:\/\/tu11.fi\/taekwondo\/zh\/"},{"@context":"https:\/\/schema.org","@type":"ListItem","position":2,"name":"Blog","item":"https:\/\/tu11.fi\/taekwondo\/"},{"@context":"https:\/\/schema.org","@type":"ListItem","position":3,"name":"Uutiskirje Archives   Taekwondourheilijat 2011 | Taekwondoa...","item":"https:\/\/tu11.fi\/taekwondo\/zh\/category\/uutiskirje\/"},{"@context":"https:\/\/schema.org","@type":"ListItem","position":4,"name":"Akrobatia-aiheinen minileiri 26.-27.6.   Taekwondourheilijat 2011...","item":"https:\/\/tu11.fi\/taekwondo\/zh\/2018\/06\/akrobatia-aiheinen-minileiri-26-27-6\/"}]}]}],"parts":[["meta","name","generator","content","WPSSO Core 21.13.2\/L*","generator:1"],["meta","name","generator","content","WPSSO RAR 3.3.0\/S","generator:2"],["meta","name","generator","content","WPSSO REST 3.3.0\/S","generator:3"],["meta","name","generator","content","WPSSO BC 5.5.0\/S","generator:4"],["meta","name","generator","content","WPSSO FAQ 7.1.0\/S","generator:5"],["meta","name","generator","content","WPSSO OPM 5.1.0\/S","generator:6"],["meta","name","generator","content","WPSSO SSM 3.4.0\/S","generator:7"],["meta","name","generator","content","WPSSO TIE 4.1.0\/S","generator:8"],["meta","name","generator","content","WPSSO UM 7.3.0\/S","generator:9"],["meta","name","generator","content","WPSSO UL 4.3.0\/S","generator:10"],["link","rel","shortlink","href","https:\/\/tu11.fi\/taekwondo\/zh\/?p=8827",""],["meta","property","fb:app_id","content","966242223397117",""],["meta","property","og:time","content","2026-04-30T21:45:40+00:00",""],["meta","property","og:type","content","article",""],["meta","property","og:url","content","https:\/\/tu11.fi\/taekwondo\/zh\/2018\/06\/akrobatia-aiheinen-minileiri-26-27-6\/",""],["meta","property","og:locale","content","zh_CN",""],["meta","property","og:site_name","content","Taekwondourheilijat 2011 | Taekwondoa parhaassa seurassa | Helsinki | Espoo | Vantaa",""],["meta","property","og:title","content","Akrobatia-aiheinen minileiri 26.-27.6.  &ndash; Taekwondourheilijat 2011...",""],["meta","property","og:description","content","Taekwondourheilijat j&auml;rjest&auml;&auml; juhannuksen j&auml;lkeisell&auml; viikolla akrobatia-aiheisen minileirin 26.-27.6. Ilmoittaudu sin&auml;kin mukaan!",""],["meta","property","og:updated_time","content","2018-06-15T11:52:20+00:00",""],["meta","property","og:image:secure_url","content","https:\/\/tu11.fi\/taekwondo\/wp-content\/uploads\/2013\/08\/bannerista_kuvaksi-1200x630-cropped.jpg","og:image:1"],["meta","property","og:image:url","content","https:\/\/tu11.fi\/taekwondo\/wp-content\/uploads\/2013\/08\/bannerista_kuvaksi-1200x630-cropped.jpg","og:image:1"],["meta","property","og:image","content","https:\/\/tu11.fi\/taekwondo\/wp-content\/uploads\/2013\/08\/bannerista_kuvaksi-1200x630-cropped.jpg","og:image:1"],["meta","property","og:image:width","content","1200","og:image:1"],["meta","property","og:image:height","content","630","og:image:1"],["meta","property","og:image:cropped","content","true","og:image:1"],["meta","property","og:image:id","content","3443","og:image:1"],["meta","property","og:image:alt","content","Aloita taekwondo!","og:image:1"],["meta","property","og:image:size_name","content","wpsso-opengraph","og:image:1"],["meta","name","schema:language","content","zh_CN",""],["meta","name","schema:type:id","content","sports.team",""],["meta","name","schema:type:url","content","https:\/\/schema.org\/SportsTeam",""],["meta","name","schema:type:context","content","https:\/\/schema.org",""],["meta","name","schema:type:name","content","SportsTeam",""],["meta","name","schema:type:path","content","schema.org\/SportsTeam",""],["meta","property","article:section","content","Sport",""],["meta","property","article:author:name","content","Pauli Raivio",""],["meta","property","article:publisher","content","https:\/\/www.facebook.com\/TU11",""],["meta","property","article:published_time","content","2018-06-15T11:52:20+00:00",""],["meta","property","article:modified_time","content","2018-06-15T11:52:20+00:00",""],["meta","property","article:reading_mins","content","0",""],["meta","name","twitter:domain","content","tu11.fi",""],["meta","name","twitter:site","content","@taekwondourh",""],["meta","name","twitter:title","content","Akrobatia-aiheinen minileiri 26.-27.6.  &ndash; Taekwondourheilijat 2011...",""],["meta","name","twitter:description","content","Taekwondourheilijat j&auml;rjest&auml;&auml; juhannuksen j&auml;lkeisell&auml; viikolla akrobatia-aiheisen minileirin 26.-27.6. Ilmoittaudu sin&auml;kin mukaan!",""],["meta","name","twitter:card","content","summary",""],["meta","name","twitter:image","content","https:\/\/tu11.fi\/taekwondo\/wp-content\/uploads\/2023\/04\/petteri_tu11-kopio-5-1200x1200-cropped.jpg",""],["meta","name","twitter:label1","content","Written by",""],["meta","name","twitter:data1","content","Pauli Raivio",""],["meta","name","author","content","Pauli Raivio",""],["meta","name","thumbnail","content","https:\/\/tu11.fi\/taekwondo\/wp-content\/uploads\/2013\/08\/bannerista_kuvaksi-1200x630-cropped.jpg",""]]},"_links":{"self":[{"href":"https:\/\/tu11.fi\/taekwondo\/zh\/wp-json\/wp\/v2\/posts\/8827","targetHints":{"allow":["GET"]}}],"collection":[{"href":"https:\/\/tu11.fi\/taekwondo\/zh\/wp-json\/wp\/v2\/posts"}],"about":[{"href":"https:\/\/tu11.fi\/taekwondo\/zh\/wp-json\/wp\/v2\/types\/post"}],"author":[{"embeddable":true,"href":"https:\/\/tu11.fi\/taekwondo\/zh\/wp-json\/wp\/v2\/users\/7"}],"replies":[{"embeddable":true,"href":"https:\/\/tu11.fi\/taekwondo\/zh\/wp-json\/wp\/v2\/comments?post=8827"}],"version-history":[{"count":0,"href":"https:\/\/tu11.fi\/taekwondo\/zh\/wp-json\/wp\/v2\/posts\/8827\/revisions"}],"wp:featuredmedia":[{"embeddable":true,"href":"https:\/\/tu11.fi\/taekwondo\/zh\/wp-json\/wp\/v2\/media\/3443"}],"wp:attachment":[{"href":"https:\/\/tu11.fi\/taekwondo\/zh\/wp-json\/wp\/v2\/media?parent=8827"}],"wp:term":[{"taxonomy":"category","embeddable":true,"href":"https:\/\/tu11.fi\/taekwondo\/zh\/wp-json\/wp\/v2\/categories?post=8827"},{"taxonomy":"post_tag","embeddable":true,"href":"https:\/\/tu11.fi\/taekwondo\/zh\/wp-json\/wp\/v2\/tags?post=8827"}],"curies":[{"name":"wp","href":"https:\/\/api.w.org\/{rel}","templated":true}]}}